{"id":2503,"date":"2016-08-29T02:46:16","date_gmt":"2016-08-29T02:46:16","guid":{"rendered":"http:\/\/fmriachuelo.com.ar\/ljkjklj\/?p=2503"},"modified":"2016-08-29T02:46:16","modified_gmt":"2016-08-29T02:46:16","slug":"bolivia-asesinan-al-viceministro-del-interior-por-intereses-economicos","status":"publish","type":"post","link":"http:\/\/fmriachuelo.it10.com.ar\/index.php\/2016\/08\/29\/bolivia-asesinan-al-viceministro-del-interior-por-intereses-economicos\/","title":{"rendered":"BOLIVIA: ASESINAN AL VICEMINISTRO DEL INTERIOR POR INTERESES ECON\u00d3MICOS"},"content":{"rendered":"<p style=\"text-align: justify\">\u00bfQui\u00e9nes son y que quieren los cooperativistas que asesinaron a viceministro Illanes?<\/p>\n<p style=\"text-align: justify\">[Por Daniel Mathews\/Resumen Latinoamericano, 26 agosto 2016]\u00a0Bolivia, el mundo entero, ha despertado asombrado de que un grupo de cooperativistas haya asesinado a golpes a Rodolfo Illanes. No importa que sea o no Viceministro del Interior, que lo era. Tampoco que hubiera ido, desarmado, a buscar soluciones al conflicto, tal como ocurri\u00f3. La muerte de una persona a golpes, cualquiera sea su cargo y sus motivaciones, es una clara muestra de la calidad humana de sus torturadores.<\/p>\n<p style=\"text-align: justify\" align=\"JUSTIFY\">El problema es que hay quienes ven en la palabra \u201ccooperativa\u201d una forma de organizaci\u00f3n solidaria de los trabajadores. Evo Morales mismo pens\u00f3 que as\u00ed ser\u00eda, que se podr\u00eda desarrollar una especie de \u201ccapitalismo popular\u201d entregando las minas a las \u201ccooperativas\u201d. Pero capitalismo y popular son palabras que no cuadran entre si. Lo cierto es que las \u201ccooperativas\u201d son empresas, como cualquier otra, con algo de accionariado difundido, pero que explotan trabajadores, inclusive mujeres y ni\u00f1os en el trabajo minero.<\/p>\n<p style=\"text-align: justify\" align=\"JUSTIFY\">La semana pasada los \u201ccooperativistas\u201d tomaron las carreteras de Bolivia con una exigencia: quer\u00edan que les permitan aliarse con transnacionales. La exigencia tiene dos problemas. Uno es pol\u00edtico. El proceso boliviano se ha iniciado para asegurar la soberan\u00eda del pa\u00eds y liberarse de las transnacionales. No se puede permitir que entren por la ventana los que hemos echado por la puerta. El otro es legal. Las \u201ccooperativas\u201d no son due\u00f1as de la mina, son concesionarias, el due\u00f1o es el Estado boliviano. Por lo tanto no pueden compartir una propiedad que no es de ellos.<\/p>\n<p style=\"text-align: justify\" align=\"JUSTIFY\">Ante la arremetida de los \u201ccooperativistas\u201d, que tomaron carreteras, agredieron polic\u00edas, hicieron destrozos con dinamita, el gobierno asumi\u00f3 que era hora de enfrentarlos y apoyarse en los trabajadores. Evo Morales modific\u00f3 la Ley de Cooperativas para permitir que, en aquellas donde haya personal contratado, pueda haber sindicato. Esa reivindicaci\u00f3n m\u00ednima de la clase obrera, con siglos de antig\u00fcedad y reconocida por la OIT, produjo un nuevo levantamiento \u201ccooperativo\u201d.<\/p>\n<p style=\"text-align: justify\" align=\"JUSTIFY\">Tienen un pliego de 24 puntos a cada cual m\u00e1s grosero. A parte de dar paso a las transnacionales y negar el derecho de sindicalizaci\u00f3n a sus trabajadores piden dejar de lado la fiscalizaci\u00f3n por da\u00f1os al medio\u00a0ambiente, entrega de nuevas \u00e1reas de explotaci\u00f3n y cosas por el estilo.<\/p>\n<p style=\"text-align: justify\" align=\"JUSTIFY\">Y la muerte del Viceministro no es su primer acto de violencia. El 23 de agosto el Gobierno decomis\u00f3 dos veh\u00edculos cargados de explosivos;\u00a0aprehendi\u00f3 a 10 mineros \u201ccooperativistas\u201d, adem\u00e1s report\u00f3 que un uniformado fue herido a ra\u00edz de la explosi\u00f3n de una dinamita. El 24 el reportero Anacleto Mollo denuncio ese mismo d\u00eda que un grupo de cooperativistas mineros atac\u00f3 la Radio Andina del pueblo Challuma, en el departamento de Cochabamba, al tiempo de comenzar el bloqueo de la carretera hacia Oruro, y prohibi\u00f3 al personal que transmita esa movilizaci\u00f3n. El 25 fue el secuestro y asesinato del viceministro Illanes. Hay m\u00e1s de 200 polic\u00edas heridos.<\/p>\n<p style=\"text-align: justify\" align=\"JUSTIFY\">Toda esta violencia no es casual. Es parte de una pol\u00edtica que comenz\u00f3 apenas llegado Evo Morales al gobierno con el fin de desestabilizarlo y provocar un gobierno de derecha. Pero lo cierto es que a pesar de todo el gobierno boliviano sigue teniendo un respaldo mayoritario aunque gastado por algunos actos de corrupci\u00f3n. Ser\u00e1 dif\u00edcil para los mineros terminar con el proceso iniciado.<\/p>\n","protected":false},"excerpt":{"rendered":"<p>\u00bfQui\u00e9nes son y que quieren los cooperativistas que asesinaron a viceministro Illanes? [Por Daniel Mathews\/Resumen Latinoamericano, 26 agosto 2016]\u00a0Bolivia, el mundo entero, ha despertado asombrado de que un grupo de cooperativistas haya asesinado a golpes a Rodolfo Illanes. No importa que sea o no Viceministro del Interior, que lo era. Tampoco que hubiera ido, desarmado, [&hellip;]<\/p>\n","protected":false},"author":4,"featured_media":2504,"comment_status":"open","ping_status":"open","sticky":false,"template":"","format":"standard","meta":{"_monsterinsights_skip_tracking":false,"_monsterinsights_sitenote_active":false,"_monsterinsights_sitenote_note":"","_monsterinsights_sitenote_category":0,"jnews-multi-image_gallery":[],"jnews_single_post":[],"jnews_primary_category":[],"_joinchat":[],"footnotes":""},"categories":[76],"tags":[],"class_list":["post-2503","post","type-post","status-publish","format-standard","has-post-thumbnail","hentry","category-salud-comunitaria"],"_links":{"self":[{"href":"http:\/\/fmriachuelo.it10.com.ar\/index.php\/wp-json\/wp\/v2\/posts\/2503","targetHints":{"allow":["GET"]}}],"collection":[{"href":"http:\/\/fmriachuelo.it10.com.ar\/index.php\/wp-json\/wp\/v2\/posts"}],"about":[{"href":"http:\/\/fmriachuelo.it10.com.ar\/index.php\/wp-json\/wp\/v2\/types\/post"}],"author":[{"embeddable":true,"href":"http:\/\/fmriachuelo.it10.com.ar\/index.php\/wp-json\/wp\/v2\/users\/4"}],"replies":[{"embeddable":true,"href":"http:\/\/fmriachuelo.it10.com.ar\/index.php\/wp-json\/wp\/v2\/comments?post=2503"}],"version-history":[{"count":0,"href":"http:\/\/fmriachuelo.it10.com.ar\/index.php\/wp-json\/wp\/v2\/posts\/2503\/revisions"}],"wp:featuredmedia":[{"embeddable":true,"href":"http:\/\/fmriachuelo.it10.com.ar\/index.php\/wp-json\/"}],"wp:attachment":[{"href":"http:\/\/fmriachuelo.it10.com.ar\/index.php\/wp-json\/wp\/v2\/media?parent=2503"}],"wp:term":[{"taxonomy":"category","embeddable":true,"href":"http:\/\/fmriachuelo.it10.com.ar\/index.php\/wp-json\/wp\/v2\/categories?post=2503"},{"taxonomy":"post_tag","embeddable":true,"href":"http:\/\/fmriachuelo.it10.com.ar\/index.php\/wp-json\/wp\/v2\/tags?post=2503"}],"curies":[{"name":"wp","href":"https:\/\/api.w.org\/{rel}","templated":true}]}}