{"id":250,"date":"2015-07-15T01:33:00","date_gmt":"2015-07-15T01:33:00","guid":{"rendered":"http:\/\/fmriachuelo.observatorioess.org.ar\/index.php\/2015\/07\/15\/el-presidente-evo-morales-llega-manana-al-pais\/"},"modified":"2025-04-23T15:48:56","modified_gmt":"2025-04-23T18:48:56","slug":"el-presidente-evo-morales-llega-manana-al-pais","status":"publish","type":"post","link":"http:\/\/fmriachuelo.it10.com.ar\/index.php\/2015\/07\/15\/el-presidente-evo-morales-llega-manana-al-pais\/","title":{"rendered":"EL PRESIDENTE EVO MORALES LLEGA MA\u00d1ANA AL PA\u00cdS"},"content":{"rendered":"<p><span style=\"font-family: Verdana,sans-serif\"><span style=\"color: red;font-size: large\"><b>INAUGURA<span style=\"font-size: large\">CI\u00d3N<\/span> DEL MONUMENTO A JUANA AZURDUY Y OTRAS ACTIVIDADES<\/b><\/span><\/span><\/p>\n<div style=\"clear: both;text-align: center\"><span style=\"font-family: Verdana,sans-serif\"><a href=\"http:\/\/4.bp.blogspot.com\/-kCPT-d-djzw\/VaW31Ms8j-I\/AAAAAAAAFZo\/jL568nMNeIA\/s1600\/juana%2Bazurd.jpg\" style=\"clear: left;float: left;margin-bottom: 1em;margin-right: 1em\"><img decoding=\"async\" border=\"0\" src=\"http:\/\/4.bp.blogspot.com\/-kCPT-d-djzw\/VaW31Ms8j-I\/AAAAAAAAFZo\/jL568nMNeIA\/s1600\/juana%2Bazurd.jpg\" \/><\/a><\/span><\/div>\n<div style=\"text-align: justify\"><span style=\"font-family: Verdana,sans-serif\">Morales arribar\u00e1 este mi\u00e9rcoles poco despu\u00e9s del mediod\u00eda a Buenos Aires, para desarrollar una agenda que incluir\u00e1 la firma de convenios para fortalecer las relaciones entre ambos Estados y, el jueves, un acto con la Central de Trabajadores Argentinos (CTA) en apoyo a la causa boliviana de una salida soberana al mar que reclama ante Chile en tribunales internacionales.<\/span><br \/><a name='more'><\/a><span style=\"font-family: Verdana,sans-serif\">Este mi\u00e9rcoles a las 18 la actividad del mandatario boliviano contemplar\u00e1 la inauguraci\u00f3n del monumento a la hero\u00edna del Alto Per\u00fa detr\u00e1s de la Casa Rosada, junto a la jefa del Estado argentino.<\/span><\/div>\n<p><span style=\"font-family: Verdana,sans-serif\"> La visita de Morales se extender\u00e1 hasta el jueves, d\u00eda en que junto a Cristina viajar\u00e1n a Brasil para participar de una nueva cumbre del Mercosur.<br \/> El monumento a Juana Azurduy fue erguido en el jard\u00edn trasero de la Casa de Gobierno, en el lugar donde estuvo emplazado antes el de Crist\u00f3bal Col\u00f3n, y constituye la estatua en bronce m\u00e1s grande de la Argentina, con 9 metros de altura y 25 toneladas de peso.<br \/>La obra del escultor Andr\u00e9s Zerneri, financiada por el gobierno boliviano, reproduce la imagen de una mujer con una espada en la mano y un beb\u00e9 en la espalda, obra que fue iniciada hace tres a\u00f1os por un equipo de trabajo conformado por 45 personas.<br \/> Est\u00e1 ubicada detr\u00e1s del Sal\u00f3n Mujeres Argentinas y muestra a la mujer militar con su mirada hacia el continente, contrariamente a la estatua de Col\u00f3n, que miraba hacia el R\u00edo de la Plata.<br \/> Juana Azurduy de Padilla naci\u00f3 en Chuquisaca el 12 de julio de 1781, en plena expansi\u00f3n de la rebeli\u00f3n del cacique inca Tupac Amaru contra el Virreynato del Alto Per\u00fa, se cas\u00f3 con Manuel Ascencio Padilla en 1805, y juntos se sumaron a las guerras independientistas que comenzaron en Chuquisaca y La Paz en 1809.<br \/> Con la Revoluci\u00f3n de Mayo en Buenos Aires, los esposos se unieron a partir de 1811 al Ej\u00e9rcito del Norte para combatir a los realistas del Alto Per\u00fa y en 1812, ya con cuatro hijos, ambos se pusieron a las \u00f3rdenes del general Manuel Belgrano, nuevo jefe del Ej\u00e9rcito Auxiliar del Norte, quien le obsequi\u00f3 su sable en reconocimiento y admiraci\u00f3n.<br \/> Ese mismo a\u00f1o, Azurduy fue herida en la batalla de La Laguna y su marido herido de muerte, tras intentar rescatarla.<br \/> Al cambiar la estrategia militar para combatir a los realistas afincados en el Alto Per\u00fa por la ruta chilena, Azurduy se uni\u00f3 a las filas del caudillo salte\u00f1o Miguel de G\u00fcemes, con quien combati\u00f3 hasta su muerte en 1821, quedando Azurduy en la m\u00e1s absoluta miseria.<br \/> Vivi\u00f3 varios a\u00f1os en Salta, solicitando al gobierno boliviano que sus bienes fueran confiscados, en tanto la pensi\u00f3n que le hab\u00eda otorgado el libertador Sim\u00f3n Bol\u00edvar le fue quitada en 1857.<br \/> Muri\u00f3 indigente el 25 de mayo de 1862 cuando estaba por cumplir ochenta y dos a\u00f1os, fue enterrada en una fosa com\u00fan y sus restos fueron exhumados reci\u00e9n cien a\u00f1os despu\u00e9s y depositados en un mausoleo que se construy\u00f3 en su homenaje en la ciudad de Sucre. <\/span><br \/><span style=\"font-family: Verdana,sans-serif\"><span style=\"font-size: x-small\"><span style=\"color: #0b5394\">TELAM\/PRODUCCI\u00d3N RIACHUELO<\/span><\/span><\/span><\/p>\n","protected":false},"excerpt":{"rendered":"<p>INAUGURACI\u00d3N DEL MONUMENTO A JUANA AZURDUY Y OTRAS ACTIVIDADES Morales arribar\u00e1 este mi\u00e9rcoles poco despu\u00e9s del mediod\u00eda a Buenos Aires, para desarrollar una agenda que incluir\u00e1 la firma de convenios para fortalecer las relaciones entre ambos Estados y, el jueves, un acto con la Central de Trabajadores Argentinos (CTA) en apoyo a la causa boliviana [&hellip;]<\/p>\n","protected":false},"author":4,"featured_media":0,"comment_status":"open","ping_status":"open","sticky":false,"template":"","format":"standard","meta":{"_monsterinsights_skip_tracking":false,"_monsterinsights_sitenote_active":false,"_monsterinsights_sitenote_note":"","_monsterinsights_sitenote_category":0,"jnews-multi-image_gallery":[],"jnews_single_post":{"format":"standard"},"jnews_primary_category":[],"_joinchat":[],"footnotes":""},"categories":[58],"tags":[174,70,167],"class_list":["post-250","post","type-post","status-publish","format-standard","hentry","category-noticiariachuelo","tag-cultura-originaria","tag-de-la-patria-grande","tag-politica-internacional"],"_links":{"self":[{"href":"http:\/\/fmriachuelo.it10.com.ar\/index.php\/wp-json\/wp\/v2\/posts\/250","targetHints":{"allow":["GET"]}}],"collection":[{"href":"http:\/\/fmriachuelo.it10.com.ar\/index.php\/wp-json\/wp\/v2\/posts"}],"about":[{"href":"http:\/\/fmriachuelo.it10.com.ar\/index.php\/wp-json\/wp\/v2\/types\/post"}],"author":[{"embeddable":true,"href":"http:\/\/fmriachuelo.it10.com.ar\/index.php\/wp-json\/wp\/v2\/users\/4"}],"replies":[{"embeddable":true,"href":"http:\/\/fmriachuelo.it10.com.ar\/index.php\/wp-json\/wp\/v2\/comments?post=250"}],"version-history":[{"count":1,"href":"http:\/\/fmriachuelo.it10.com.ar\/index.php\/wp-json\/wp\/v2\/posts\/250\/revisions"}],"predecessor-version":[{"id":23771,"href":"http:\/\/fmriachuelo.it10.com.ar\/index.php\/wp-json\/wp\/v2\/posts\/250\/revisions\/23771"}],"wp:attachment":[{"href":"http:\/\/fmriachuelo.it10.com.ar\/index.php\/wp-json\/wp\/v2\/media?parent=250"}],"wp:term":[{"taxonomy":"category","embeddable":true,"href":"http:\/\/fmriachuelo.it10.com.ar\/index.php\/wp-json\/wp\/v2\/categories?post=250"},{"taxonomy":"post_tag","embeddable":true,"href":"http:\/\/fmriachuelo.it10.com.ar\/index.php\/wp-json\/wp\/v2\/tags?post=250"}],"curies":[{"name":"wp","href":"https:\/\/api.w.org\/{rel}","templated":true}]}}