{"id":2498,"date":"2016-08-26T13:25:30","date_gmt":"2016-08-26T13:25:30","guid":{"rendered":"http:\/\/fmriachuelo.com.ar\/ljkjklj\/?p=2498"},"modified":"2016-08-26T13:25:30","modified_gmt":"2016-08-26T13:25:30","slug":"movimientos-populares-en-el-senado-por-ley-de-emergencia-social","status":"publish","type":"post","link":"http:\/\/fmriachuelo.it10.com.ar\/index.php\/2016\/08\/26\/movimientos-populares-en-el-senado-por-ley-de-emergencia-social\/","title":{"rendered":"MOVIMIENTOS POPULARES EN EL SENADO: POR LEY DE EMERGENCIA SOCIAL"},"content":{"rendered":"<p style=\"text-align: justify\">[CTEP 24\/08\/16]\u00a0El Sal\u00f3n Azul de la C\u00e1mara de Senadores de la Naci\u00f3n fue el lugar donde se dieron cita referentes y militantes de las organizaciones CTEP, CCC y Barrios de Pie, para reclamar la sanci\u00f3n de una ley que declara la \u201cEmergencia Social\u201d y crea el \u201cSalario Universal Complementario\u201d, norma que comprende la creaci\u00f3n de m\u00e1s de 2 millones y medios de puestos de trabajo.<\/p>\n<p style=\"text-align: justify\">\u201cLos trabajadores de la econom\u00eda popular tuvimos la posibilidad de expresar en este recinto los problemas concretos que estamos sufriendo como consecuencia de un plan de ajuste y transferencia de recursos a los sectores m\u00e1s concentrados de la econom\u00eda. Adem\u00e1s hay un proceso represivo a trabajadores de la v\u00eda p\u00fablica, a los jubilados en Puente Pueyrred\u00f3n; y hasta hoy hubo una nueva represi\u00f3n. Existe una contradicci\u00f3n entre un sistema pol\u00edtico y econ\u00f3mico que nos va dejando sin trabajo, y el hecho de que los que nos creamos nuestro trabajo somos constantemente reprimidos por las fuerzas policiales, pero por una decisi\u00f3n pol\u00edtica. Entonces lo que proponemos es una estrategia que va a solucionar este problema concretamente: la ley que comprende la declaraci\u00f3n de la Emergencia Social y la creaci\u00f3n del Salario Universal Complementario\u201d, expres\u00f3 el Secretario General de la CTEP, Esteban \u201cGringo\u201d Castro.<\/p>\n<p style=\"text-align: justify\">Cabe destacar que las tres organizaciones convocantes del encuentro, protagonizaron recientemente una masiva movilizaci\u00f3n de m\u00e1s de 100 mil trabajadores el pasado 7 de Agosto, D\u00eda de San Cayetano, la cual recorri\u00f3 13 kil\u00f3metros desde el Santuario del patrono del trabajo, en Liniers, hasta la hist\u00f3rica Plaza de Mayo. Adem\u00e1s, la manifestaci\u00f3n cont\u00f3 con la participaci\u00f3n de gremios enrolados en la CGT y las dos CTA. \u201cDespu\u00e9s del 7 de Agosto, y con esta reuni\u00f3n que tuvo una importante cantidad de legisladores nacionales y provinciales y la presencia de los compa\u00f1eros que representan a las tres organizaciones, tenemos una enorme fuerza en la continuidad de esta lucha por la Emergencia Social, para que se cree un comit\u00e9 de crisis y que se lleve a 2 millones y medio los programas Argentina Trabaja, adem\u00e1s de que se nacionalice. Tambi\u00e9n nos vamos a reunir con funcionarios nacionales <span id=\"yiv9277624694yui_3_16_0_1_1472083755102_13396\">y proponemos una estrategia de lucha que de respuesta a estos grav\u00edsimos problemas que tenemos<\/span>\u201c, dijo Amancay \u201cchiquito\u201d Ardura de la CCC, Corriente Clasista y Combativa.<\/p>\n<p style=\"text-align: justify\">En tanto que Daniel Men\u00e9ndez, coordinador nacional de Barrios de Pie, hizo hincapi\u00e9 \u201cen la dificultad que atraviesan por este momento las familias pobres, hay un aumento de la pobreza y se necesita asistencia alimentaria.Necesitamos construir una agenda de los humildes y no s\u00f3lo cuestionar, sino avanzar con la declaraci\u00f3n de la Emergencia Social. Buscamos un consenso entre empresarios, sectores religiosos, y todos aquellos que entiendan la urgencia de tener pol\u00edticas para los sectores m\u00e1s humildes\u201d.<\/p>\n<p style=\"text-align: justify\">Desde las organizaciones populares tambi\u00e9n tomaron la palabra Jackelina Flores, de la Federaci\u00f3n de Cartoneros y Recicladores; Elena Hanono, del Partido del trabajo y del Pueblo; Soledad Almada, de la V\u00eda Campesina; Gildo Onorato, Movimiento Evita; Jos\u00e9 Oscari, Barrios de Pie y Luciano Nardulli, del Movimiento Independiente de Jubilados y Pensionados.<\/p>\n<p style=\"text-align: justify\">Estuvieron presentes legisladores de distintos bloques parlamentarios; los senadores Miguel \u00c1ngel Pichetto, Juan Manuel Abal Medina, Teresita Luna, Jaime Linares, Jos\u00e9 Miguel \u00c1ngel Mayans, Ruperto Godoy, Juan Manuel Irrazabal, Omar Perotti, Graciela De La Rosa, Alfredo Luenzo, Sigrid Kunath y Fernando \u201cPino\u201d Solanas; los diputados nacionales Leonardo Grosso, Remo Carlotto, Lucila De Ponti, Araceli Ferreyra, Andr\u00e9s Guzman, Victoria Donda, Federico Masso, Graciela Cousinet, Alcida Argumedo, Daniela Castro, Jorge Barreto, Carolina Gaillard, Lautaro Gervesoni, Cristina \u00c1lvarez Rodr\u00edguez, Silvina Frana, Juan Manuel Pedrini; y los diputados provinciales Fernando Navarro, Gustavo Di Marzio y Patricia Cubria.<\/p>\n","protected":false},"excerpt":{"rendered":"<p>[CTEP 24\/08\/16]\u00a0El Sal\u00f3n Azul de la C\u00e1mara de Senadores de la Naci\u00f3n fue el lugar donde se dieron cita referentes y militantes de las organizaciones CTEP, CCC y Barrios de Pie, para reclamar la sanci\u00f3n de una ley que declara la \u201cEmergencia Social\u201d y crea el \u201cSalario Universal Complementario\u201d, norma que comprende la creaci\u00f3n de [&hellip;]<\/p>\n","protected":false},"author":4,"featured_media":2499,"comment_status":"open","ping_status":"open","sticky":false,"template":"","format":"standard","meta":{"_monsterinsights_skip_tracking":false,"_monsterinsights_sitenote_active":false,"_monsterinsights_sitenote_note":"","_monsterinsights_sitenote_category":0,"jnews-multi-image_gallery":[],"jnews_single_post":[],"jnews_primary_category":[],"_joinchat":[],"footnotes":""},"categories":[76],"tags":[],"class_list":["post-2498","post","type-post","status-publish","format-standard","has-post-thumbnail","hentry","category-salud-comunitaria"],"_links":{"self":[{"href":"http:\/\/fmriachuelo.it10.com.ar\/index.php\/wp-json\/wp\/v2\/posts\/2498","targetHints":{"allow":["GET"]}}],"collection":[{"href":"http:\/\/fmriachuelo.it10.com.ar\/index.php\/wp-json\/wp\/v2\/posts"}],"about":[{"href":"http:\/\/fmriachuelo.it10.com.ar\/index.php\/wp-json\/wp\/v2\/types\/post"}],"author":[{"embeddable":true,"href":"http:\/\/fmriachuelo.it10.com.ar\/index.php\/wp-json\/wp\/v2\/users\/4"}],"replies":[{"embeddable":true,"href":"http:\/\/fmriachuelo.it10.com.ar\/index.php\/wp-json\/wp\/v2\/comments?post=2498"}],"version-history":[{"count":0,"href":"http:\/\/fmriachuelo.it10.com.ar\/index.php\/wp-json\/wp\/v2\/posts\/2498\/revisions"}],"wp:featuredmedia":[{"embeddable":true,"href":"http:\/\/fmriachuelo.it10.com.ar\/index.php\/wp-json\/"}],"wp:attachment":[{"href":"http:\/\/fmriachuelo.it10.com.ar\/index.php\/wp-json\/wp\/v2\/media?parent=2498"}],"wp:term":[{"taxonomy":"category","embeddable":true,"href":"http:\/\/fmriachuelo.it10.com.ar\/index.php\/wp-json\/wp\/v2\/categories?post=2498"},{"taxonomy":"post_tag","embeddable":true,"href":"http:\/\/fmriachuelo.it10.com.ar\/index.php\/wp-json\/wp\/v2\/tags?post=2498"}],"curies":[{"name":"wp","href":"https:\/\/api.w.org\/{rel}","templated":true}]}}