{"id":2495,"date":"2016-08-25T17:39:55","date_gmt":"2016-08-25T17:39:55","guid":{"rendered":"http:\/\/fmriachuelo.com.ar\/ljkjklj\/?p=2495"},"modified":"2016-08-25T17:39:55","modified_gmt":"2016-08-25T17:39:55","slug":"trabajadores-del-puente-nicolas-avellaneda-en-unidad-en-defensa-del-trabajo","status":"publish","type":"post","link":"http:\/\/fmriachuelo.it10.com.ar\/index.php\/2016\/08\/25\/trabajadores-del-puente-nicolas-avellaneda-en-unidad-en-defensa-del-trabajo\/","title":{"rendered":"TRABAJADORES DEL PUENTE NICOL\u00c1S AVELLANEDA: EN UNIDAD, EN DEFENSA DEL TRABAJO"},"content":{"rendered":"<p style=\"text-align: justify\">[FMR 25\/08\/16] eN En el d\u00eda de ayer los trabajadores del Puente Nicol\u00e1s Avellaneda llevaron adelante una jornada de protesta, en unidad y contra la reducci\u00f3n de los puestos de trabajo. Una lucha que se nuclea\u00a0en\u00a0la <strong>Mesa de Recuperaci\u00f3n del Puente Nicol\u00e1s Avellaneda<\/strong> donde las diversas organizaciones se encoluman para luchar. \u00a0Los trabajadores\u00a0marcharon hacia la Casa Nacional de Vialidad ubicada en Belgrano y Diagonal Sur, para defender la fuente de trabajo y protestar por los despidos que se vienen sucediendo. Una lucha que se destaca por la unidad de los trabajadores representados por distintos sindicatos para defender lo conquistado.<\/p>\n<p style=\"text-align: justify\">Escuch\u00e1 la nota\u00a0completa,\u00a0<span style=\"color: #000000\">realizada\u00a0<\/span>en <strong><span style=\"color: #ff0000\">Romp\u00e9 el Cerco Informativo<\/span><\/strong>\u00a0(L a V 18 hs.), \u00a0con una de las trabajadoras, <strong>\u00a0La Negra Cano<\/strong>, \u00a0y <strong>Graciela Ale\u00f1a<\/strong>, secretaria adjunta del STVyARA (Sindicato de Trabajadores Viales).<\/p>\n<p style=\"text-align: justify\">Los trabajadores vienen denunciando la realizaci\u00f3n de despidos arbitrarios, sin el sumario correspondiente, lo que implica una medida sin justificaci\u00f3n y contrario a la normativa vigente.<\/p>\n<p style=\"text-align: justify\">Recordamos que hace 8 a\u00f1os, la acci\u00f3n decidida de los vecinos y organizaciones de la zona de La Boca y la Isla Maciel recuperaron el puente <strong>Nicol\u00e1s Avellaneda<\/strong> y conquistaron\u00a0una importante fuente de trabajo que tuvo gran incidencia en la actividad de la zona.<\/p>\n<p style=\"text-align: justify\">En 1960, a 50 a\u00f1os de su inauguraci\u00f3n, el puente hab\u00eda sido desactivado y puesto en desuso. En 1994, tras haberse ordenado su desarme para venderse como chatarra, los vecinos junto con los legisladores porte\u00f1os, impidieron su desaparici\u00f3n, reconociendo su importancia patrimonial y emblem\u00e1tica para el barrio.<\/p>\n<p>&nbsp;<\/p>\n<p>&nbsp;<\/p>\n","protected":false},"excerpt":{"rendered":"<p>[FMR 25\/08\/16] eN En el d\u00eda de ayer los trabajadores del Puente Nicol\u00e1s Avellaneda llevaron adelante una jornada de protesta, en unidad y contra la reducci\u00f3n de los puestos de trabajo. Una lucha que se nuclea\u00a0en\u00a0la Mesa de Recuperaci\u00f3n del Puente Nicol\u00e1s Avellaneda donde las diversas organizaciones se encoluman para luchar. \u00a0Los trabajadores\u00a0marcharon hacia la [&hellip;]<\/p>\n","protected":false},"author":4,"featured_media":2496,"comment_status":"open","ping_status":"open","sticky":false,"template":"","format":"standard","meta":{"_monsterinsights_skip_tracking":false,"_monsterinsights_sitenote_active":false,"_monsterinsights_sitenote_note":"","_monsterinsights_sitenote_category":0,"jnews-multi-image_gallery":[],"jnews_single_post":[],"jnews_primary_category":[],"_joinchat":[],"footnotes":""},"categories":[76],"tags":[],"class_list":["post-2495","post","type-post","status-publish","format-standard","has-post-thumbnail","hentry","category-salud-comunitaria"],"_links":{"self":[{"href":"http:\/\/fmriachuelo.it10.com.ar\/index.php\/wp-json\/wp\/v2\/posts\/2495","targetHints":{"allow":["GET"]}}],"collection":[{"href":"http:\/\/fmriachuelo.it10.com.ar\/index.php\/wp-json\/wp\/v2\/posts"}],"about":[{"href":"http:\/\/fmriachuelo.it10.com.ar\/index.php\/wp-json\/wp\/v2\/types\/post"}],"author":[{"embeddable":true,"href":"http:\/\/fmriachuelo.it10.com.ar\/index.php\/wp-json\/wp\/v2\/users\/4"}],"replies":[{"embeddable":true,"href":"http:\/\/fmriachuelo.it10.com.ar\/index.php\/wp-json\/wp\/v2\/comments?post=2495"}],"version-history":[{"count":0,"href":"http:\/\/fmriachuelo.it10.com.ar\/index.php\/wp-json\/wp\/v2\/posts\/2495\/revisions"}],"wp:featuredmedia":[{"embeddable":true,"href":"http:\/\/fmriachuelo.it10.com.ar\/index.php\/wp-json\/"}],"wp:attachment":[{"href":"http:\/\/fmriachuelo.it10.com.ar\/index.php\/wp-json\/wp\/v2\/media?parent=2495"}],"wp:term":[{"taxonomy":"category","embeddable":true,"href":"http:\/\/fmriachuelo.it10.com.ar\/index.php\/wp-json\/wp\/v2\/categories?post=2495"},{"taxonomy":"post_tag","embeddable":true,"href":"http:\/\/fmriachuelo.it10.com.ar\/index.php\/wp-json\/wp\/v2\/tags?post=2495"}],"curies":[{"name":"wp","href":"https:\/\/api.w.org\/{rel}","templated":true}]}}