{"id":249,"date":"2015-07-15T13:03:00","date_gmt":"2015-07-15T13:03:00","guid":{"rendered":"http:\/\/fmriachuelo.observatorioess.org.ar\/index.php\/2015\/07\/15\/universidad-nacional-de-avellaneda-radio-grafica-y-fm-riachuelo\/"},"modified":"2025-04-23T15:52:48","modified_gmt":"2025-04-23T18:52:48","slug":"universidad-nacional-de-avellaneda-radio-grafica-y-fm-riachuelo","status":"publish","type":"post","link":"http:\/\/fmriachuelo.it10.com.ar\/index.php\/2015\/07\/15\/universidad-nacional-de-avellaneda-radio-grafica-y-fm-riachuelo\/","title":{"rendered":"UNIVERSIDAD NACIONAL DE AVELLANEDA, RADIO GR\u00c1FICA Y FM RIACHUELO"},"content":{"rendered":"<p><span style=\"font-family: Verdana,sans-serif\"><span style=\"font-size: small\"><a href=\"https:\/\/4.bp.blogspot.com\/-dUgsDWluoWQ\/VaZVkyFulII\/AAAAAAAAFZ8\/8dh22PeqTE0\/s1600\/UNDAV.png\" style=\"clear: left;float: left;margin-bottom: 1em;margin-right: 1em\"><img decoding=\"async\" border=\"0\" src=\"http:\/\/4.bp.blogspot.com\/-dUgsDWluoWQ\/VaZVkyFulII\/AAAAAAAAFZ8\/8dh22PeqTE0\/s1600\/UNDAV.png\" \/><\/a><span style=\"color: red;font-size: large\"><b>PRIMER FORO UNIVERSIDAD Y COMUNICACI\u00d3N POPULAR<\/b><\/span><\/span><\/span><br \/><b style=\"font-family: Verdana, sans-serif\"><span style=\"color: black\">Ac\u00e1 podes escuchar las palabras de: <a href=\"http:\/\/www.mediafire.com\/listen\/bdhuqc2hi3aq4p1\/07-14-2015_-_ENT._A_LUIS_L%C3%81ZARO_-_DOCENTE_DE_DERECHO_A_LA_COMUNICACI%C3%93N_-_UNDAV_-__COMITE_ORG._DEL_FORO_UNIV._Y_COMUNICACI%C3%93N_POPULAR.mp3\"><span style=\"color: blue\">LUIS LAZARO<\/span><\/a>&nbsp;, docente de la UNDAV sobre el encuentro.<\/span><\/b><br \/><a href=\"https:\/\/1.bp.blogspot.com\/-FuWHiD88B4Y\/VaZVtA0KbVI\/AAAAAAAAFaE\/FusFj5sTG8E\/s1600\/logo%2Briachuelo.png\" style=\"clear: left;float: left;margin-bottom: 1em;margin-right: 1em\"><img loading=\"lazy\" decoding=\"async\" border=\"0\" height=\"46\" src=\"http:\/\/1.bp.blogspot.com\/-FuWHiD88B4Y\/VaZVtA0KbVI\/AAAAAAAAFaE\/FusFj5sTG8E\/s200\/logo%2Briachuelo.png\" width=\"200\" \/><\/a><span style=\"font-family: Verdana,sans-serif\"><span style=\"font-size: small\"><a href=\"http:\/\/2.bp.blogspot.com\/-3R6ifHtb4qQ\/VaZV-C8vnjI\/AAAAAAAAFaM\/0XiulQck4g8\/s1600\/radio%2Bgr%25C3%25A1fica.gif\" style=\"clear: left;float: left;margin-bottom: 1em;margin-right: 1em\"><img decoding=\"async\" border=\"0\" src=\"http:\/\/2.bp.blogspot.com\/-3R6ifHtb4qQ\/VaZV-C8vnjI\/AAAAAAAAFaM\/0XiulQck4g8\/s1600\/radio%2Bgr%25C3%25A1fica.gif\" \/><\/a><span style=\"color: red\"><span style=\"color: black\">La Universidad Nacional de Avellaneda convoca a estudiantes y docentes de carreras de:&nbsp;Periodismo y Comunicaci\u00f3n, organizaciones sociales, instituciones, medios comunitarios, populares o alternativos, comunicadores\/as, periodistas, sindicatos, y a la comunidad en general a participar del&nbsp;Primer Foro Universidad y Comunicaci\u00f3n Popular, con el objetivo de aportar en conjunto a la&nbsp;consolidaci\u00f3n y profundizaci\u00f3n de un nuevo modelo y mapa de la comunicaci\u00f3n, exigido por la Ley&nbsp;26.522 de Servicios de Comunicaci\u00f3n Audiovisual (LSCA). <\/span><\/span><\/span><\/span><br \/><span style=\"font-family: Verdana,sans-serif\"><span style=\"font-size: small\">S\u00e1bado 18 de Julio de 9 hs a 17hs. en la&nbsp;<\/span><\/span><span style=\"font-family: Verdana, sans-serif\">Universidad Nacional de Avellaneda \u2013 Sede Espa\u00f1a, ubicada en Espa\u00f1a&nbsp;<\/span><span style=\"font-family: Verdana, sans-serif\">N\u00b0350 esquina Col\u00f3n. Ciudad de Avellaneda.<\/span><br \/><a name='more'><\/a><span style=\"font-family: Verdana, sans-serif\">El Foro estar\u00e1 organizado en distintos talleres a partir de los siguientes ejes:<\/span><br \/><span style=\"font-family: Verdana,sans-serif\"><span style=\"font-size: small\">1. Medios populares: LSCA y sostenibilidad.<br \/>2. Generaci\u00f3n de contenidos, agenda y trabajo en red.<br \/>3. Los medios populares y la universidad: la curr\u00edcula y la formaci\u00f3n; distintas experiencias de articulaci\u00f3n entre universidad y organizaciones.<br \/>&nbsp;Para participar del Foro las\/os interesadas\/os deben inscribirse enviando un mail a la<\/span><\/span><br \/><span style=\"font-family: Verdana,sans-serif\"><span style=\"font-size: small\">direcci\u00f3n de correo que se detalla m\u00e1s adelante con los siguientes datos: Nombre y apellido \/ DNI \/Instituci\u00f3n, Medio u organizaci\u00f3n a la que pertenece \/ Correo electr\u00f3nico \/ Tel\u00e9fono de contacto. No se debe enviar ning\u00fan documento\/ponencia\/escrito.<br \/>Las organizaciones e instituciones que deseen adherir al Foro deber\u00e1n enviar<br \/>un mail a <a href=\"mailto:forocomunicacionpopular@undav.edu.ar\">forocomunicacionpopular@undav.edu.ar<\/a> adjuntando logos.<\/span><\/span><br \/><span style=\"font-family: Verdana,sans-serif\"><span style=\"font-size: small\"><br \/><\/span><\/span><span style=\"font-family: Verdana,sans-serif\"><span style=\"font-size: small\"><b>CRONOGRAMA<\/b><\/span><\/span><\/p>\n<div align=\"LEFT\"><span style=\"font-family: Verdana,sans-serif\"><span style=\"font-size: small\">9 hs \u2013 Acreditaci\u00f3n<\/span><\/span><\/div>\n<div align=\"LEFT\"><span style=\"font-family: Verdana,sans-serif\"><span style=\"font-size: small\">10 hs &#8211; Apertura<\/span><\/span><\/div>\n<div align=\"LEFT\">\n<div style=\"clear: both;text-align: left\"><span style=\"font-family: Verdana,sans-serif\"><span style=\"font-size: small\">11 hs \u2013 Tres Paneles en simult\u00e1neo \/ Desarrollo de Talleres\ufeff<\/span><\/span><\/div>\n<\/div>\n<div align=\"LEFT\"><span style=\"font-family: Verdana,sans-serif\"><span style=\"font-size: small\">14 hs \u2013 Receso<\/span><\/span><\/div>\n<p><span style=\"font-family: Verdana,sans-serif\"><span style=\"font-size: small\">15 hs \u2013 Cierre: Discusi\u00f3n plenaria&nbsp;<\/span><\/span><\/p>\n<div align=\"LEFT\"><span style=\"font-family: Verdana,sans-serif\"><span style=\"font-size: x-small\"><b>Organiza: <\/b>Secretar\u00eda de Extensi\u00f3n Universitaria<\/span><\/span><\/div>\n<p><span style=\"font-family: Verdana,sans-serif\"><span style=\"font-size: x-small\">Departamento Transversal de Comunicaci\u00f3n y Tecnolog\u00edas de la Informaci\u00f3n<\/span><\/span><br \/><span style=\"font-family: Verdana,sans-serif\"><span style=\"font-size: x-small\"><b>Convocan:<\/b><span style=\"font-size: x-small\"> <\/span>Fm Riachuelo, Radio Gr\u00e1fica, C\u00edtrica, Radio Asamblea, RedComSur<\/span><\/span><br \/><span style=\"font-family: Verdana,sans-serif\"><span style=\"font-size: small\"><span style=\"font-size: x-small\"><b><span style=\"color: #0b5394\">UNDAV\/PRODUCCI\u00d3N RIACHUELO <\/span><\/b><\/span><\/span><\/span><br \/><span style=\"font-family: Verdana,sans-serif\"><span style=\"font-size: small\"><b><\/b><\/span><\/span><\/p>\n","protected":false},"excerpt":{"rendered":"<p>PRIMER FORO UNIVERSIDAD Y COMUNICACI\u00d3N POPULARAc\u00e1 podes escuchar las palabras de: LUIS LAZARO&nbsp;, docente de la UNDAV sobre el encuentro.La Universidad Nacional de Avellaneda convoca a estudiantes y docentes de carreras de:&nbsp;Periodismo y Comunicaci\u00f3n, organizaciones sociales, instituciones, medios comunitarios, populares o alternativos, comunicadores\/as, periodistas, sindicatos, y a la comunidad en general a participar del&nbsp;Primer Foro [&hellip;]<\/p>\n","protected":false},"author":4,"featured_media":0,"comment_status":"open","ping_status":"open","sticky":false,"template":"","format":"standard","meta":{"_monsterinsights_skip_tracking":false,"_monsterinsights_sitenote_active":false,"_monsterinsights_sitenote_note":"","_monsterinsights_sitenote_category":0,"jnews-multi-image_gallery":[],"jnews_single_post":{"format":"standard"},"jnews_primary_category":[],"_joinchat":[],"footnotes":""},"categories":[58],"tags":[108],"class_list":["post-249","post","type-post","status-publish","format-standard","hentry","category-noticiariachuelo","tag-comunicacion-popular"],"_links":{"self":[{"href":"http:\/\/fmriachuelo.it10.com.ar\/index.php\/wp-json\/wp\/v2\/posts\/249","targetHints":{"allow":["GET"]}}],"collection":[{"href":"http:\/\/fmriachuelo.it10.com.ar\/index.php\/wp-json\/wp\/v2\/posts"}],"about":[{"href":"http:\/\/fmriachuelo.it10.com.ar\/index.php\/wp-json\/wp\/v2\/types\/post"}],"author":[{"embeddable":true,"href":"http:\/\/fmriachuelo.it10.com.ar\/index.php\/wp-json\/wp\/v2\/users\/4"}],"replies":[{"embeddable":true,"href":"http:\/\/fmriachuelo.it10.com.ar\/index.php\/wp-json\/wp\/v2\/comments?post=249"}],"version-history":[{"count":1,"href":"http:\/\/fmriachuelo.it10.com.ar\/index.php\/wp-json\/wp\/v2\/posts\/249\/revisions"}],"predecessor-version":[{"id":23773,"href":"http:\/\/fmriachuelo.it10.com.ar\/index.php\/wp-json\/wp\/v2\/posts\/249\/revisions\/23773"}],"wp:attachment":[{"href":"http:\/\/fmriachuelo.it10.com.ar\/index.php\/wp-json\/wp\/v2\/media?parent=249"}],"wp:term":[{"taxonomy":"category","embeddable":true,"href":"http:\/\/fmriachuelo.it10.com.ar\/index.php\/wp-json\/wp\/v2\/categories?post=249"},{"taxonomy":"post_tag","embeddable":true,"href":"http:\/\/fmriachuelo.it10.com.ar\/index.php\/wp-json\/wp\/v2\/tags?post=249"}],"curies":[{"name":"wp","href":"https:\/\/api.w.org\/{rel}","templated":true}]}}