{"id":2485,"date":"2016-08-24T14:55:39","date_gmt":"2016-08-24T14:55:39","guid":{"rendered":"http:\/\/fmriachuelo.com.ar\/ljkjklj\/?p=2485"},"modified":"2016-08-24T14:55:39","modified_gmt":"2016-08-24T14:55:39","slug":"congreso-de-la-cgt-hacia-la-unidad","status":"publish","type":"post","link":"http:\/\/fmriachuelo.it10.com.ar\/index.php\/2016\/08\/24\/congreso-de-la-cgt-hacia-la-unidad\/","title":{"rendered":"CONGRESO DE LA CGT: UNIDAD, DISIDENCIAS Y AUSENCIAS"},"content":{"rendered":"<p style=\"text-align: justify\">[FMR 24\/08\/16] El pasado lunes 22 de agosto se realiz\u00f3 en el Congreso de la Confederaci\u00f3n General de Trabajadores, CGT, con la participaci\u00f3n mayoritaria de los gremios de las diferentes centrales sindicales. El Congreso culmin\u00f3 con la unificaci\u00f3n de las centrales en una conducci\u00f3n colegiada que representa a las centrales gremiales. En medio de las deliberaciones se destac\u00f3 la alocusi\u00f3n del representante de la gremial Bancaria, Palazzo, que en disidencia y con cr\u00edticas a la falta de medidas concretas de acci\u00f3n directa que incluyan al campo de los trabajadores en su conjunto, que decidi\u00f3 retirarse del Congreso, afirmando que eso no significa el alejamiento\u00a0de la CGT. Tambi\u00e9n estuvieron ausentes algunos gremios, que no participaron en el confederal.<\/p>\n<p style=\"text-align: justify\">Entrevistamos al dirigente gremial Esteban \u00abGringo\u00bb Castro, secretario general del la Confederaci\u00f3n de Trabajadores de la Econom\u00eda Popular, que hizo una extensa reflexi\u00f3n respecto de la situaci\u00f3n de los trabajadores, en donde est\u00e1n incluidos los trabajadores de la econom\u00eda popular.<\/p>\n<p style=\"text-align: justify\">Escuch\u00e1 la entrevista completa a continuaci\u00f3n:<\/p>\n","protected":false},"excerpt":{"rendered":"<p>[FMR 24\/08\/16] El pasado lunes 22 de agosto se realiz\u00f3 en el Congreso de la Confederaci\u00f3n General de Trabajadores, CGT, con la participaci\u00f3n mayoritaria de los gremios de las diferentes centrales sindicales. El Congreso culmin\u00f3 con la unificaci\u00f3n de las centrales en una conducci\u00f3n colegiada que representa a las centrales gremiales. En medio de las [&hellip;]<\/p>\n","protected":false},"author":4,"featured_media":2486,"comment_status":"open","ping_status":"open","sticky":false,"template":"","format":"standard","meta":{"_monsterinsights_skip_tracking":false,"_monsterinsights_sitenote_active":false,"_monsterinsights_sitenote_note":"","_monsterinsights_sitenote_category":0,"jnews-multi-image_gallery":[],"jnews_single_post":[],"jnews_primary_category":[],"_joinchat":[],"footnotes":""},"categories":[76,75],"tags":[],"class_list":["post-2485","post","type-post","status-publish","format-standard","has-post-thumbnail","hentry","category-salud-comunitaria","category-trabajo"],"_links":{"self":[{"href":"http:\/\/fmriachuelo.it10.com.ar\/index.php\/wp-json\/wp\/v2\/posts\/2485","targetHints":{"allow":["GET"]}}],"collection":[{"href":"http:\/\/fmriachuelo.it10.com.ar\/index.php\/wp-json\/wp\/v2\/posts"}],"about":[{"href":"http:\/\/fmriachuelo.it10.com.ar\/index.php\/wp-json\/wp\/v2\/types\/post"}],"author":[{"embeddable":true,"href":"http:\/\/fmriachuelo.it10.com.ar\/index.php\/wp-json\/wp\/v2\/users\/4"}],"replies":[{"embeddable":true,"href":"http:\/\/fmriachuelo.it10.com.ar\/index.php\/wp-json\/wp\/v2\/comments?post=2485"}],"version-history":[{"count":0,"href":"http:\/\/fmriachuelo.it10.com.ar\/index.php\/wp-json\/wp\/v2\/posts\/2485\/revisions"}],"wp:featuredmedia":[{"embeddable":true,"href":"http:\/\/fmriachuelo.it10.com.ar\/index.php\/wp-json\/"}],"wp:attachment":[{"href":"http:\/\/fmriachuelo.it10.com.ar\/index.php\/wp-json\/wp\/v2\/media?parent=2485"}],"wp:term":[{"taxonomy":"category","embeddable":true,"href":"http:\/\/fmriachuelo.it10.com.ar\/index.php\/wp-json\/wp\/v2\/categories?post=2485"},{"taxonomy":"post_tag","embeddable":true,"href":"http:\/\/fmriachuelo.it10.com.ar\/index.php\/wp-json\/wp\/v2\/tags?post=2485"}],"curies":[{"name":"wp","href":"https:\/\/api.w.org\/{rel}","templated":true}]}}