{"id":2464,"date":"2016-08-22T02:30:55","date_gmt":"2016-08-22T02:30:55","guid":{"rendered":"http:\/\/fmriachuelo.com.ar\/ljkjklj\/?p=2464"},"modified":"2016-08-22T02:30:55","modified_gmt":"2016-08-22T02:30:55","slug":"22-de-agosto-aniversario-de-la-masacre-de-trelew","status":"publish","type":"post","link":"http:\/\/fmriachuelo.it10.com.ar\/index.php\/2016\/08\/22\/22-de-agosto-aniversario-de-la-masacre-de-trelew\/","title":{"rendered":"22 DE AGOSTO: ANIVERSARIO DE LA MASACRE DE TRELEW"},"content":{"rendered":"<p style=\"text-align: justify\"><strong>Cr\u00f3nica publicada por el diario Noticias, 22 de agosto de 1974<\/strong><\/p>\n<p>La c\u00e1rcel de Rawson, una de las m\u00e1s seguras del pa\u00eds, comenz\u00f3 a relacionarse con la represi\u00f3n pol\u00edtica poco despu\u00e9s del\u00a0Viborazo\u00a0de marzo de 1971, cuando el gobierno militar traslad\u00f3 ese penal a los detenidos durante la rebeli\u00f3n popular cordobesa. En abril de 1972, alrededor de 200 prisioneros pol\u00edticos compart\u00edan seis pabellones colmando pr\u00e1cticamente la capacidad del penal. En las inmediaciones, una base aeronaval con 600 soldados, dos aviones de reconocimiento, una compa\u00f1\u00eda de Gendarmer\u00eda con refuerzo de Ej\u00e9rcito estacionada a cinco cuadras de la prisi\u00f3n, 500 efectivos de la polic\u00eda provincial y una delegaci\u00f3n de la Polic\u00eda Federal, adem\u00e1s de los 60 hombres del Distrito Militar de Trelew y la Base Naval de Puerto Madryn, con helic\u00f3pteros a 60 kil\u00f3metros de Rawson, y la octava brigada del V Cuerpo de Ej\u00e9rcito en Comodoro Rivadavia.<\/p>\n<p style=\"text-align: justify\">\u2026) En el aeropuerto de Trelew el 15 de agosto, Rub\u00e9n Pedro Bonet tambi\u00e9n hab\u00eda se\u00f1alado a los periodistas: \u00abNuestro objetivo, haber tomado la c\u00e1rcel, haber venido hasta aqu\u00ed e intentado la fuga, ha sido reincorporarnos a la lucha activa\u00bb, y agregaba \u00abya que estamos en la Patagonia concebimos esta Naci\u00f3n y esta lucha como la continuaci\u00f3n de la que libraron todos los obreros rurales y los obreros industriales en el a\u00f1o 1921 y que fueron asesinados por el Ej\u00e9rcito, por la represi\u00f3n\u00bb.<\/p>\n<p style=\"text-align: justify\">(\u2026) Cerca de las 18 horas, a medida que se cumpl\u00edan las \u00faltimas tareas previas de cada pabell\u00f3n, los combatientes converg\u00edan sobre las rejas entonando una canci\u00f3n salte\u00f1a, \u00abla de Luis Burela\u00bb que recuerda la historia de los primeros montoneros de G\u00fcemes. A las 18.24 horas, lleg\u00f3 desde afuera el aviso de que estaba en camino el avi\u00f3n previsto, era el l\u00edmite m\u00e1ximo de espera y ya se estaba por levantar la operaci\u00f3n, los guerrilleros coparon todo el interior del penal (cuatro puestos centrales que controla respectivamente dos pabellones cada uno), la sala de biblioteca, aulas, cocina, enfermer\u00eda y sobre todo direcci\u00f3n y la sala de armas. Luego un grupo de vanguardia llega hasta la caseta que controla la entrada al penal donde se produjo el \u00fanico enfrentamiento armado en el que result\u00f3 muerto un guardiac\u00e1rcel, y finamente los otros dos puestos de muralla que controlaban el frente del establecimiento penitenciario. El grupo 1, Quieto, Osatinsky, Santucho, Mena, Gorriar\u00e1n, Vaca Narvaja, ocupan el auto que trae el apoyo externo.<\/p>\n<p>La camioneta y los dos camiones previstos no llegaron.<\/p>\n<p style=\"text-align: justify\">Se intent\u00f3 llegar al aeropuerto en remises de Rawson que fueron abordados por los otros 19 de la \u00abvanguardia\u00bb. Antes de irse Bonet volvi\u00f3 a la caseta de entrada al penal para informar que no hab\u00eda camiones y que s\u00f3lo fugar\u00eda la vanguardia y record\u00f3 la forma en que se hab\u00eda previsto la entrega del penal en caso de derrota.<\/p>\n<p style=\"text-align: justify\">Los 19 tuvieron un camino accidentado y llegaron cuando el avi\u00f3n ya decolaba. Los que quedaron en el penal, con solo un par de FAL lo mantuvieron en sus manos hasta que se garantiz\u00f3 el respeto a sus vidas. Luego, al entregar el establecimiento a las fuerzas de Ej\u00e9rcito y Gendarmer\u00eda fueron encerrados en cada celda del pabell\u00f3n 7. Una r\u00e1faga de FAL que err\u00f3 por mil\u00edmetros a dos combatientes rendidos fue el inicio de la etapa de m\u00e1s abierta represi\u00f3n.<\/p>\n<p style=\"text-align: justify\">(\u2026) Desde la llegada a la base Almirante Zar, rigurosamente incomunicados, sancionados cada vez que eran encontrados hablando, los prisioneros mantuvieron di\u00e1logos usando le lenguaje de las manos y a veces el sistema morse con los golpes. Creyeron que la presencia de numerosos periodistas, m\u00e9dicos y jueces en el aeropuerto eran una garant\u00eda suficiente para sus vidas, aunque no para evitar la tortura.<\/p>\n<p style=\"text-align: justify\">(\u2026) En el \u00faltimo minuto, cuando los est\u00e1n haciendo formar a los 19 en los pasillos, a las 3.30 de la madrugada del 22 de agosto, el capit\u00e1n Sosa le pone a Haidar la pistola en la cabeza para que apoye la barbilla contra el pecho y mire al piso. Haidar piensa que el marino est\u00e1 loco, y alcanza a comentarlo con Kohon. Despu\u00e9s las r\u00e1fagas de Sosa, Bravo y Marchard, se abatieron sobre los guerrilleros. Sosa, Bravo y el teniente Fern\u00e1ndez recorrieron las celdas rematando a los ca\u00eddos y matando a quienes ni siquiera hab\u00edan sido alcanzados, como Delfino o Kohon.<\/p>\n<p>Seis horas m\u00e1s tarde recibieron atenci\u00f3n de enfermeros, y reci\u00e9n al mediod\u00eda la de m\u00e9dicos. En ese tiempo murieron Astudillo, Kohon, Polti y Bonet.<\/p>\n<p>El 30 de abril de 1973, el presidente general Lanusse premi\u00f3 al capit\u00e1n de corbeta Luis Emilio Sosa con una beca para instruirse en la infanter\u00eda de marina norteamericana, en Estados Unidos, con sobresueldos y otras recompensas. Los paraderos de Sosa, Bravo y Marchand son de los secretos m\u00e1s celosamente guardados por la Marina hasta hoy.<\/p>\n<p>Al tiempo de la masacre, los prisioneros que segu\u00edan en Rawson recibieron cartas de los hijos de Pedro Bonet de 4 y 5 a\u00f1os, contaban a sus \u00abqueridos t\u00edos\u00bb que la gente les dec\u00eda que su padre \u00abera como San Mart\u00edn pero que todav\u00eda por unos a\u00f1os\u00bb no iban a encontrar estatuas con su figura. Las tres hijas de Ana Mar\u00eda Villarreal de Santucho no cre\u00edan que su madre hab\u00eda muerto, \u00ablo que pasa es que mamita es p\u00edcara y est\u00e1 escondida para que no la encuentren\u00bb. El montonero Miguel Bustos escrib\u00eda: \u00abNo olvido las sombras de los rendidos en el aeropuerto (las armas en el suelo\/sonrientes como acabados de nacer\/ con el coraje intacto\/entregados a un enemigo infame)\u00bb.<\/p>\n<p><img loading=\"lazy\" decoding=\"async\" class=\"size-thumbnail wp-image-2467 alignleft\" src=\"http:\/\/fmriachuelo.com.ar\/ljkjklj\/wp-content\/uploads\/2016\/08\/trel4-150x150.jpg\" alt=\"trel4\" width=\"150\" height=\"150\" \/><img loading=\"lazy\" decoding=\"async\" class=\"alignnone size-thumbnail wp-image-2468\" src=\"http:\/\/fmriachuelo.com.ar\/ljkjklj\/wp-content\/uploads\/2016\/08\/trelew_gde-150x150.jpg\" alt=\"trelew_gde\" width=\"150\" height=\"150\" \/><img loading=\"lazy\" decoding=\"async\" class=\"alignnone size-thumbnail wp-image-2469\" src=\"http:\/\/fmriachuelo.com.ar\/ljkjklj\/wp-content\/uploads\/2016\/08\/trelew16-150x150.jpg\" alt=\"trelew16\" width=\"150\" height=\"150\" \/><img loading=\"lazy\" decoding=\"async\" class=\"size-thumbnail wp-image-2465 alignleft\" src=\"http:\/\/fmriachuelo.com.ar\/ljkjklj\/wp-content\/uploads\/2016\/08\/clarin-160873-150x150.jpg\" alt=\"clarin-160873\" width=\"150\" height=\"150\" \/><img loading=\"lazy\" decoding=\"async\" class=\"alignnone size-thumbnail wp-image-2466\" src=\"http:\/\/fmriachuelo.com.ar\/ljkjklj\/wp-content\/uploads\/2016\/08\/desca3-150x150.jpg\" alt=\"desca3\" width=\"150\" height=\"150\" \/><\/p>\n","protected":false},"excerpt":{"rendered":"<p>Cr\u00f3nica publicada por el diario Noticias, 22 de agosto de 1974 La c\u00e1rcel de Rawson, una de las m\u00e1s seguras del pa\u00eds, comenz\u00f3 a relacionarse con la represi\u00f3n pol\u00edtica poco despu\u00e9s del\u00a0Viborazo\u00a0de marzo de 1971, cuando el gobierno militar traslad\u00f3 ese penal a los detenidos durante la rebeli\u00f3n popular cordobesa. En abril de 1972, alrededor [&hellip;]<\/p>\n","protected":false},"author":4,"featured_media":2471,"comment_status":"open","ping_status":"open","sticky":false,"template":"","format":"standard","meta":{"_monsterinsights_skip_tracking":false,"_monsterinsights_sitenote_active":false,"_monsterinsights_sitenote_note":"","_monsterinsights_sitenote_category":0,"jnews-multi-image_gallery":[],"jnews_single_post":[],"jnews_primary_category":[],"_joinchat":[],"footnotes":""},"categories":[1],"tags":[],"class_list":["post-2464","post","type-post","status-publish","format-standard","has-post-thumbnail","hentry","category-habitat"],"_links":{"self":[{"href":"http:\/\/fmriachuelo.it10.com.ar\/index.php\/wp-json\/wp\/v2\/posts\/2464","targetHints":{"allow":["GET"]}}],"collection":[{"href":"http:\/\/fmriachuelo.it10.com.ar\/index.php\/wp-json\/wp\/v2\/posts"}],"about":[{"href":"http:\/\/fmriachuelo.it10.com.ar\/index.php\/wp-json\/wp\/v2\/types\/post"}],"author":[{"embeddable":true,"href":"http:\/\/fmriachuelo.it10.com.ar\/index.php\/wp-json\/wp\/v2\/users\/4"}],"replies":[{"embeddable":true,"href":"http:\/\/fmriachuelo.it10.com.ar\/index.php\/wp-json\/wp\/v2\/comments?post=2464"}],"version-history":[{"count":0,"href":"http:\/\/fmriachuelo.it10.com.ar\/index.php\/wp-json\/wp\/v2\/posts\/2464\/revisions"}],"wp:featuredmedia":[{"embeddable":true,"href":"http:\/\/fmriachuelo.it10.com.ar\/index.php\/wp-json\/"}],"wp:attachment":[{"href":"http:\/\/fmriachuelo.it10.com.ar\/index.php\/wp-json\/wp\/v2\/media?parent=2464"}],"wp:term":[{"taxonomy":"category","embeddable":true,"href":"http:\/\/fmriachuelo.it10.com.ar\/index.php\/wp-json\/wp\/v2\/categories?post=2464"},{"taxonomy":"post_tag","embeddable":true,"href":"http:\/\/fmriachuelo.it10.com.ar\/index.php\/wp-json\/wp\/v2\/tags?post=2464"}],"curies":[{"name":"wp","href":"https:\/\/api.w.org\/{rel}","templated":true}]}}