{"id":2458,"date":"2016-08-22T02:20:55","date_gmt":"2016-08-22T02:20:55","guid":{"rendered":"http:\/\/fmriachuelo.com.ar\/ljkjklj\/?p=2458"},"modified":"2016-08-22T02:20:55","modified_gmt":"2016-08-22T02:20:55","slug":"la-boca-feliz-dia-pibes","status":"publish","type":"post","link":"http:\/\/fmriachuelo.it10.com.ar\/index.php\/2016\/08\/22\/la-boca-feliz-dia-pibes\/","title":{"rendered":"LA BOCA: FELIZ D\u00cdA PIBES"},"content":{"rendered":"<p style=\"text-align: justify\">[FMR 21\/08\/16] En la tarde de ayer en La Boca, en el Paseo de la Econom\u00eda Popular Mart\u00edn \u00abOso\u00bb Cisneros, la O.S. y P. Los Pibes celebr\u00f3 con los pibes del barrio el d\u00eda del ni\u00f1o, entre juegos compartidos y sonrisas. Grandes, chicas y chicos participaron este s\u00e1bado 20 de agosto para anticipar el festejo a los ni\u00f1os. Una jornada que cada a\u00f1o\u00a0impulsan algunas madres y de la que participan vecinos, vecinas y amigxs para agasajar a ni\u00f1as y ni\u00f1os. Por una infancia digna y con derechos para los sectores m\u00e1s populares.<\/p>\n<p style=\"text-align: justify\"><img loading=\"lazy\" decoding=\"async\" class=\"alignnone size-thumbnail wp-image-2460\" src=\"http:\/\/fmriachuelo.com.ar\/ljkjklj\/wp-content\/uploads\/2016\/08\/WhatsApp-Image-2016-08-20-at-16.38.34-150x150.jpeg\" alt=\"WhatsApp Image 2016-08-20 at 16.38.34\" width=\"150\" height=\"150\" \/> <img loading=\"lazy\" decoding=\"async\" class=\"alignnone size-thumbnail wp-image-2461\" src=\"http:\/\/fmriachuelo.com.ar\/ljkjklj\/wp-content\/uploads\/2016\/08\/WhatsApp-Image-2016-08-20-at-16.38.35-150x150.jpeg\" alt=\"WhatsApp Image 2016-08-20 at 16.38.35\" width=\"150\" height=\"150\" \/> <img loading=\"lazy\" decoding=\"async\" class=\"alignnone size-thumbnail wp-image-2462\" src=\"http:\/\/fmriachuelo.com.ar\/ljkjklj\/wp-content\/uploads\/2016\/08\/WhatsApp-Image-2016-08-20-at-16.38.36-150x150.jpeg\" alt=\"WhatsApp Image 2016-08-20 at 16.38.36\" width=\"150\" height=\"150\" \/><\/p>\n","protected":false},"excerpt":{"rendered":"<p>[FMR 21\/08\/16] En la tarde de ayer en La Boca, en el Paseo de la Econom\u00eda Popular Mart\u00edn \u00abOso\u00bb Cisneros, la O.S. y P. Los Pibes celebr\u00f3 con los pibes del barrio el d\u00eda del ni\u00f1o, entre juegos compartidos y sonrisas. Grandes, chicas y chicos participaron este s\u00e1bado 20 de agosto para anticipar el festejo [&hellip;]<\/p>\n","protected":false},"author":4,"featured_media":2459,"comment_status":"open","ping_status":"open","sticky":false,"template":"","format":"standard","meta":{"_monsterinsights_skip_tracking":false,"_monsterinsights_sitenote_active":false,"_monsterinsights_sitenote_note":"","_monsterinsights_sitenote_category":0,"jnews-multi-image_gallery":[],"jnews_single_post":[],"jnews_primary_category":[],"_joinchat":[],"footnotes":""},"categories":[76,77],"tags":[],"class_list":["post-2458","post","type-post","status-publish","format-standard","has-post-thumbnail","hentry","category-salud-comunitaria","category-soberania"],"_links":{"self":[{"href":"http:\/\/fmriachuelo.it10.com.ar\/index.php\/wp-json\/wp\/v2\/posts\/2458","targetHints":{"allow":["GET"]}}],"collection":[{"href":"http:\/\/fmriachuelo.it10.com.ar\/index.php\/wp-json\/wp\/v2\/posts"}],"about":[{"href":"http:\/\/fmriachuelo.it10.com.ar\/index.php\/wp-json\/wp\/v2\/types\/post"}],"author":[{"embeddable":true,"href":"http:\/\/fmriachuelo.it10.com.ar\/index.php\/wp-json\/wp\/v2\/users\/4"}],"replies":[{"embeddable":true,"href":"http:\/\/fmriachuelo.it10.com.ar\/index.php\/wp-json\/wp\/v2\/comments?post=2458"}],"version-history":[{"count":0,"href":"http:\/\/fmriachuelo.it10.com.ar\/index.php\/wp-json\/wp\/v2\/posts\/2458\/revisions"}],"wp:featuredmedia":[{"embeddable":true,"href":"http:\/\/fmriachuelo.it10.com.ar\/index.php\/wp-json\/"}],"wp:attachment":[{"href":"http:\/\/fmriachuelo.it10.com.ar\/index.php\/wp-json\/wp\/v2\/media?parent=2458"}],"wp:term":[{"taxonomy":"category","embeddable":true,"href":"http:\/\/fmriachuelo.it10.com.ar\/index.php\/wp-json\/wp\/v2\/categories?post=2458"},{"taxonomy":"post_tag","embeddable":true,"href":"http:\/\/fmriachuelo.it10.com.ar\/index.php\/wp-json\/wp\/v2\/tags?post=2458"}],"curies":[{"name":"wp","href":"https:\/\/api.w.org\/{rel}","templated":true}]}}