{"id":2451,"date":"2016-08-20T02:25:31","date_gmt":"2016-08-20T02:25:31","guid":{"rendered":"http:\/\/fmriachuelo.com.ar\/ljkjklj\/?p=2451"},"modified":"2016-08-20T02:25:31","modified_gmt":"2016-08-20T02:25:31","slug":"garcia-lorca-80-anos-de-ausencia","status":"publish","type":"post","link":"http:\/\/fmriachuelo.it10.com.ar\/index.php\/2016\/08\/20\/garcia-lorca-80-anos-de-ausencia\/","title":{"rendered":"GARC\u00cdA LORCA, 80 A\u00d1OS DE PRESENCIA"},"content":{"rendered":"<div>\n<p style=\"text-align: justify\">Las inc\u00f3gnitas perduran 80 a\u00f1os despu\u00e9s del asesinato de Garc\u00eda Lorca. Su fusilamiento, ocurrido el 19 de agosto de 1936, sigue siendo un pozo de misterio, lleno de leyendas, sospechas y testimonios velados por la ley del silencio que se impuso durante la guerra civil y la dictadura franquista. Por Desinform\u00e9monos<\/p>\n<\/div>\n<hr \/>\n<p style=\"text-align: justify\">En Alfacar, al sur de Granada, con m\u00fasica y versos le rindieron un homenaje para no olvidar 80 a\u00f1os despu\u00e9s, su asesinato. Con interpretaciones teatrales, flamencas y afinada de mujeres, artistas varios pusieron voz a los versos del poeta. El parque donde se realiz\u00f3 se ubica en el entorno en el que Lorca fue asesinado.<\/p>\n<p style=\"text-align: justify\">Sin embargo, d\u00f3nde est\u00e1 enterrado el poeta granadino, c\u00f3mo muri\u00f3 y si fue torturado, son algunas de las preguntas a las que sus bi\u00f3grafos buscan respuesta. El relato mecanografiado el 9 de julio de 1965 en Granada, de un polic\u00eda que no se identifica, no deja dudas sobre la responsabilidad pol\u00edtica del ej\u00e9rcito franquista en la detenci\u00f3n y asesinato del poeta, dice Ian Gibson, su bi\u00f3grafo.\u201cEl informe es contundente y demuestra que no fue un asesinato callejero, que fue sacado por el Gobierno Civil para asesinarlo. Ellos mismos lo dicen\u201d, se\u00f1ala Gibson.<\/p>\n<p style=\"text-align: justify\">El poeta se hab\u00eda refugiado en casa de su amigo Luis Rosales porque cre\u00eda que la pertenencia de los cinco hermanos a la Falange lo proteger\u00eda. No fue as\u00ed. En la tarde del 16 de agosto de 1936 se lo llevaron detenido al Gobierno Civil de Granada.<\/p>\n<p style=\"text-align: justify\">De all\u00ed lo sacaron al d\u00eda siguiente en direcci\u00f3n al frente. Lo mataron a tiros de madrugada, en alg\u00fan punto del camino entre V\u00edznar y Alfacar. Por \u00abrojo\u00bb, por \u00abmaric\u00f3n\u00bb o por rencillas familiares, seg\u00fan quien lo diga. Lo enterraron junto a un maestro nacional y dos banderilleros anarquistas hace 80 a\u00f1os. Y todav\u00eda lo andan buscando.<\/p>\n<p style=\"text-align: justify\">El pr\u00f3ximo septiembre, una tercera excavaci\u00f3n, intentar\u00e1 dar con los vestigios mortales del autor de Bodas de Sangre, tras los intentos fallidos de 2009 y 2014. Gibson cree que esta exploraci\u00f3n, de la que se encargar\u00e1 el historiador Miguel Caballero y el arque\u00f3logo Javier Navarro, no acabar\u00e1 con el hallazgo del cad\u00e1ver del poeta, pues se har\u00e1 a tan s\u00f3lo 20 metros de donde finaliz\u00f3 su anterior trabajo.<\/p>\n<p style=\"text-align: justify\">Obra de Garc\u00eda Lorca ser\u00e1 del dominio p\u00fablico en 2017<\/p>\n<p style=\"text-align: justify\">La obra completa de Federico Garc\u00eda Lorca pasar\u00e1 a ser de dominio p\u00fablico el pr\u00f3ximo 1 de enero de 2017 lo cual celebra mucha gente, entre ellos su Ian Gibson: \u201cLa familia ha disfrutado 80 a\u00f1os de los derechos de autor. Ahora, Lorca se ver\u00e1 libre por fin, ir\u00f3nicamente, de su familia. Los herederos de un autor pueden poner muchas pegas para montajes teatrales, ediciones. A veces son un estorbo para la obra\u201d, dice quien asegura haberlo sufrido.<\/p>\n<p style=\"text-align: justify\">Gibson entiende que vivieran \u201ccomo una afrenta\u201d la declaraci\u00f3n de su legado como Bien de Inter\u00e9s Cultural por parte de la Comunidad de Madrid, para evitar la venta y enajenaci\u00f3n de los 19 mil documentos que lo conforman mismos que mantienen guardados en la Fundaci\u00f3n Federico Garc\u00eda Lorca, que actualmente se localiza en la Residencia de Estudiantes de Madrid.<\/p>\n<p style=\"text-align: justify\">Jueza argentina investigar\u00e1 asesinato de Federico Garc\u00eda Lorca 80 a\u00f1os despu\u00e9s<\/p>\n<p style=\"text-align: justify\">La magistrada argentina que indaga los cr\u00edmenes cometidos durante la guerra civil espa\u00f1ola investigar\u00e1 el asesinato hace 80 a\u00f1os del escritor Federico Garc\u00eda Lorca, inform\u00f3 el jueves la asociaci\u00f3n de v\u00edctimas del franquismo que le hizo la solicitud.<\/p>\n<p style=\"text-align: justify\">La jueza Mar\u00eda Servini \u201cya ha aceptado la denuncia y se ha puesto a trabajar sobre el tema\u201d, indic\u00f3 Emilio Silva, presidente de la Asociaci\u00f3n para la Recuperaci\u00f3n de la Memoria Hist\u00f3rica (ARMH).<\/p>\n<p style=\"text-align: justify\">La magistrada de Buenos Aires incluy\u00f3 el caso del poeta y dramaturgo dentro de la causa que, vali\u00e9ndose del principio de justicia universal, abri\u00f3 en 2010 para investigar violaciones de derechos humanos durante la guerra civil (1936-1939) y la dictadura de Francisco Franco (1939-1975), indic\u00f3 Silva.<\/p>\n<p style=\"text-align: justify\">La ARMH hizo su denuncia en base al documento de 1965 que permaneci\u00f3 \u201coculto\u201d por d\u00e9cadas en el archivo del Ministerio del Interior, en el que \u201cpor primera vez el Estado franquista reconoce el asesinato de Lorca\u201d, seg\u00fan Silva.<\/p>\n","protected":false},"excerpt":{"rendered":"<p>Las inc\u00f3gnitas perduran 80 a\u00f1os despu\u00e9s del asesinato de Garc\u00eda Lorca. Su fusilamiento, ocurrido el 19 de agosto de 1936, sigue siendo un pozo de misterio, lleno de leyendas, sospechas y testimonios velados por la ley del silencio que se impuso durante la guerra civil y la dictadura franquista. Por Desinform\u00e9monos En Alfacar, al sur [&hellip;]<\/p>\n","protected":false},"author":4,"featured_media":2452,"comment_status":"open","ping_status":"open","sticky":false,"template":"","format":"standard","meta":{"_monsterinsights_skip_tracking":false,"_monsterinsights_sitenote_active":false,"_monsterinsights_sitenote_note":"","_monsterinsights_sitenote_category":0,"jnews-multi-image_gallery":[],"jnews_single_post":[],"jnews_primary_category":[],"_joinchat":[],"footnotes":""},"categories":[1],"tags":[],"class_list":["post-2451","post","type-post","status-publish","format-standard","has-post-thumbnail","hentry","category-habitat"],"_links":{"self":[{"href":"http:\/\/fmriachuelo.it10.com.ar\/index.php\/wp-json\/wp\/v2\/posts\/2451","targetHints":{"allow":["GET"]}}],"collection":[{"href":"http:\/\/fmriachuelo.it10.com.ar\/index.php\/wp-json\/wp\/v2\/posts"}],"about":[{"href":"http:\/\/fmriachuelo.it10.com.ar\/index.php\/wp-json\/wp\/v2\/types\/post"}],"author":[{"embeddable":true,"href":"http:\/\/fmriachuelo.it10.com.ar\/index.php\/wp-json\/wp\/v2\/users\/4"}],"replies":[{"embeddable":true,"href":"http:\/\/fmriachuelo.it10.com.ar\/index.php\/wp-json\/wp\/v2\/comments?post=2451"}],"version-history":[{"count":0,"href":"http:\/\/fmriachuelo.it10.com.ar\/index.php\/wp-json\/wp\/v2\/posts\/2451\/revisions"}],"wp:featuredmedia":[{"embeddable":true,"href":"http:\/\/fmriachuelo.it10.com.ar\/index.php\/wp-json\/"}],"wp:attachment":[{"href":"http:\/\/fmriachuelo.it10.com.ar\/index.php\/wp-json\/wp\/v2\/media?parent=2451"}],"wp:term":[{"taxonomy":"category","embeddable":true,"href":"http:\/\/fmriachuelo.it10.com.ar\/index.php\/wp-json\/wp\/v2\/categories?post=2451"},{"taxonomy":"post_tag","embeddable":true,"href":"http:\/\/fmriachuelo.it10.com.ar\/index.php\/wp-json\/wp\/v2\/tags?post=2451"}],"curies":[{"name":"wp","href":"https:\/\/api.w.org\/{rel}","templated":true}]}}