{"id":2448,"date":"2016-08-18T17:52:37","date_gmt":"2016-08-18T17:52:37","guid":{"rendered":"http:\/\/fmriachuelo.com.ar\/ljkjklj\/?p=2448"},"modified":"2016-08-18T17:52:37","modified_gmt":"2016-08-18T17:52:37","slug":"bolivia-inauguro-escuela-militar-antiimperialista-junto-a-nicaragua-y-venezuela","status":"publish","type":"post","link":"http:\/\/fmriachuelo.it10.com.ar\/index.php\/2016\/08\/18\/bolivia-inauguro-escuela-militar-antiimperialista-junto-a-nicaragua-y-venezuela\/","title":{"rendered":"BOLIVIA INAUGUR\u00d3 ESCUELA MILITAR ANTIIMPERIALISTA JUNTO A NICARAGUA Y VENEZUELA"},"content":{"rendered":"<p style=\"text-align: justify\">(Resumen Latinoamericano)Este mi\u00e9rcoles, en Bolivia se ha inaugurado la Escuela Antiimperialista de los Pueblos de Abya Yala (Am\u00e9rica) El ministro de defensa destac\u00f3:\u00a0\u00a0\u00abel objetivo del centro es lograr que nunca m\u00e1s un militar boliviano dispare contra un civil, ni permita que extranjeros vengan y roben los recursos naturales del pa\u00eds\u00bb.<\/p>\n<p style=\"text-align: justify\">Con clases de Teor\u00eda y Geopol\u00edtica del Imperialismo abren escuela antiimperialista para quienes quieran ascender al grado de capit\u00e1n<\/p>\n<p style=\"text-align: justify\">Esta escuela se creacon la intenci\u00f3n que los miembros de la instituci\u00f3n castrense que quisieran ascender al grado de \u201ccapit\u00e1n general de las Fuerzas Armadas\u201d, pasen primero por unos cursos \u201cantiimperialistas\u201d.<\/p>\n<p style=\"text-align: justify\">En la escuela se impartir\u00e1n una doctrina \u201cantiimperialista\u201d a los altos mandos oficiales.<\/p>\n<p style=\"text-align: justify\">El ministro de Defensa de Bolivia , Reymi Ferreira, confirm\u00f3 la asistencia de los ministros de Defensa Vladimir Padrino L\u00f3pez y Martha Ruiz Sevilla de Venezuela y Nicaragua respectivamente y que a\u00fan se encuentra a la espera que su hom\u00f3logo ecuatoriano, Ricardo Pati\u00f1o de respuesta de su asistencia al evento.<\/p>\n<p style=\"text-align: justify\">Tambi\u00e9n participar\u00e1 Atilio Bor\u00f3n, un soci\u00f3logo argentino y \u201d un acad\u00e9mico de primer nivel\u201d que ser\u00e1 quien dicte el primer m\u00f3dulo en la escuela militar.<\/p>\n<p style=\"text-align: justify\">Esta escuela se crear\u00e1 con la intenci\u00f3n que los miembros de la instituci\u00f3n castrense que quisieran ascender al grado de \u201ccapit\u00e1n general de las Fuerzas Armadas\u201d, pasen primero por unos cursos \u201cantiimperialistas\u201d.<\/p>\n<p style=\"text-align: justify\">La propuesta hecha en 2015 por el presidente boliviano, Evo Morales, se materializar\u00e1 en Santa Rosa del Paqu\u00edo, Santa Cruz, donde anteriormente se encontraba un entrenamiento para misiones de paz de las Naciones Unidas.<\/p>\n<p style=\"text-align: justify\">Dentro de las materias que se ver\u00e1n en la instituci\u00f3n militar, se encuentran: \u201cTeor\u00eda del Imperialismo, Geopol\u00edtica del Imperialismo, Geopol\u00edtica de los Recursos Naturales y Estructura Social Boliviana\u201d, entre otras.<\/p>\n<p style=\"text-align: justify\">El nombre de la escuela ser\u00e1 el del expresidente boliviano de corte militar Juan Jos\u00e9 Torres (1970- 1971) ya que el fue qui\u00e9n expuls\u00f3 al Cuerpo de Paz de Estados Unidos y fue cercano a los movimientos de izquierda.<\/p>\n<p style=\"text-align: justify\">El ministro de defensa de Bolivia se expres\u00f3 en contra de aquellos opositores que cuestionan la apertura de la instituci\u00f3n consider\u00e1ndola \u201d un exceso del Gobierno\u201d<\/p>\n<p style=\"text-align: justify\">\u201cComo ellos est\u00e1n acostumbrados a vivir de rodillas, est\u00e1n siempre con esa perspectiva de los vendepatria de considerarse inferiores y subordinados a otras potencias, les molesta y les duele, es demasiada luz para sus ojos el que haya la posibilidad de que seamos soberanos e independientes\u201d, dijo.<\/p>\n<p style=\"text-align: justify\">\n<p style=\"text-align: justify\">La escuela militar <span>antiimperialista<\/span> tiene como objetivo es la construcci\u00f3n de una nueva Fuerza Armada basada en los principios de solidaridad y respeto al pueblo.<\/p>\n<p style=\"text-align: justify\">El presidente de Bolivia, Evo Morales, inaugur\u00f3 la Escuela Antiimperialista de los Pueblos de Abya Yala (Am\u00e9rica) en el municipio de Warnes, del departamento oriental de Santa Cruz, en ocasi\u00f3n del D\u00eda de la Bandera.<\/p>\n<p style=\"text-align: justify\">La instituci\u00f3n funcionar\u00e1 en la localidad de Santa Rosa de Paqu\u00edo, donde antes hab\u00eda un centro de entrenamiento para las misiones de paz de la ONU\u00a0y llevar\u00e1 el nombre del expresidente militar Juan Jos\u00e9 Torres (1970-1971) que expuls\u00f3 al Cuerpo de Paz de Estados Unidos y fue cercano a los movimientos de izquierda bolivianos.<\/p>\n<p style=\"text-align: justify\">La iniciativa de crear la escuela fue lanzada en 2015 por el presidente Evo Morales, quien record\u00f3 que antes exist\u00eda la Escuela de las Am\u00e9ricas, una instituci\u00f3n militar operada por Estados Unidos, donde los militares latinoamericanos eran ideologizados.<\/p>\n<p style=\"text-align: justify\">En palabras del mandatario boliviano, la escuela antiimperialista ser\u00e1 un centro para revisar la historia de c\u00f3mo los pa\u00edses de Am\u00e9rica Latina y del mundo han sido sometidos. \u201cEs nuestra obligaci\u00f3n crear esta escuela que recupere ideol\u00f3gicamente nuestra identidad\u201d.<\/p>\n<p style=\"text-align: justify\">El ministro de la Presidencia, Juan Ram\u00f3n Quintana indic\u00f3 que el centro de estudios fortalecer\u00e1 el papel de las Fuerzas Armadas al servicio del pueblo y la defensa de la soberan\u00eda nacional frente al imperialismo.<\/p>\n<p style=\"text-align: justify\">El ministro de Defensa de Bolivia, Reymi Ferreira, destac\u00f3\u00a0la participaci\u00f3n en el acto de sus hom\u00f3logos de Nicaragua, Martha Ruiz, y de Venezuela, Vladimir Padrino L\u00f3pez.<\/p>\n<p style=\"text-align: justify\">Seg\u00fan Ferreira el objetivo del centro es lograr que nunca m\u00e1s un militar boliviano dispare contra un civil, ni permita que extranjeros vengan y roben los recursos naturales del pa\u00eds.<\/p>\n<p style=\"text-align: justify\">El ministro de Defensa se\u00f1al\u00f3 que quienes critican la escuela \u201cantiimperialista\u201d lo hacen porque les molesta\u00a0que las Fuerzas Armadas bolivianas tomen conciencia y no vuelvan a estar \u201csupeditadas a ninguna potencia\u201d.<\/p>\n<p style=\"text-align: justify\">\n","protected":false},"excerpt":{"rendered":"<p>(Resumen Latinoamericano)Este mi\u00e9rcoles, en Bolivia se ha inaugurado la Escuela Antiimperialista de los Pueblos de Abya Yala (Am\u00e9rica) El ministro de defensa destac\u00f3:\u00a0\u00a0\u00abel objetivo del centro es lograr que nunca m\u00e1s un militar boliviano dispare contra un civil, ni permita que extranjeros vengan y roben los recursos naturales del pa\u00eds\u00bb. Con clases de Teor\u00eda y [&hellip;]<\/p>\n","protected":false},"author":4,"featured_media":2449,"comment_status":"open","ping_status":"open","sticky":false,"template":"","format":"standard","meta":{"_monsterinsights_skip_tracking":false,"_monsterinsights_sitenote_active":false,"_monsterinsights_sitenote_note":"","_monsterinsights_sitenote_category":0,"jnews-multi-image_gallery":[],"jnews_single_post":[],"jnews_primary_category":[],"_joinchat":[],"footnotes":""},"categories":[76],"tags":[],"class_list":["post-2448","post","type-post","status-publish","format-standard","has-post-thumbnail","hentry","category-salud-comunitaria"],"_links":{"self":[{"href":"http:\/\/fmriachuelo.it10.com.ar\/index.php\/wp-json\/wp\/v2\/posts\/2448","targetHints":{"allow":["GET"]}}],"collection":[{"href":"http:\/\/fmriachuelo.it10.com.ar\/index.php\/wp-json\/wp\/v2\/posts"}],"about":[{"href":"http:\/\/fmriachuelo.it10.com.ar\/index.php\/wp-json\/wp\/v2\/types\/post"}],"author":[{"embeddable":true,"href":"http:\/\/fmriachuelo.it10.com.ar\/index.php\/wp-json\/wp\/v2\/users\/4"}],"replies":[{"embeddable":true,"href":"http:\/\/fmriachuelo.it10.com.ar\/index.php\/wp-json\/wp\/v2\/comments?post=2448"}],"version-history":[{"count":0,"href":"http:\/\/fmriachuelo.it10.com.ar\/index.php\/wp-json\/wp\/v2\/posts\/2448\/revisions"}],"wp:featuredmedia":[{"embeddable":true,"href":"http:\/\/fmriachuelo.it10.com.ar\/index.php\/wp-json\/"}],"wp:attachment":[{"href":"http:\/\/fmriachuelo.it10.com.ar\/index.php\/wp-json\/wp\/v2\/media?parent=2448"}],"wp:term":[{"taxonomy":"category","embeddable":true,"href":"http:\/\/fmriachuelo.it10.com.ar\/index.php\/wp-json\/wp\/v2\/categories?post=2448"},{"taxonomy":"post_tag","embeddable":true,"href":"http:\/\/fmriachuelo.it10.com.ar\/index.php\/wp-json\/wp\/v2\/tags?post=2448"}],"curies":[{"name":"wp","href":"https:\/\/api.w.org\/{rel}","templated":true}]}}