{"id":2424,"date":"2016-08-14T19:45:40","date_gmt":"2016-08-14T19:45:40","guid":{"rendered":"http:\/\/fmriachuelo.com.ar\/ljkjklj\/?p=2424"},"modified":"2016-08-14T19:45:40","modified_gmt":"2016-08-14T19:45:40","slug":"hacia-la-unidad","status":"publish","type":"post","link":"http:\/\/fmriachuelo.it10.com.ar\/index.php\/2016\/08\/14\/hacia-la-unidad\/","title":{"rendered":"HACIA LA UNIDAD"},"content":{"rendered":"<p style=\"text-align: justify\"><img loading=\"lazy\" decoding=\"async\" class=\"wp-image-2426 alignleft\" src=\"http:\/\/fmriachuelo.com.ar\/ljkjklj\/wp-content\/uploads\/2016\/08\/dirigentes-150x150.jpg\" alt=\"dirigentes\" width=\"209\" height=\"209\" \/>[FMR 14\/08\/2016] El viernes por la tarde se desarroll\u00f3 en un gimnasio de Ferro Carril Oeste colmado, en el barrio porte\u00f1o de Caballito, el lanzamiento de la Corriente Federal de los Trabajadores. Junto con un programa cr\u00edtico de las medidas de ajuste del macrismo, y una propuesta de unificaci\u00f3n de la CGT, este espacio impulsa al Secretario General de La Bancaria, Sergio Palazzo, como candidato a ocupar la conducci\u00f3n de la CGT.<\/p>\n<p style=\"text-align: justify\">El acto expres\u00f3 un nuevo paso en el proceso de unidad que se viene produciendo en el campo popular y en la clase trabajadora, al reunir a referentes sindicales de la Corriente Pol\u00edtico Sindical Federal y del n\u00facleo del MTA. Tambi\u00e9n fue destacable la presencia de dirigentes de la CTEP representando a los trabajadores de la Econom\u00eda Popular que, desde la marcha del 7 de agosto en el d\u00eda de San Cayetano, irrumpieron con contundencia en el escenario de la resistencia al macrismo y las luchas y reivindicaciones de los trabajadores.<\/p>\n<p style=\"text-align: justify\">Al finalizar el acto, FM Riachuelo tuvo la posibilidad de conversar con Lito Borello, de la Organizaci\u00f3n Social y Pol\u00edtica Los Pibes, quien junto a Esteban Gringo Castro (Secretario General de la CTEP), Rafael Klejzer (Secreta<img loading=\"lazy\" decoding=\"async\" class=\"size-thumbnail wp-image-2425 alignright\" src=\"http:\/\/fmriachuelo.com.ar\/ljkjklj\/wp-content\/uploads\/2016\/08\/ctep-150x150.jpg\" alt=\"ctep\" width=\"150\" height=\"150\" \/>rio de Vivienda de la CTEP) y otros refentes de la Econom\u00eda Popular acercaron al acto los saludos de la Mesa Nacional de la CTEP. Dando cuenta de esta interpretaci\u00f3n de un creciente proceso unitario, Borello destac\u00f3 que el primer punto del programa de la Corriente presentado en el acto, fuera el de un ingreso universal para los trabajadores desocupados. Este mismo reclamo hab\u00eda sido anunciado por los referentes de las organizaciones sociales que marcharon el 7 de agosto a la Plaza de Mayo.<\/p>\n","protected":false},"excerpt":{"rendered":"<p>[FMR 14\/08\/2016] El viernes por la tarde se desarroll\u00f3 en un gimnasio de Ferro Carril Oeste colmado, en el barrio porte\u00f1o de Caballito, el lanzamiento de la Corriente Federal de los Trabajadores. Junto con un programa cr\u00edtico de las medidas de ajuste del macrismo, y una propuesta de unificaci\u00f3n de la CGT, este espacio impulsa [&hellip;]<\/p>\n","protected":false},"author":4,"featured_media":2427,"comment_status":"open","ping_status":"open","sticky":false,"template":"","format":"standard","meta":{"_monsterinsights_skip_tracking":false,"_monsterinsights_sitenote_active":false,"_monsterinsights_sitenote_note":"","_monsterinsights_sitenote_category":0,"jnews-multi-image_gallery":[],"jnews_single_post":[],"jnews_primary_category":[],"_joinchat":[],"footnotes":""},"categories":[76],"tags":[],"class_list":["post-2424","post","type-post","status-publish","format-standard","has-post-thumbnail","hentry","category-salud-comunitaria"],"_links":{"self":[{"href":"http:\/\/fmriachuelo.it10.com.ar\/index.php\/wp-json\/wp\/v2\/posts\/2424","targetHints":{"allow":["GET"]}}],"collection":[{"href":"http:\/\/fmriachuelo.it10.com.ar\/index.php\/wp-json\/wp\/v2\/posts"}],"about":[{"href":"http:\/\/fmriachuelo.it10.com.ar\/index.php\/wp-json\/wp\/v2\/types\/post"}],"author":[{"embeddable":true,"href":"http:\/\/fmriachuelo.it10.com.ar\/index.php\/wp-json\/wp\/v2\/users\/4"}],"replies":[{"embeddable":true,"href":"http:\/\/fmriachuelo.it10.com.ar\/index.php\/wp-json\/wp\/v2\/comments?post=2424"}],"version-history":[{"count":0,"href":"http:\/\/fmriachuelo.it10.com.ar\/index.php\/wp-json\/wp\/v2\/posts\/2424\/revisions"}],"wp:featuredmedia":[{"embeddable":true,"href":"http:\/\/fmriachuelo.it10.com.ar\/index.php\/wp-json\/"}],"wp:attachment":[{"href":"http:\/\/fmriachuelo.it10.com.ar\/index.php\/wp-json\/wp\/v2\/media?parent=2424"}],"wp:term":[{"taxonomy":"category","embeddable":true,"href":"http:\/\/fmriachuelo.it10.com.ar\/index.php\/wp-json\/wp\/v2\/categories?post=2424"},{"taxonomy":"post_tag","embeddable":true,"href":"http:\/\/fmriachuelo.it10.com.ar\/index.php\/wp-json\/wp\/v2\/tags?post=2424"}],"curies":[{"name":"wp","href":"https:\/\/api.w.org\/{rel}","templated":true}]}}