{"id":2421,"date":"2016-08-13T15:38:55","date_gmt":"2016-08-13T15:38:55","guid":{"rendered":"http:\/\/fmriachuelo.com.ar\/ljkjklj\/?p=2421"},"modified":"2016-08-13T15:38:55","modified_gmt":"2016-08-13T15:38:55","slug":"trabajadores-de-la-ex-agroindustria-madero-con-m-n-e-r-frente-a-la-justicia-en-demanda-de-sus-derechos","status":"publish","type":"post","link":"http:\/\/fmriachuelo.it10.com.ar\/index.php\/2016\/08\/13\/trabajadores-de-la-ex-agroindustria-madero-con-m-n-e-r-frente-a-la-justicia-en-demanda-de-sus-derechos\/","title":{"rendered":"TRABAJADORES DE LA EX AGROINDUSTRIA MADERO CON M.N.E.R. FRENTE A LA JUSTICIA EN DEMANDA DE SUS DERECHOS"},"content":{"rendered":"<p style=\"text-align: justify\">Los trabajadores de la ex Agroindustria Madero, quienes hoy est\u00e1n en proceso de conformar una cooperativa de trabajo, asistieron en la ma\u00f1ana del 12 de agosto a una audiencia de conciliaci\u00f3n convocada por la jueza Braga.<br \/>\nEl empresario Carlos De Pina comenz\u00f3 el vaciamiento de la empresa ubicada en la Matanza, en diciembre del a\u00f1o pasado, estafando a proveedores, clientes, al Estado y a los 120 laburantes que quedaron a la deriva.<br \/>\nEn los mismos terrenos en los cuales est\u00e1 empl<span class=\"text_exposed_show\">azado el edificio de la ex Agroindustria Madero, hoy ocupado por sus trabajadores quienes son los depositarios judiciales, tambi\u00e9n funciona la empresa Bio Madero que pertenece al mismo empresario as\u00ed como el predio. Los obreros denuncian que la intenci\u00f3n de De Pina es ingresar para hacer funcionar esa f\u00e1brica la cual no est\u00e1 en concurso \u00aby as\u00ed desviar la estafa que hicieron con la otra empresa\u00bb<br \/>\nJos\u00e9 Vergara, presidente de la Cooperativa, declar\u00f3: \u00abLa situaci\u00f3n hoy es ca\u00f3tica. Hace cuatro meses y medio que no cobramos. Estamos subsistiendo como podemos\u00bb y agreg\u00f3 \u00abEsperamos la resoluci\u00f3n de la jueza para que nos d\u00e9 la continuidad laboral. Queremos laburar ya mismo porque necesitamos darle de comer a nuestras familias\u00bb<\/span><\/p>\n","protected":false},"excerpt":{"rendered":"<p>Los trabajadores de la ex Agroindustria Madero, quienes hoy est\u00e1n en proceso de conformar una cooperativa de trabajo, asistieron en la ma\u00f1ana del 12 de agosto a una audiencia de conciliaci\u00f3n convocada por la jueza Braga. El empresario Carlos De Pina comenz\u00f3 el vaciamiento de la empresa ubicada en la Matanza, en diciembre del a\u00f1o [&hellip;]<\/p>\n","protected":false},"author":4,"featured_media":2422,"comment_status":"open","ping_status":"open","sticky":false,"template":"","format":"standard","meta":{"_monsterinsights_skip_tracking":false,"_monsterinsights_sitenote_active":false,"_monsterinsights_sitenote_note":"","_monsterinsights_sitenote_category":0,"jnews-multi-image_gallery":[],"jnews_single_post":[],"jnews_primary_category":[],"_joinchat":[],"footnotes":""},"categories":[1],"tags":[],"class_list":["post-2421","post","type-post","status-publish","format-standard","has-post-thumbnail","hentry","category-habitat"],"_links":{"self":[{"href":"http:\/\/fmriachuelo.it10.com.ar\/index.php\/wp-json\/wp\/v2\/posts\/2421","targetHints":{"allow":["GET"]}}],"collection":[{"href":"http:\/\/fmriachuelo.it10.com.ar\/index.php\/wp-json\/wp\/v2\/posts"}],"about":[{"href":"http:\/\/fmriachuelo.it10.com.ar\/index.php\/wp-json\/wp\/v2\/types\/post"}],"author":[{"embeddable":true,"href":"http:\/\/fmriachuelo.it10.com.ar\/index.php\/wp-json\/wp\/v2\/users\/4"}],"replies":[{"embeddable":true,"href":"http:\/\/fmriachuelo.it10.com.ar\/index.php\/wp-json\/wp\/v2\/comments?post=2421"}],"version-history":[{"count":0,"href":"http:\/\/fmriachuelo.it10.com.ar\/index.php\/wp-json\/wp\/v2\/posts\/2421\/revisions"}],"wp:featuredmedia":[{"embeddable":true,"href":"http:\/\/fmriachuelo.it10.com.ar\/index.php\/wp-json\/"}],"wp:attachment":[{"href":"http:\/\/fmriachuelo.it10.com.ar\/index.php\/wp-json\/wp\/v2\/media?parent=2421"}],"wp:term":[{"taxonomy":"category","embeddable":true,"href":"http:\/\/fmriachuelo.it10.com.ar\/index.php\/wp-json\/wp\/v2\/categories?post=2421"},{"taxonomy":"post_tag","embeddable":true,"href":"http:\/\/fmriachuelo.it10.com.ar\/index.php\/wp-json\/wp\/v2\/tags?post=2421"}],"curies":[{"name":"wp","href":"https:\/\/api.w.org\/{rel}","templated":true}]}}