{"id":2418,"date":"2016-08-13T15:31:04","date_gmt":"2016-08-13T15:31:04","guid":{"rendered":"http:\/\/fmriachuelo.com.ar\/ljkjklj\/?p=2418"},"modified":"2016-08-13T15:31:04","modified_gmt":"2016-08-13T15:31:04","slug":"milagro-sala-se-suman-voces-de-protesta-a-la-medida-de-castigo","status":"publish","type":"post","link":"http:\/\/fmriachuelo.it10.com.ar\/index.php\/2016\/08\/13\/milagro-sala-se-suman-voces-de-protesta-a-la-medida-de-castigo\/","title":{"rendered":"MILAGRO SALA: SE SUMAN VOCES DE PROTESTA A LA MEDIDA DE CASTIGO"},"content":{"rendered":"<p style=\"text-align: justify\">[FMR 13\/08\/16] Apenas conocida la medida de castigo que fue impuesta contra Milagro Sala, ilegalmente detenida en el penal de Alto Comedero, contin\u00faan levantandose voces de protesta por la persecusi\u00f3n pol\u00edtica. Milagro Sala frente a esta mediada arbitraria y la falta de posibilidad de defenderse, \u00a0que se suma a su ilegal detenci\u00f3n, ha decidido una medida de fuerza extrema: huelga de hambre. Se pronunciaron desde el Comit\u00e9 por la libertad de Milagros Sala y del Grupo de Curas de Opci\u00f3n por los Pobres.<\/p>\n<p>DESDE EL COMIT\u00c9 POR LA LIBERTAD DE MILAGRO SALA EXIGEN LA URGENTE SUSPENSI\u00d3N DEL CASTIGO CONTRA LA DIPUTADA DEL PARLASUR EN EL PENAL<\/p>\n<p>[Viernes 12\/08\/16]Esta ma\u00f1ana incomunicaron a Milagro Sala en el Penal de Mujeres de Alto Comedero, donde est\u00e1 ilegalmente detenida desde el 16 de enero, y le impiden por 10 d\u00edas recibir visitas y todo tipo de comunicaci\u00f3n. Los motivos no fueron dados a conocer ni a la diputada del Parlasur ni a sus abogados, neg\u00e1ndole as\u00ed el derecho a la defensa.<\/p>\n<p>Desde el Comit\u00e9 por la Libertad de Milagro Sala hacemos directamente responsable de esta medida al Poder Ejecutivo provincial a cargo del contador Gerardo Morales y exigimos la inmediata suspensi\u00f3n del castigo que agrava las condiciones de detenci\u00f3n de la dirigente social.<\/p>\n<p>GRUPO DE CURAS DE OPCI\u00d3N POR LOS POBRES<\/p>\n<p>\u00abAnte la decisi\u00f3n del gobernador de Jujuy, de prohibir toda visita a la presa pol\u00edtica Milagro Sala, el Grupo de Curas en Opci\u00f3n por los Pobres manifiesta su m\u00e1s en\u00e9rgico repudio a la medida. Nos solidarizamos con la compa\u00f1era Milagro, su esposo y los dem\u00e1s compa\u00f1eros detenidos y una vez m\u00e1s exigimos la inmediata liberaci\u00f3n de los presos, inocentes de toda inocencia mientras no se demuestre su culpabilidad en juicio independiente.<br \/>\nComo curas creemos que no podemos callar ante la injusticia y un nuevo abuso a la dignidad de una mujer, pobre e ind\u00edgena; creemos que eso es lo que nos exige el Evangelio de Jes\u00fas\u00bb.<\/p>\n<p>Grupo de Curas OPP<\/p>\n","protected":false},"excerpt":{"rendered":"<p>[FMR 13\/08\/16] Apenas conocida la medida de castigo que fue impuesta contra Milagro Sala, ilegalmente detenida en el penal de Alto Comedero, contin\u00faan levantandose voces de protesta por la persecusi\u00f3n pol\u00edtica. Milagro Sala frente a esta mediada arbitraria y la falta de posibilidad de defenderse, \u00a0que se suma a su ilegal detenci\u00f3n, ha decidido una [&hellip;]<\/p>\n","protected":false},"author":4,"featured_media":2419,"comment_status":"open","ping_status":"open","sticky":false,"template":"","format":"standard","meta":{"_monsterinsights_skip_tracking":false,"_monsterinsights_sitenote_active":false,"_monsterinsights_sitenote_note":"","_monsterinsights_sitenote_category":0,"jnews-multi-image_gallery":[],"jnews_single_post":[],"jnews_primary_category":[],"_joinchat":[],"footnotes":""},"categories":[76],"tags":[],"class_list":["post-2418","post","type-post","status-publish","format-standard","has-post-thumbnail","hentry","category-salud-comunitaria"],"_links":{"self":[{"href":"http:\/\/fmriachuelo.it10.com.ar\/index.php\/wp-json\/wp\/v2\/posts\/2418","targetHints":{"allow":["GET"]}}],"collection":[{"href":"http:\/\/fmriachuelo.it10.com.ar\/index.php\/wp-json\/wp\/v2\/posts"}],"about":[{"href":"http:\/\/fmriachuelo.it10.com.ar\/index.php\/wp-json\/wp\/v2\/types\/post"}],"author":[{"embeddable":true,"href":"http:\/\/fmriachuelo.it10.com.ar\/index.php\/wp-json\/wp\/v2\/users\/4"}],"replies":[{"embeddable":true,"href":"http:\/\/fmriachuelo.it10.com.ar\/index.php\/wp-json\/wp\/v2\/comments?post=2418"}],"version-history":[{"count":0,"href":"http:\/\/fmriachuelo.it10.com.ar\/index.php\/wp-json\/wp\/v2\/posts\/2418\/revisions"}],"wp:featuredmedia":[{"embeddable":true,"href":"http:\/\/fmriachuelo.it10.com.ar\/index.php\/wp-json\/"}],"wp:attachment":[{"href":"http:\/\/fmriachuelo.it10.com.ar\/index.php\/wp-json\/wp\/v2\/media?parent=2418"}],"wp:term":[{"taxonomy":"category","embeddable":true,"href":"http:\/\/fmriachuelo.it10.com.ar\/index.php\/wp-json\/wp\/v2\/categories?post=2418"},{"taxonomy":"post_tag","embeddable":true,"href":"http:\/\/fmriachuelo.it10.com.ar\/index.php\/wp-json\/wp\/v2\/tags?post=2418"}],"curies":[{"name":"wp","href":"https:\/\/api.w.org\/{rel}","templated":true}]}}