{"id":2403,"date":"2016-08-10T15:33:30","date_gmt":"2016-08-10T15:33:30","guid":{"rendered":"http:\/\/fmriachuelo.com.ar\/ljkjklj\/?p=2403"},"modified":"2016-08-10T15:33:30","modified_gmt":"2016-08-10T15:33:30","slug":"fm-riachuelo-se-suma-a-campana-yonomiento","status":"publish","type":"post","link":"http:\/\/fmriachuelo.it10.com.ar\/index.php\/2016\/08\/10\/fm-riachuelo-se-suma-a-campana-yonomiento\/","title":{"rendered":"FM RIACHUELO SE SUMA A CAMPA\u00d1A #YoNoMiento"},"content":{"rendered":"<p style=\"text-align: justify\"><img loading=\"lazy\" decoding=\"async\" class=\"size-thumbnail wp-image-2405 alignleft\" src=\"http:\/\/fmriachuelo.com.ar\/ljkjklj\/wp-content\/uploads\/2016\/08\/estudio-2-150x150.jpg\" alt=\"estudio 2\" width=\"150\" height=\"150\" \/>[FMR 10\/08\/2016] Esta ma\u00f1ana visitaron el estudio de Mateando en el Riachuelo dos de las compa\u00f1eras que vienen impulsando la campa\u00f1a de visibilizaci\u00f3n contra el abuso sexual infantil #YoNoMiento. Martina, de Madres de la Resistencia, y Sara Barni, de Red Viva, compartieron con la audiencia de la FM Riachuelo sus experiencias en la lucha por proteger los derechos y la dignidad de los m\u00e1s pibes en relaci\u00f3n con una problem\u00e1tica que a\u00fan presenta muchas dificultades para ser abordada, por cuestiones sociales y culturales, pero tambi\u00e9n con serias limitaciones a nivel institucional.<\/p>\n<p style=\"text-align: justify\">El eje de la campa\u00f1a, expresado en su t\u00edtulo, es darle valor a la palabra de los<img loading=\"lazy\" decoding=\"async\" class=\"size-thumbnail wp-image-2406 alignright\" src=\"http:\/\/fmriachuelo.com.ar\/ljkjklj\/wp-content\/uploads\/2016\/08\/estudio-150x150.jpg\" alt=\"estudio\" width=\"150\" height=\"150\" \/> ni\u00f1xs intentando deconstruir una din\u00e1mica social que muchas veces tiende a deslegitimar la veracidad del relato de una v\u00edctima de abuso sexual infantil. Como expres\u00f3 Martina durante la visita: \u00abuna vez que se llega al relato, que el chico cuenta la situaci\u00f3n, no hay otra posibilidad: fue v\u00edctima de abuso y hay que denunciarlo\u00bb.<\/p>\n<p style=\"text-align: justify\">Como parte de la campa\u00f1a, este domingo 14 de agosto se realizar\u00e1 un festival a las 19.30 en el Club Premier, Campichuelo 472 (CABA), que contar\u00e1 con la participaci\u00f3n de artistas y m\u00fasicos invitados, y con la presentaci\u00f3n de informes e investigaciones sobre la situaci\u00f3n de abuso sexual infantil en la CABA. A continuaci\u00f3n reproducimos la programaci\u00f3n del evento:<\/p>\n<p style=\"text-align: justify\"><span id=\"yiv5247214586yui_3_16_0_ym19_1_1470833018168_3839\">PROGRAMACION GENERAL DEL EVENTO<\/span><br id=\"yiv5247214586yui_3_16_0_ym19_1_1470833018168_3840\" \/><span id=\"yiv5247214586yui_3_16_0_ym19_1_1470833018168_3841\">19.30 hs: Presentaci\u00f3n informe sobre 40 casos de Abuso Sexual Infantil en CABA: Revista Hamartia.\u00a0<\/span><span id=\"yiv5247214586yui_3_16_0_ym19_1_1470833018168_3842\"><br id=\"yiv5247214586yui_3_16_0_ym19_1_1470833018168_3843\" \/>19.45 hs: Historia de la lucha por los derechos del ni\u00f1o. Periodismo y ONGS comprometidas. Recorrido de la denuncia judicial, Fuero Penal y Civil: su desarticulaci\u00f3n. El Rol del Fiscal. El mito de la falsa denuncia. S\u00edndrome de alienaci\u00f3n parental: \u00bfun s\u00edndrome o una perversi\u00f3n?. La figura del abogado del ni\u00f1o: Julio C\u00e9sar Castro (fiscal, ex director de la UFISEX), Carlos Rozanski (juez federal), Marcelo Giacoia (Juez de garant\u00edas del Menor de Mercedes)\u00a0<br id=\"yiv5247214586yui_3_16_0_ym19_1_1470833018168_3844\" \/>20:45hs. Consecuencias del abuso. La importancia de hablar y ser escuchada. El backlash. Persecuci\u00f3n y ataque a los profesionales. Las ONG que se posicionan del lado del abusador: Julieta A\u00f1asco (sobreviviente), Daniela Lezcano (psic\u00f3loga), Virginia Berlinerblau (m\u00e9dica psquiatra, perito del Cuerpo M\u00e9dico Forense), Nora Schullman (directora de CASACIDN) y Jorge Garaventa (psic\u00f3logo).<br id=\"yiv5247214586yui_3_16_0_ym19_1_1470833018168_3845\" \/>21:15 hs. El rol de los legisladores. El rol de los dirigentes pol\u00edticos. El rol de los periodistas. Plan de lucha.: Juan Manuel Abal Medina (Senador FPV-PJ). Gustavo L\u00f3pez (Presidente de FORJA), Leandro Santoro (Responsable de Los Irrompibles, Mar\u00eda Elena Naddeo (Directora Gral. Ni\u00f1ez Genero y Diversidad, Defensoria del Pueblo CABA), Sigrid Kunath (Senadora FPV &#8211; PJ), Gabriela Estevez (Diputada Nacional del FPV por C\u00f3rdoba), Mar\u00eda Jos\u00e9 Lubertino (Vicepresidente Frente Grande).\u00a0<br id=\"yiv5247214586yui_3_16_0_ym19_1_1470833018168_3846\" \/>22:00 hs. Cierre. Brindis por los derechos del ni\u00f1o.<br id=\"yiv5247214586yui_3_16_0_ym19_1_1470833018168_3847\" \/><br id=\"yiv5247214586yui_3_16_0_ym19_1_1470833018168_3848\" \/>Adem\u00e1s, la participaci\u00f3n de Gabriela Crespo Mart\u00ed y la magia de Facundo Daelli<br id=\"yiv5247214586yui_3_16_0_ym19_1_1470833018168_3849\" \/><br id=\"yiv5247214586yui_3_16_0_ym19_1_1470833018168_3850\" \/>23 hs.: M\u00fasica en Vivo<br id=\"yiv5247214586yui_3_16_0_ym19_1_1470833018168_3851\" \/>Carlos Barrag\u00e1n (Tango)<br id=\"yiv5247214586yui_3_16_0_ym19_1_1470833018168_3852\" \/>Tita Print (Cumbia)<br id=\"yiv5247214586yui_3_16_0_ym19_1_1470833018168_3853\" \/>Ballenita Mozambique (Salsa, Son, Mozambique, Rumba, Conga)<br id=\"yiv5247214586yui_3_16_0_ym19_1_1470833018168_3854\" \/>01:30 hs: Fiesta.<br id=\"yiv5247214586yui_3_16_0_ym19_1_1470833018168_3855\" \/><br id=\"yiv5247214586yui_3_16_0_ym19_1_1470833018168_3856\" \/>CONVOCAN: Revista Hamartia &#8211; Madres de la Resistencia &#8211; La Sim\u00f3n Bol\u00edvar &#8211; Centro Cultural de la Cooperaci\u00f3n &#8211; DESCAMISADOS &#8211; ESPORARTE (Barrio Espora) &#8211; PARTIDO SOLIDARIO &#8211; FORJA &#8211; CLADEM ARGENTINA (Comit\u00e9 de Am\u00e9rica Latina y el Caribe para la Defensa de los Derechos de las Mujeres) &#8211; CASACIDN (Comit\u00e9 Argentino de Seguimiento y Aplicaci\u00f3n de la Convenci\u00f3n Internacional sobre los Derechos del Ni\u00f1o) &#8211; SITRAJU (Sindicato de Trabajadores Judiciales de CABA) &#8211; Agrupaci\u00f3n Docente El Desborde Educativo &#8211; Asamblea Permanente por los Derechos Humanos &#8211; Defensor\u00eda del Pueblo de la Ciudad de Buenos Aires, \u00c1rea de ni\u00f1ez, adolescencia, g\u00e9nero y diversidad -Agrupaci\u00f3n Mundanas \u2013 APBA (Asociaci\u00f3n de Psic\u00f3logos de Buenos Aires) &#8211; Red Viva (Asociaci\u00f3n de Red de V\u00edctimas de Violencia &#8211; Olavarr\u00eda Despierta \u2013 Fundaci\u00f3n SALUD ACTIVA \u2013 ONG Con La Frente Bien Alta \u2013 RED PAR \u2013 Justicia Por Florencia \u2013 Fundaci\u00f3n Carolina Al\u00f3 &#8211; LesMadres- Manada Feminista &#8211; FUNDACION Volviendo a Casa- Red por la Infancia &#8211; Con los gurises no &#8211; Instituto de G\u00e9nero Sapa Kippa &#8211; Mujeres sin Miedo &#8211; Institituo Movilizador de Fondos Cooperativos &#8211; Asosiaci\u00f3n Civil La Casona de los Barriletes &#8211; Colectivo de Derechos de Infancia y Adolescencia &#8211; Voces de Barro &#8211; Diversamente &#8211; Club C\u00e1rdenas &#8211; Militancia Popular, Comuna 9 &#8211; Colectivo Pedag\u00f3fico Presente &#8211; La Usina de Kion Psicodrama &#8211; Asociaci\u00f3n Ciudadana por los DDHH &#8211; Agrupaci\u00f3n Mariano Moreno &#8211; Centro Cultural La Rosa Blindada &#8211; ACT (Artistas contra la Trata) &#8211; Ciclo de Reflexi\u00f3n sobre Educaci\u00f3n Popular en la escuela p\u00fablica: Mary S\u00e1nchez &#8211; Editorial Ciccus &#8211; Telesur &#8211; Radio Rebelde AM740 &#8211; Urbana TV &#8211; Radio Sur &#8211; Infobaires24 &#8211; KUMPAS &#8211; Catedra Lubertino de Principios de Derechos Humanos y Derecho Constitucional UBA CBC &#8211; Grupo Carl\u00edn &#8211; El Fin del Mundo Radio Show &#8211; Revista Amerindios &#8211; Revista Desde el Pie &#8211; CPA Lezama &#8211; PATRIA GRANDE \u2013 ATE Capital &#8211; KOLINA &#8211; LOS IRROMPIBLES &#8211; MOVIMIENTO EVITA &#8211; CTA Sec. Gral. Hugo Yasky &#8211; CTA Au\u00f3noma, Sec. Gral. Pablo Michelli- PJ Derechos Humanos &#8211; Encuentro por la Ni\u00f1ez y la Adolescencia (Nuevo Encuentro) &#8211; Partido Comunista &#8211; SEAMOS LIBRES &#8211; MILES \u2013 Secretar\u00eda de la Mujer PJ &#8211; FRENTE GRANDE Y la lista se sigue agrandando&#8230;<\/span><\/p>\n","protected":false},"excerpt":{"rendered":"<p>[FMR 10\/08\/2016] Esta ma\u00f1ana visitaron el estudio de Mateando en el Riachuelo dos de las compa\u00f1eras que vienen impulsando la campa\u00f1a de visibilizaci\u00f3n contra el abuso sexual infantil #YoNoMiento. Martina, de Madres de la Resistencia, y Sara Barni, de Red Viva, compartieron con la audiencia de la FM Riachuelo sus experiencias en la lucha por [&hellip;]<\/p>\n","protected":false},"author":4,"featured_media":2404,"comment_status":"open","ping_status":"open","sticky":false,"template":"","format":"standard","meta":{"_monsterinsights_skip_tracking":false,"_monsterinsights_sitenote_active":false,"_monsterinsights_sitenote_note":"","_monsterinsights_sitenote_category":0,"jnews-multi-image_gallery":[],"jnews_single_post":[],"jnews_primary_category":[],"_joinchat":[],"footnotes":""},"categories":[76],"tags":[],"class_list":["post-2403","post","type-post","status-publish","format-standard","has-post-thumbnail","hentry","category-salud-comunitaria"],"_links":{"self":[{"href":"http:\/\/fmriachuelo.it10.com.ar\/index.php\/wp-json\/wp\/v2\/posts\/2403","targetHints":{"allow":["GET"]}}],"collection":[{"href":"http:\/\/fmriachuelo.it10.com.ar\/index.php\/wp-json\/wp\/v2\/posts"}],"about":[{"href":"http:\/\/fmriachuelo.it10.com.ar\/index.php\/wp-json\/wp\/v2\/types\/post"}],"author":[{"embeddable":true,"href":"http:\/\/fmriachuelo.it10.com.ar\/index.php\/wp-json\/wp\/v2\/users\/4"}],"replies":[{"embeddable":true,"href":"http:\/\/fmriachuelo.it10.com.ar\/index.php\/wp-json\/wp\/v2\/comments?post=2403"}],"version-history":[{"count":0,"href":"http:\/\/fmriachuelo.it10.com.ar\/index.php\/wp-json\/wp\/v2\/posts\/2403\/revisions"}],"wp:featuredmedia":[{"embeddable":true,"href":"http:\/\/fmriachuelo.it10.com.ar\/index.php\/wp-json\/"}],"wp:attachment":[{"href":"http:\/\/fmriachuelo.it10.com.ar\/index.php\/wp-json\/wp\/v2\/media?parent=2403"}],"wp:term":[{"taxonomy":"category","embeddable":true,"href":"http:\/\/fmriachuelo.it10.com.ar\/index.php\/wp-json\/wp\/v2\/categories?post=2403"},{"taxonomy":"post_tag","embeddable":true,"href":"http:\/\/fmriachuelo.it10.com.ar\/index.php\/wp-json\/wp\/v2\/tags?post=2403"}],"curies":[{"name":"wp","href":"https:\/\/api.w.org\/{rel}","templated":true}]}}