{"id":2392,"date":"2016-08-09T13:08:02","date_gmt":"2016-08-09T13:08:02","guid":{"rendered":"http:\/\/fmriachuelo.com.ar\/ljkjklj\/?p=2392"},"modified":"2016-08-09T13:08:02","modified_gmt":"2016-08-09T13:08:02","slug":"volvioinfonews-recuperada-por-sus-trabajadores","status":"publish","type":"post","link":"http:\/\/fmriachuelo.it10.com.ar\/index.php\/2016\/08\/09\/volvioinfonews-recuperada-por-sus-trabajadores\/","title":{"rendered":"#VOLVIOINFONEWS RECUPERADA POR SUS TRABAJADORES"},"content":{"rendered":"<p style=\"text-align: justify\">Difundimos comunicado:<br \/>\nHace poco m\u00e1s de tres meses, nos toc\u00f3 dar la noticia m\u00e1s triste: por decisi\u00f3n de los directivos del Grupo Veintitr\u00e9s, Infonews cerraba como medio y dejaba de existir. Hoy, gracias al impulso de sus trabajadores y la solidaridad de numerosos espacios que nos apoyaron, salimos a anunciar que: #Volvi\u00f3Infonews<\/p>\n<p style=\"text-align: justify\">Somos periodistas, community managers, dise\u00f1adores, fot\u00f3grafos y programadores que -tras quedarnos sin trabajo, con meses de sueldos adeudados y sin indemnizaci\u00f3n- decidimos formar una cooperativa para retomar el proyecto al que muchos de nosotros pertenec\u00edamos desde 2008 y que era seguido por cientos de miles de lectores cada d\u00eda, desde nuestra p\u00e1gina, redes sociales y plataformas m\u00f3viles.<\/p>\n<p style=\"text-align: justify\">Creemos que se abre una nueva etapa en la historia de los medios argentinos y del gremio de prensa. Saludamos a todos los medios gr\u00e1ficos y radios cooperativas que que d\u00eda a d\u00eda luchan contra la corriente para hacer un periodismo m\u00e1s justo y representativo. Como parte de los 800 trabajadores del Grupo Veintitr\u00e9s que se quedaron sin su fuente laboral por decisi\u00f3n de Sergio Szpolski y Mat\u00edas Garfunkel, asumimos la tarea con responsabilidad y entusiasmo<\/p>\n<p style=\"text-align: justify\">Estamos convencidos de la necesidad de que exista pluralidad de voces para consolidar una sociedad m\u00e1s justa e igualitaria y seguiremos comprometidos con las causas sociales, la defensa de los derechos humanos y la lucha contra cualquier tipo de violencia.<\/p>\n<p style=\"text-align: justify\">A partir de hoy, esperamos volver a encontrarnos con nuestros lectores \u2013los de ayer, los de siempre, los que vendr\u00e1n- y retomar el di\u00e1logo franco que hace tanto tiempo tenemos. Estamos en el lugar de siempre, en nuestra casa:www.infonews.com<\/p>\n<p style=\"text-align: justify\">Trabajadores de Infonews Cooperativa<\/p>\n<p style=\"text-align: justify\">Solicitamos a los colegas la difusi\u00f3n de esta informaci\u00f3n. En redes sociales, lo pueden hacer bajo el hashtag #Volvi\u00f3Infonews<\/p>\n<p style=\"text-align: justify\">\nContactos para entrevistas:<\/p>\n<p style=\"text-align: justify\">Gustavo Streger, Director period\u00edstico: 15 50 29 93 51<\/p>\n<p style=\"text-align: justify\">Pablo Albornoz, Presidente de Infonews Cooperativa: 15 58 65 14 38<\/p>\n","protected":false},"excerpt":{"rendered":"<p>Difundimos comunicado: Hace poco m\u00e1s de tres meses, nos toc\u00f3 dar la noticia m\u00e1s triste: por decisi\u00f3n de los directivos del Grupo Veintitr\u00e9s, Infonews cerraba como medio y dejaba de existir. Hoy, gracias al impulso de sus trabajadores y la solidaridad de numerosos espacios que nos apoyaron, salimos a anunciar que: #Volvi\u00f3Infonews Somos periodistas, community [&hellip;]<\/p>\n","protected":false},"author":4,"featured_media":2393,"comment_status":"open","ping_status":"open","sticky":false,"template":"","format":"standard","meta":{"_monsterinsights_skip_tracking":false,"_monsterinsights_sitenote_active":false,"_monsterinsights_sitenote_note":"","_monsterinsights_sitenote_category":0,"jnews-multi-image_gallery":[],"jnews_single_post":[],"jnews_primary_category":[],"_joinchat":[],"footnotes":""},"categories":[76],"tags":[],"class_list":["post-2392","post","type-post","status-publish","format-standard","has-post-thumbnail","hentry","category-salud-comunitaria"],"_links":{"self":[{"href":"http:\/\/fmriachuelo.it10.com.ar\/index.php\/wp-json\/wp\/v2\/posts\/2392","targetHints":{"allow":["GET"]}}],"collection":[{"href":"http:\/\/fmriachuelo.it10.com.ar\/index.php\/wp-json\/wp\/v2\/posts"}],"about":[{"href":"http:\/\/fmriachuelo.it10.com.ar\/index.php\/wp-json\/wp\/v2\/types\/post"}],"author":[{"embeddable":true,"href":"http:\/\/fmriachuelo.it10.com.ar\/index.php\/wp-json\/wp\/v2\/users\/4"}],"replies":[{"embeddable":true,"href":"http:\/\/fmriachuelo.it10.com.ar\/index.php\/wp-json\/wp\/v2\/comments?post=2392"}],"version-history":[{"count":0,"href":"http:\/\/fmriachuelo.it10.com.ar\/index.php\/wp-json\/wp\/v2\/posts\/2392\/revisions"}],"wp:featuredmedia":[{"embeddable":true,"href":"http:\/\/fmriachuelo.it10.com.ar\/index.php\/wp-json\/"}],"wp:attachment":[{"href":"http:\/\/fmriachuelo.it10.com.ar\/index.php\/wp-json\/wp\/v2\/media?parent=2392"}],"wp:term":[{"taxonomy":"category","embeddable":true,"href":"http:\/\/fmriachuelo.it10.com.ar\/index.php\/wp-json\/wp\/v2\/categories?post=2392"},{"taxonomy":"post_tag","embeddable":true,"href":"http:\/\/fmriachuelo.it10.com.ar\/index.php\/wp-json\/wp\/v2\/tags?post=2392"}],"curies":[{"name":"wp","href":"https:\/\/api.w.org\/{rel}","templated":true}]}}