{"id":2364,"date":"2016-08-08T00:18:42","date_gmt":"2016-08-08T00:18:42","guid":{"rendered":"http:\/\/fmriachuelo.com.ar\/ljkjklj\/?p=2364"},"modified":"2016-08-08T00:18:42","modified_gmt":"2016-08-08T00:18:42","slug":"7-de-agosto-marcha-de-san-cayetano-de-liners-a-plaza-de-mayo-por-pan-paz-tierra-techo-y-trabajo","status":"publish","type":"post","link":"http:\/\/fmriachuelo.it10.com.ar\/index.php\/2016\/08\/08\/7-de-agosto-marcha-de-san-cayetano-de-liners-a-plaza-de-mayo-por-pan-paz-tierra-techo-y-trabajo\/","title":{"rendered":"7 DE AGOSTO: MARCHA DE SAN CAYETANO,  DE LINERS A PLAZA DE MAYO, POR PAN, PAZ, TIERRA, TECHO Y TRABAJO"},"content":{"rendered":"<p style=\"text-align: justify\">[FMR 07\/08\/16] Masiva marcha de\u00a0<a class=\"_58cn\" href=\"https:\/\/www.facebook.com\/hashtag\/sancayetano?source=feed_text&amp;story_id=1116426841745863\"><span class=\"_58cl\">#\u200e<\/span><span class=\"_58cm\">SanCayetano\u202c<\/span><\/a> se realiz\u00f3, desde\u00a0la iglesia ubicada en el barrio de Liniers hasta Plaza de Mayo, bajo la consigna <strong>Pan, Paz, Trabajo, Techo y Tierra<\/strong>\u00a0. Una convocatoria realizada por: Barrios de Pie, Confederaci\u00f3n de Trabajadores de la Econom\u00eda Popular y la Corriente Clasista y Combativa, que reuni\u00f3 alrededor de\u00a0100.000 trabajadores de la econom\u00eda popular, que llegaron de diferentes regiones de nuestro pa\u00eds.\u00a0\u00a0A\u00a0la movilizaci\u00f3n\u00a0tambi\u00e9n se sumaron gremios de base\u00a0nucleados en la centrales sindicales: CGT, CTA,\u00a0como muestra de la unidad del campo de los trabajadores, tal lo expresado por \u00a0sus referentes. La movilizaci\u00f3n concluy\u00f3 con un acto central realizado en el escenario en Plaza de Mayo, donde se entreg\u00f3 un reconocimiento \u00a0a personalidades ligadas\u00a0la lucha por los derechos humanos y por los derechos del pueblo trabajador y a continuaci\u00f3n hablaron\u00a0los referentes de cada una de las organizaciones convocantes. La convocatoria \u00a0concluy\u00f3 con la presencia y la m\u00fasica del cantante popular Peteco Carabajal.<\/p>\n<p style=\"text-align: justify\"><span style=\"color: #ff0000\"><strong>Fm Riachuelo<\/strong><\/span> acompa\u00f1\u00f3 la jornada con una trasmisi\u00f3n especial, que se realiz\u00f3 desde un cami\u00f3n m\u00f3vil, que permiti\u00f3 escuchar las m\u00faltiples voces que estuvieron presentes. Hacer oir\u00a0las voces silenciadas del campo popular organizado y poner en agenda medi\u00e1tica sus problem\u00e1ticas, fue la tarea de la jornada.<\/p>\n<p style=\"text-align: justify\">Escuch\u00e1 los testimonios m\u00e1s importantes de la jornada:<\/p>\n<p style=\"text-align: justify\">Un importante n\u00famero de organizaciones sociales, pol\u00edticas y territoriales march\u00f3 pac\u00edficamente\u00a0desde la iglesia de San Cayetano, en esta fecha en que se homenajea al patrono\u00a0del pan\u00a0y del trabajo, \u00a0 recorri\u00f3 13 km. hasta Plaza de Mayo, como expresi\u00f3n del sector m\u00e1s vulnerado por las actuales pol\u00edticas de gobierno. Una\u00a0movilizaci\u00f3n\u00a0de signo federal, que\u00a0congreg\u00f3 a los trabajadores de la econom\u00eda popular nucleados en organizaciones del territorio de esta ciudad y la provincia de Buenos Aires mientras\u00a0tambi\u00e9n se\u00a0hicieron presentes delegaciones de diferentes puntos del pa\u00eds. Al mismo tiempo en el \u00faltimo tramo de la marcha, \u00a0la presencia de una cantidad importante de p\u00fablico \u00a0se sum\u00f3\u00a0a la amplia convocatoria.<\/p>\n<p style=\"text-align: justify\"><img loading=\"lazy\" decoding=\"async\" class=\"size-thumbnail wp-image-2374 alignleft\" src=\"http:\/\/fmriachuelo.com.ar\/ljkjklj\/wp-content\/uploads\/2016\/08\/Doble-Ctep-CCC-BP-150x150.jpg\" alt=\"Doble Ctep CCC BP\" width=\"150\" height=\"150\" \/><\/p>\n<p style=\"text-align: justify\">El acto de cierre se inici\u00f3 poco antes de las 17 hs. Comenz\u00f3 con la entrega de reconocimientos\u00a0a los luchadores del campo de los derechos humanos:\u00a0Nora Corti\u00f1as, Madre de Plaza de Mayo linea Fundadora, Adolfo Perez Ezquivel del SERPAJ y Osvaldo Bayer. Tambi\u00e9n se reconoci\u00f3 a hist\u00f3ricos luchadores por los derechos sociales entre los que se destac\u00f3 a\u00a0\u00a0Pepino Fern\u00e1ndez, Sa\u00fal Ubaldini, Victor De Genaro, entre otros. Nora Corti\u00f1as resalt\u00f3 la necesidad de\u00a0la lucha actual al tiempo que hizo presentes a los 30.000 detenidos desaparecidos. Adolfo Perez Ezquivel destac\u00f3 que: \u00abel hambre es un crimen\u00bb.<\/p>\n<p style=\"text-align: justify\"><img loading=\"lazy\" decoding=\"async\" class=\"size-thumbnail wp-image-2375 alignleft\" src=\"http:\/\/fmriachuelo.com.ar\/ljkjklj\/wp-content\/uploads\/2016\/08\/mosaico-columnas-1-150x150.jpg\" alt=\"mosaico columnas (1)\" width=\"150\" height=\"150\" \/><\/p>\n<p style=\"text-align: justify\">Para finalizar tomaron la palabra los referentes de Barrios de Pie, CTEP y CCC que coincidieron, a su tiempo, en destacar la importancia de una jornada que muestra que la unidad es posible y hacer un llamado a la unidad de la clase trabajadora. Daniel Men\u00e9ndez de Barrios de Pie conden\u00f3 las actuales pol\u00edticas de exclusi\u00f3n y destac\u00f3 que la \u00a0paz est\u00e1 unida a la posibilidad de trabajo para los sectores populares. Amancay Ardura de la Corriente Clasista y Combativa tambi\u00e9n coincidi\u00f3 en el an\u00e1lisis de las actuales pol\u00edticas de gobierno e hizo un llamamiento a la unidad de la clase obrera. En \u00faltimo t\u00e9rmino cerr\u00f3 el discurso del secretario general de la Confederaci\u00f3n de Trabajadores de la Econom\u00eda Popular, Esteban \u00abGringo Castro\u00bb que hizo un breve an\u00e1lisis de las duras condiciones que vive el sector que el representa que d\u00eda a d\u00eda es perseguido en las calles, hizo un llamamiento a la consigna: \u00abNi un pibe menos\u00bb, \u00a0por la cr\u00edtica situaci\u00f3n de los j\u00f3venes de las clases populares y sum\u00f3 la adhesi\u00f3n a las pr\u00f3ximas movilizaciones que est\u00e1n en la agenda de los sectores gremiales.<\/p>\n<p style=\"text-align: justify\"><img loading=\"lazy\" decoding=\"async\" class=\"size-thumbnail wp-image-2376 alignleft\" src=\"http:\/\/fmriachuelo.com.ar\/ljkjklj\/wp-content\/uploads\/2016\/08\/Escenario-150x150.jpg\" alt=\"Escenario\" width=\"150\" height=\"150\" \/><\/p>\n<p style=\"text-align: justify\">La masiva movilizaci\u00f3n popular\u00a0finaliz\u00f3 con la desconcentraci\u00f3n pac\u00edfica de los miles de trabajadores presentes en la plaza, sin ninguna presencia policial para cuidar a la multitud.<\/p>\n","protected":false},"excerpt":{"rendered":"<p>[FMR 07\/08\/16] Masiva marcha de\u00a0#\u200eSanCayetano\u202c se realiz\u00f3, desde\u00a0la iglesia ubicada en el barrio de Liniers hasta Plaza de Mayo, bajo la consigna Pan, Paz, Trabajo, Techo y Tierra\u00a0. Una convocatoria realizada por: Barrios de Pie, Confederaci\u00f3n de Trabajadores de la Econom\u00eda Popular y la Corriente Clasista y Combativa, que reuni\u00f3 alrededor de\u00a0100.000 trabajadores de la [&hellip;]<\/p>\n","protected":false},"author":4,"featured_media":2366,"comment_status":"open","ping_status":"open","sticky":false,"template":"","format":"standard","meta":{"_monsterinsights_skip_tracking":false,"_monsterinsights_sitenote_active":false,"_monsterinsights_sitenote_note":"","_monsterinsights_sitenote_category":0,"jnews-multi-image_gallery":[],"jnews_single_post":[],"jnews_primary_category":[],"_joinchat":[],"footnotes":""},"categories":[76,74,75],"tags":[],"class_list":["post-2364","post","type-post","status-publish","format-standard","has-post-thumbnail","hentry","category-salud-comunitaria","category-san-cayetano","category-trabajo"],"_links":{"self":[{"href":"http:\/\/fmriachuelo.it10.com.ar\/index.php\/wp-json\/wp\/v2\/posts\/2364","targetHints":{"allow":["GET"]}}],"collection":[{"href":"http:\/\/fmriachuelo.it10.com.ar\/index.php\/wp-json\/wp\/v2\/posts"}],"about":[{"href":"http:\/\/fmriachuelo.it10.com.ar\/index.php\/wp-json\/wp\/v2\/types\/post"}],"author":[{"embeddable":true,"href":"http:\/\/fmriachuelo.it10.com.ar\/index.php\/wp-json\/wp\/v2\/users\/4"}],"replies":[{"embeddable":true,"href":"http:\/\/fmriachuelo.it10.com.ar\/index.php\/wp-json\/wp\/v2\/comments?post=2364"}],"version-history":[{"count":0,"href":"http:\/\/fmriachuelo.it10.com.ar\/index.php\/wp-json\/wp\/v2\/posts\/2364\/revisions"}],"wp:featuredmedia":[{"embeddable":true,"href":"http:\/\/fmriachuelo.it10.com.ar\/index.php\/wp-json\/"}],"wp:attachment":[{"href":"http:\/\/fmriachuelo.it10.com.ar\/index.php\/wp-json\/wp\/v2\/media?parent=2364"}],"wp:term":[{"taxonomy":"category","embeddable":true,"href":"http:\/\/fmriachuelo.it10.com.ar\/index.php\/wp-json\/wp\/v2\/categories?post=2364"},{"taxonomy":"post_tag","embeddable":true,"href":"http:\/\/fmriachuelo.it10.com.ar\/index.php\/wp-json\/wp\/v2\/tags?post=2364"}],"curies":[{"name":"wp","href":"https:\/\/api.w.org\/{rel}","templated":true}]}}