{"id":2357,"date":"2016-08-06T19:43:58","date_gmt":"2016-08-06T19:43:58","guid":{"rendered":"http:\/\/fmriachuelo.com.ar\/ljkjklj\/?p=2357"},"modified":"2016-08-06T19:43:58","modified_gmt":"2016-08-06T19:43:58","slug":"la-boca-organizaciones-populares-se-movilizan-este-7-de-agosto-a-plaza-de-mayo","status":"publish","type":"post","link":"http:\/\/fmriachuelo.it10.com.ar\/index.php\/2016\/08\/06\/la-boca-organizaciones-populares-se-movilizan-este-7-de-agosto-a-plaza-de-mayo\/","title":{"rendered":"LA BOCA: ORGANIZACIONES POPULARES SE MOVILIZAN ESTE 7 DE AGOSTO A PLAZA DE MAYO"},"content":{"rendered":"<p style=\"text-align: justify\">[FMR 06\/08\/16] Ma\u00f1ana 7 de agosto se realizar\u00e1\u00a0una multitudinaria marcha\u00a0del conjunto de los trabajadores de la econom\u00eda popular unidos desde la iglesia de San Cayetano (Liniers) hasta Plaza de Mayo por Pan, Paz y Trabajo. Otros gremios tambi\u00e9n se sumaron a esta iniciativa que se manifiesta frente a las pol\u00edticas de gobierno, recuperando los s\u00edmbolos m\u00e1s caros en el sentir popular, que fueron emblem\u00e1ticos contra las pol\u00edticas neoliberales. Desde el barrio de La Boca las organizaciones populares se sumar\u00e1n para ser part\u00edcipes de la movilizaci\u00f3n. Fm Riachuelo con una amplia cobertura desde el lugar con trasmisi\u00f3n en vivo y la voz de los participantes, en una nueva batalla por la comunicaci\u00f3n popular, para hacer oir las voces silenciadas.<\/p>\n<p style=\"text-align: justify\">La masiva manifestaci\u00f3n y marcha comenzar\u00e1 en la iglesia de San Cayetano, del barrio de Liniers, para dirigirse hasta Plaza de Mayo, con algunas estaciones intermedias en Plaza Once y Plaza de los dos Congresos. Trabajadores y figuras destacadas del campo de la cultura y los derechos humanos han comprometido su presencia, para solidarizarse con las luchas de los sectores m\u00e1s vulnerables.<\/p>\n<p style=\"text-align: justify\">A continuaci\u00f3n la Conferencia de Prensa donde se anuncia la movilizaci\u00f3n:<\/p>\n<div class=\"epyt-video-wrapper\"><iframe loading=\"lazy\"  id=\"_ytid_12504\"  width=\"800\" height=\"450\"  data-origwidth=\"800\" data-origheight=\"450\"  data-relstop=\"1\" src=\"https:\/\/www.youtube.com\/embed\/OgGOw19fN3A?enablejsapi=1&#038;autoplay=0&#038;cc_load_policy=0&#038;cc_lang_pref=&#038;iv_load_policy=1&#038;loop=0&#038;modestbranding=0&#038;rel=0&#038;fs=1&#038;playsinline=0&#038;autohide=2&#038;theme=dark&#038;color=red&#038;controls=1&#038;\" class=\"__youtube_prefs__  epyt-is-override  no-lazyload\" title=\"YouTube player\"  allow=\"fullscreen; accelerometer; autoplay; clipboard-write; encrypted-media; gyroscope; picture-in-picture\" allowfullscreen data-no-lazy=\"1\" data-skipgform_ajax_framebjll=\"\"><\/iframe><\/div>\n","protected":false},"excerpt":{"rendered":"<p>[FMR 06\/08\/16] Ma\u00f1ana 7 de agosto se realizar\u00e1\u00a0una multitudinaria marcha\u00a0del conjunto de los trabajadores de la econom\u00eda popular unidos desde la iglesia de San Cayetano (Liniers) hasta Plaza de Mayo por Pan, Paz y Trabajo. Otros gremios tambi\u00e9n se sumaron a esta iniciativa que se manifiesta frente a las pol\u00edticas de gobierno, recuperando los s\u00edmbolos [&hellip;]<\/p>\n","protected":false},"author":4,"featured_media":2358,"comment_status":"open","ping_status":"open","sticky":false,"template":"","format":"video","meta":{"_monsterinsights_skip_tracking":false,"_monsterinsights_sitenote_active":false,"_monsterinsights_sitenote_note":"","_monsterinsights_sitenote_category":0,"jnews-multi-image_gallery":[],"jnews_single_post":[],"jnews_primary_category":[],"_joinchat":[],"footnotes":""},"categories":[76],"tags":[],"class_list":["post-2357","post","type-post","status-publish","format-video","has-post-thumbnail","hentry","category-salud-comunitaria","post_format-post-format-video"],"_links":{"self":[{"href":"http:\/\/fmriachuelo.it10.com.ar\/index.php\/wp-json\/wp\/v2\/posts\/2357","targetHints":{"allow":["GET"]}}],"collection":[{"href":"http:\/\/fmriachuelo.it10.com.ar\/index.php\/wp-json\/wp\/v2\/posts"}],"about":[{"href":"http:\/\/fmriachuelo.it10.com.ar\/index.php\/wp-json\/wp\/v2\/types\/post"}],"author":[{"embeddable":true,"href":"http:\/\/fmriachuelo.it10.com.ar\/index.php\/wp-json\/wp\/v2\/users\/4"}],"replies":[{"embeddable":true,"href":"http:\/\/fmriachuelo.it10.com.ar\/index.php\/wp-json\/wp\/v2\/comments?post=2357"}],"version-history":[{"count":0,"href":"http:\/\/fmriachuelo.it10.com.ar\/index.php\/wp-json\/wp\/v2\/posts\/2357\/revisions"}],"wp:featuredmedia":[{"embeddable":true,"href":"http:\/\/fmriachuelo.it10.com.ar\/index.php\/wp-json\/"}],"wp:attachment":[{"href":"http:\/\/fmriachuelo.it10.com.ar\/index.php\/wp-json\/wp\/v2\/media?parent=2357"}],"wp:term":[{"taxonomy":"category","embeddable":true,"href":"http:\/\/fmriachuelo.it10.com.ar\/index.php\/wp-json\/wp\/v2\/categories?post=2357"},{"taxonomy":"post_tag","embeddable":true,"href":"http:\/\/fmriachuelo.it10.com.ar\/index.php\/wp-json\/wp\/v2\/tags?post=2357"}],"curies":[{"name":"wp","href":"https:\/\/api.w.org\/{rel}","templated":true}]}}