{"id":2351,"date":"2016-08-05T00:53:35","date_gmt":"2016-08-05T00:53:35","guid":{"rendered":"http:\/\/fmriachuelo.com.ar\/ljkjklj\/?p=2351"},"modified":"2016-08-05T00:53:35","modified_gmt":"2016-08-05T00:53:35","slug":"ruidazo-en-la-boca","status":"publish","type":"post","link":"http:\/\/fmriachuelo.it10.com.ar\/index.php\/2016\/08\/05\/ruidazo-en-la-boca\/","title":{"rendered":"#RUIDAZO EN LA BOCA"},"content":{"rendered":"<p style=\"text-align: justify\">[FMR 04\/08\/2016] Esta noche el barrio de La Boca dijo presente en una <img loading=\"lazy\" decoding=\"async\" class=\"size-thumbnail wp-image-2353 alignleft\" src=\"http:\/\/fmriachuelo.com.ar\/ljkjklj\/wp-content\/uploads\/2016\/08\/ruidazo-3-150x150.jpg\" alt=\"ruidazo 3\" width=\"150\" height=\"150\" \/>masiva jornada de movilizaci\u00f3n en todo el pa\u00eds contra las pol\u00edticas de ajuste de Macri. El #Ruidazo concentr\u00f3 vecinas, vecinos, militantes y organizaciones en las principales esquinas de nuestro barrio.<\/p>\n<p style=\"text-align: justify\">El malestar creciente y la indignaci\u00f3n contra medidas, como el tarifazo y la <img loading=\"lazy\" decoding=\"async\" class=\"size-thumbnail wp-image-2354 alignright\" src=\"http:\/\/fmriachuelo.com.ar\/ljkjklj\/wp-content\/uploads\/2016\/08\/ruidazo-150x150.jpg\" alt=\"ruidazo\" width=\"150\" height=\"150\" \/>persecuci\u00f3n pol\u00edtica contra las organizaciones, se hizo notar en la cantidad de participantes que en todas las esquinas super\u00f3 la convocatoria del ruidazo anterior. Tambi\u00e9n fue notoria una actitud m\u00e1s combativa que se evidenci\u00f3 en los cortes totales de avenidas que se realizaron en Avenida Brown y Olavarr\u00eda, las emblem\u00e1ticas \u00ab5 Esquinas\u00bb, y Avenida Patricios y Su\u00e1rez.<\/p>\n<p style=\"text-align: justify\">\n<img loading=\"lazy\" decoding=\"async\" class=\"size-thumbnail wp-image-2355 alignleft\" src=\"http:\/\/fmriachuelo.com.ar\/ljkjklj\/wp-content\/uploads\/2016\/08\/torta-frita-2-150x150.jpg\" alt=\"torta frita 2\" width=\"150\" height=\"150\" \/>Las organizaciones sociales tambi\u00e9n se sumaron buscando formas creativas de solidarizarse con el ruidazo y con los afectados por el salvaje proceso de exclusi\u00f3n que el macrismo viene impulsando desde que asumi\u00f3 la conducci\u00f3n del gobierno nacional. La Organizaci\u00f3n Social y Pol\u00edtica Los Pibes, de La Boca, junto con el Movimiento de Trabajadores Excluidos, ambas parte de la Confederaci\u00f3n de Trabajadores de la Econom\u00eda Popular (CTEP), montaron frente al Congreso de la Naci\u00f3n un puesto de tortas fritas que convidaron a los participantes de la movilizaci\u00f3n y a la gran cantidad de vecinos Sin Techo que pasan la noche en la Plaza de los Dos Congresos.<\/p>\n<p style=\"text-align: justify\">FM Riachuelo realiz\u00f3 una transmisi\u00f3n especial para hacer ruido d\u00e1ndole voz a los distintos puntos del barrio y de la ciudad.<\/p>\n<p>&nbsp;<\/p>\n","protected":false},"excerpt":{"rendered":"<p>[FMR 04\/08\/2016] Esta noche el barrio de La Boca dijo presente en una masiva jornada de movilizaci\u00f3n en todo el pa\u00eds contra las pol\u00edticas de ajuste de Macri. El #Ruidazo concentr\u00f3 vecinas, vecinos, militantes y organizaciones en las principales esquinas de nuestro barrio. El malestar creciente y la indignaci\u00f3n contra medidas, como el tarifazo y [&hellip;]<\/p>\n","protected":false},"author":4,"featured_media":2352,"comment_status":"open","ping_status":"open","sticky":false,"template":"","format":"standard","meta":{"_monsterinsights_skip_tracking":false,"_monsterinsights_sitenote_active":false,"_monsterinsights_sitenote_note":"","_monsterinsights_sitenote_category":0,"jnews-multi-image_gallery":[],"jnews_single_post":[],"jnews_primary_category":[],"_joinchat":[],"footnotes":""},"categories":[76],"tags":[],"class_list":["post-2351","post","type-post","status-publish","format-standard","has-post-thumbnail","hentry","category-salud-comunitaria"],"_links":{"self":[{"href":"http:\/\/fmriachuelo.it10.com.ar\/index.php\/wp-json\/wp\/v2\/posts\/2351","targetHints":{"allow":["GET"]}}],"collection":[{"href":"http:\/\/fmriachuelo.it10.com.ar\/index.php\/wp-json\/wp\/v2\/posts"}],"about":[{"href":"http:\/\/fmriachuelo.it10.com.ar\/index.php\/wp-json\/wp\/v2\/types\/post"}],"author":[{"embeddable":true,"href":"http:\/\/fmriachuelo.it10.com.ar\/index.php\/wp-json\/wp\/v2\/users\/4"}],"replies":[{"embeddable":true,"href":"http:\/\/fmriachuelo.it10.com.ar\/index.php\/wp-json\/wp\/v2\/comments?post=2351"}],"version-history":[{"count":0,"href":"http:\/\/fmriachuelo.it10.com.ar\/index.php\/wp-json\/wp\/v2\/posts\/2351\/revisions"}],"wp:featuredmedia":[{"embeddable":true,"href":"http:\/\/fmriachuelo.it10.com.ar\/index.php\/wp-json\/"}],"wp:attachment":[{"href":"http:\/\/fmriachuelo.it10.com.ar\/index.php\/wp-json\/wp\/v2\/media?parent=2351"}],"wp:term":[{"taxonomy":"category","embeddable":true,"href":"http:\/\/fmriachuelo.it10.com.ar\/index.php\/wp-json\/wp\/v2\/categories?post=2351"},{"taxonomy":"post_tag","embeddable":true,"href":"http:\/\/fmriachuelo.it10.com.ar\/index.php\/wp-json\/wp\/v2\/tags?post=2351"}],"curies":[{"name":"wp","href":"https:\/\/api.w.org\/{rel}","templated":true}]}}