{"id":2343,"date":"2016-08-04T14:14:08","date_gmt":"2016-08-04T14:14:08","guid":{"rendered":"http:\/\/fmriachuelo.com.ar\/ljkjklj\/?p=2343"},"modified":"2016-08-04T14:14:08","modified_gmt":"2016-08-04T14:14:08","slug":"economia-popular-en-debate","status":"publish","type":"post","link":"http:\/\/fmriachuelo.it10.com.ar\/index.php\/2016\/08\/04\/economia-popular-en-debate\/","title":{"rendered":"ECONOM\u00cdA POPULAR EN DEBATE"},"content":{"rendered":"<p style=\"text-align: justify\">[FMR 04\/08\/2016] Ayer por la tarde se realiz\u00f3 una actividad de mate-debate en la sede de M\u00e1ximo Paz de la Confederaci\u00f3n de Trabajadores de la Econom\u00eda Popular. Trabajadores, vecinos y militantes se reunieron para reflexionar sobre los desaf\u00edos que las pol\u00edticas del macrismo generan para este sector del trabajo y la econom\u00eda. Por momentos, el debate se convert\u00eda en una decidida actitud para organizarse de cara a las jornadas de lucha y resistencia que marcan esta semana: el #Ruidazo de hoy, y la movilizaci\u00f3n del domingo en el d\u00eda de San Cayetano.<\/p>\n<p style=\"text-align: justify\">Romp\u00e9 el Cerco Informativo (L. a V. de 18 a 19 horas) pudo conversar con dos<img loading=\"lazy\" decoding=\"async\" class=\" wp-image-2345 alignright\" src=\"http:\/\/fmriachuelo.com.ar\/ljkjklj\/wp-content\/uploads\/2016\/08\/ale-marta-lito-150x150.jpg\" alt=\"ale marta lito\" width=\"185\" height=\"185\" \/><br \/>\nde los referentes de la CTEP que formaron parte del debate y aportaron sus miradas sobre la actividad y los desaf\u00edos pol\u00edticos del sector. Marta Ferraro, de la CTEP M\u00e1ximo Paz, plante\u00f3 \u00abla b\u00fasqueda que diversos sectores est\u00e1n haciendo de espacios para organizarse\u00bb. Otro aspecto que destac\u00f3 Ferraro es la emeregencia social que se vive en localidades como M\u00e1ximo Paz: \u00abdesaparecieron las changas y eso afecta la vida de nuestros vecinos. Hay que decir que esto es parte de un plan que est\u00e1 dise\u00f1ado: nos sacan del trabajo para empujarnos a la econom\u00eda del delito y de la droga\u00bb.<\/p>\n<p style=\"text-align: justify\">\n<img loading=\"lazy\" decoding=\"async\" class=\"size-thumbnail wp-image-2346 alignleft\" src=\"http:\/\/fmriachuelo.com.ar\/ljkjklj\/wp-content\/uploads\/2016\/08\/lito-ctep-150x150.jpg\" alt=\"lito ctep\" width=\"150\" height=\"150\" \/>Representando la Mesa Nacional de la CTEP estuvo presente Lito Borello, Coordinador Nacional de la Organizaci\u00f3n Los Pibes. A las reflexiones de Marta Ferraro, Borello enfatiz\u00f3 la importancia hist\u00f3rica que tienen para este momento las jornadas del #Ruidazo y San Cayetano.<\/p>\n<p>&nbsp;<\/p>\n","protected":false},"excerpt":{"rendered":"<p>[FMR 04\/08\/2016] Ayer por la tarde se realiz\u00f3 una actividad de mate-debate en la sede de M\u00e1ximo Paz de la Confederaci\u00f3n de Trabajadores de la Econom\u00eda Popular. Trabajadores, vecinos y militantes se reunieron para reflexionar sobre los desaf\u00edos que las pol\u00edticas del macrismo generan para este sector del trabajo y la econom\u00eda. Por momentos, el [&hellip;]<\/p>\n","protected":false},"author":4,"featured_media":2344,"comment_status":"open","ping_status":"open","sticky":false,"template":"","format":"standard","meta":{"_monsterinsights_skip_tracking":false,"_monsterinsights_sitenote_active":false,"_monsterinsights_sitenote_note":"","_monsterinsights_sitenote_category":0,"jnews-multi-image_gallery":[],"jnews_single_post":[],"jnews_primary_category":[],"_joinchat":[],"footnotes":""},"categories":[76],"tags":[],"class_list":["post-2343","post","type-post","status-publish","format-standard","has-post-thumbnail","hentry","category-salud-comunitaria"],"_links":{"self":[{"href":"http:\/\/fmriachuelo.it10.com.ar\/index.php\/wp-json\/wp\/v2\/posts\/2343","targetHints":{"allow":["GET"]}}],"collection":[{"href":"http:\/\/fmriachuelo.it10.com.ar\/index.php\/wp-json\/wp\/v2\/posts"}],"about":[{"href":"http:\/\/fmriachuelo.it10.com.ar\/index.php\/wp-json\/wp\/v2\/types\/post"}],"author":[{"embeddable":true,"href":"http:\/\/fmriachuelo.it10.com.ar\/index.php\/wp-json\/wp\/v2\/users\/4"}],"replies":[{"embeddable":true,"href":"http:\/\/fmriachuelo.it10.com.ar\/index.php\/wp-json\/wp\/v2\/comments?post=2343"}],"version-history":[{"count":0,"href":"http:\/\/fmriachuelo.it10.com.ar\/index.php\/wp-json\/wp\/v2\/posts\/2343\/revisions"}],"wp:featuredmedia":[{"embeddable":true,"href":"http:\/\/fmriachuelo.it10.com.ar\/index.php\/wp-json\/"}],"wp:attachment":[{"href":"http:\/\/fmriachuelo.it10.com.ar\/index.php\/wp-json\/wp\/v2\/media?parent=2343"}],"wp:term":[{"taxonomy":"category","embeddable":true,"href":"http:\/\/fmriachuelo.it10.com.ar\/index.php\/wp-json\/wp\/v2\/categories?post=2343"},{"taxonomy":"post_tag","embeddable":true,"href":"http:\/\/fmriachuelo.it10.com.ar\/index.php\/wp-json\/wp\/v2\/tags?post=2343"}],"curies":[{"name":"wp","href":"https:\/\/api.w.org\/{rel}","templated":true}]}}