{"id":2338,"date":"2016-08-03T14:12:32","date_gmt":"2016-08-03T14:12:32","guid":{"rendered":"http:\/\/fmriachuelo.com.ar\/ljkjklj\/?p=2338"},"modified":"2016-08-03T14:12:32","modified_gmt":"2016-08-03T14:12:32","slug":"san-telmo-zona-liberada-contra-los-que-se-organizan","status":"publish","type":"post","link":"http:\/\/fmriachuelo.it10.com.ar\/index.php\/2016\/08\/03\/san-telmo-zona-liberada-contra-los-que-se-organizan\/","title":{"rendered":"SAN TELMO: ZONA LIBERADA CONTRA LOS QUE SE ORGANIZAN"},"content":{"rendered":"<p style=\"text-align: justify\">[FMR-Espantarrejas 03\/08\/2016] Desde mayo de este a\u00f1o se vienen reiterando en el barrio de San Telmo episodios de vandalizaci\u00f3n y destrucci\u00f3n de espacios, edificios e instituciones caracterizados por una activa tarea y compromiso social con los vecinos y habitantes del barrio. Entre los espacios atacados se cuentan los clubes Giufra, San Telmo y Parque Telmo, el Centro Educativo Isauro Arancibia, el espacio de Memoria ex Club Atl\u00e9tico, el Centro Cultural Mart\u00edn Fierro, entre otros.<\/p>\n<p style=\"text-align: justify\">Uno de los \u00faltimos episodios, que destacamos en<img loading=\"lazy\" decoding=\"async\" class=\"size-thumbnail wp-image-2340 alignright\" src=\"http:\/\/fmriachuelo.com.ar\/ljkjklj\/wp-content\/uploads\/2016\/08\/039c8b42-ac61-4853-82ef-0a945e188074-150x150.jpg\" alt=\"039c8b42-ac61-4853-82ef-0a945e188074\" width=\"150\" height=\"150\" \/> las im\u00e1genes, se\u00a0desarroll\u00f3 el 21 de julio contra la Juegoteca de San Telmo, que funciona en el predio<br \/>\nPolideportivo Martina C\u00e9spedes ubicado en la calle Bol\u00edvar 1280. El programa Espantarrejas (S\u00e1bados, 13 a 14 horas) tuvo la posibilidad de conversar con Otilia, referente del espacio, quien junto con la indignaci\u00f3n se\u00f1al\u00f3 la inacci\u00f3n y desidia del Gobierno de la Ciudad de Buenos Aires a la hora de tomar medidas que protejan la actividad de estos espacios.<\/p>\n<p style=\"text-align: justify\">En un barrio como San Telmo, marcado fuertemente por el contraste entre el barrio tur\u00edstico-especulativo y un proceso excluyente que tiene a cientos de habitantes viviendo en la calle, sin acceso a educaci\u00f3n, salud y otros derechos fundamentales, estos hechos preocupan a los vecinos que intentan organizarse para cambiar esta situaci\u00f3n.<\/p>\n<p style=\"text-align: justify\">Como Otilia se\u00f1ala en la nota, un aspecto com\u00fan a todos estos espacios es la carest\u00eda de recursos materiales con los que se trabaja. El m\u00f3vil del robo resulta insuficiente para explicar una modalidad que decididamente apunta a los que se organizan para sostener la posibilidad de un barrio que deje de expulsar e incluya a todos sus habitantes.<\/p>\n","protected":false},"excerpt":{"rendered":"<p>[FMR-Espantarrejas 03\/08\/2016] Desde mayo de este a\u00f1o se vienen reiterando en el barrio de San Telmo episodios de vandalizaci\u00f3n y destrucci\u00f3n de espacios, edificios e instituciones caracterizados por una activa tarea y compromiso social con los vecinos y habitantes del barrio. Entre los espacios atacados se cuentan los clubes Giufra, San Telmo y Parque Telmo, [&hellip;]<\/p>\n","protected":false},"author":4,"featured_media":2339,"comment_status":"open","ping_status":"open","sticky":false,"template":"","format":"standard","meta":{"_monsterinsights_skip_tracking":false,"_monsterinsights_sitenote_active":false,"_monsterinsights_sitenote_note":"","_monsterinsights_sitenote_category":0,"jnews-multi-image_gallery":[],"jnews_single_post":[],"jnews_primary_category":[],"_joinchat":[],"footnotes":""},"categories":[76],"tags":[],"class_list":["post-2338","post","type-post","status-publish","format-standard","has-post-thumbnail","hentry","category-salud-comunitaria"],"_links":{"self":[{"href":"http:\/\/fmriachuelo.it10.com.ar\/index.php\/wp-json\/wp\/v2\/posts\/2338","targetHints":{"allow":["GET"]}}],"collection":[{"href":"http:\/\/fmriachuelo.it10.com.ar\/index.php\/wp-json\/wp\/v2\/posts"}],"about":[{"href":"http:\/\/fmriachuelo.it10.com.ar\/index.php\/wp-json\/wp\/v2\/types\/post"}],"author":[{"embeddable":true,"href":"http:\/\/fmriachuelo.it10.com.ar\/index.php\/wp-json\/wp\/v2\/users\/4"}],"replies":[{"embeddable":true,"href":"http:\/\/fmriachuelo.it10.com.ar\/index.php\/wp-json\/wp\/v2\/comments?post=2338"}],"version-history":[{"count":0,"href":"http:\/\/fmriachuelo.it10.com.ar\/index.php\/wp-json\/wp\/v2\/posts\/2338\/revisions"}],"wp:featuredmedia":[{"embeddable":true,"href":"http:\/\/fmriachuelo.it10.com.ar\/index.php\/wp-json\/"}],"wp:attachment":[{"href":"http:\/\/fmriachuelo.it10.com.ar\/index.php\/wp-json\/wp\/v2\/media?parent=2338"}],"wp:term":[{"taxonomy":"category","embeddable":true,"href":"http:\/\/fmriachuelo.it10.com.ar\/index.php\/wp-json\/wp\/v2\/categories?post=2338"},{"taxonomy":"post_tag","embeddable":true,"href":"http:\/\/fmriachuelo.it10.com.ar\/index.php\/wp-json\/wp\/v2\/tags?post=2338"}],"curies":[{"name":"wp","href":"https:\/\/api.w.org\/{rel}","templated":true}]}}