{"id":2333,"date":"2016-08-01T22:14:51","date_gmt":"2016-08-01T22:14:51","guid":{"rendered":"http:\/\/fmriachuelo.com.ar\/ljkjklj\/?p=2333"},"modified":"2016-08-01T22:14:51","modified_gmt":"2016-08-01T22:14:51","slug":"la-comunicacion-popular-en-debate-documental-midia-em-movimento","status":"publish","type":"post","link":"http:\/\/fmriachuelo.it10.com.ar\/index.php\/2016\/08\/01\/la-comunicacion-popular-en-debate-documental-midia-em-movimento\/","title":{"rendered":"LA COMUNICACION POPULAR EN DEBATE: DOCUMENTAL MIDIA EM MOVIMENTO"},"content":{"rendered":"<p style=\"text-align: justify\">[FMR 01\/08\/2016] Esta ma\u00f1ana visit\u00f3 los estudios de la FM Riachuelo en el programa Mateando en el Riachuelo (L. a V. de 10 a 12) Marcelo Ernandes, realizador del documental \u00abMidia em Movimento\u00bb, para compar<img loading=\"lazy\" decoding=\"async\" class=\"size-thumbnail wp-image-2335 alignright\" src=\"http:\/\/fmriachuelo.com.ar\/ljkjklj\/wp-content\/uploads\/2016\/08\/c4e31cd4-775c-44dd-884a-7369b040008c-150x150.jpg\" alt=\"c4e31cd4-775c-44dd-884a-7369b040008c\" width=\"150\" height=\"150\" \/>tir sus reflexiones sobre la situaci\u00f3n de la comunicaci\u00f3n popular y situaci\u00f3n pol\u00edtica en el pa\u00eds hermano de Brasil.<\/p>\n<p style=\"text-align: justify\">El documental fue proyectado este viernes en el sal\u00f3n de la FM Riachuelo por los compa\u00f1eros de Art\u00f3 Cine que Rota y concluy\u00f3 con un rico debate entre militantes, vecinos y audiencia de medios populares.<\/p>\n<p style=\"text-align: justify\">Escuch\u00e1 los fragmentos de la nota con Marcelo Ernandes<\/p>\n","protected":false},"excerpt":{"rendered":"<p>[FMR 01\/08\/2016] Esta ma\u00f1ana visit\u00f3 los estudios de la FM Riachuelo en el programa Mateando en el Riachuelo (L. a V. de 10 a 12) Marcelo Ernandes, realizador del documental \u00abMidia em Movimento\u00bb, para compartir sus reflexiones sobre la situaci\u00f3n de la comunicaci\u00f3n popular y situaci\u00f3n pol\u00edtica en el pa\u00eds hermano de Brasil. El documental [&hellip;]<\/p>\n","protected":false},"author":4,"featured_media":2334,"comment_status":"open","ping_status":"open","sticky":false,"template":"","format":"standard","meta":{"_monsterinsights_skip_tracking":false,"_monsterinsights_sitenote_active":false,"_monsterinsights_sitenote_note":"","_monsterinsights_sitenote_category":0,"jnews-multi-image_gallery":[],"jnews_single_post":[],"jnews_primary_category":[],"_joinchat":[],"footnotes":""},"categories":[76],"tags":[],"class_list":["post-2333","post","type-post","status-publish","format-standard","has-post-thumbnail","hentry","category-salud-comunitaria"],"_links":{"self":[{"href":"http:\/\/fmriachuelo.it10.com.ar\/index.php\/wp-json\/wp\/v2\/posts\/2333","targetHints":{"allow":["GET"]}}],"collection":[{"href":"http:\/\/fmriachuelo.it10.com.ar\/index.php\/wp-json\/wp\/v2\/posts"}],"about":[{"href":"http:\/\/fmriachuelo.it10.com.ar\/index.php\/wp-json\/wp\/v2\/types\/post"}],"author":[{"embeddable":true,"href":"http:\/\/fmriachuelo.it10.com.ar\/index.php\/wp-json\/wp\/v2\/users\/4"}],"replies":[{"embeddable":true,"href":"http:\/\/fmriachuelo.it10.com.ar\/index.php\/wp-json\/wp\/v2\/comments?post=2333"}],"version-history":[{"count":0,"href":"http:\/\/fmriachuelo.it10.com.ar\/index.php\/wp-json\/wp\/v2\/posts\/2333\/revisions"}],"wp:featuredmedia":[{"embeddable":true,"href":"http:\/\/fmriachuelo.it10.com.ar\/index.php\/wp-json\/"}],"wp:attachment":[{"href":"http:\/\/fmriachuelo.it10.com.ar\/index.php\/wp-json\/wp\/v2\/media?parent=2333"}],"wp:term":[{"taxonomy":"category","embeddable":true,"href":"http:\/\/fmriachuelo.it10.com.ar\/index.php\/wp-json\/wp\/v2\/categories?post=2333"},{"taxonomy":"post_tag","embeddable":true,"href":"http:\/\/fmriachuelo.it10.com.ar\/index.php\/wp-json\/wp\/v2\/tags?post=2333"}],"curies":[{"name":"wp","href":"https:\/\/api.w.org\/{rel}","templated":true}]}}