{"id":2318,"date":"2016-07-28T15:39:53","date_gmt":"2016-07-28T15:39:53","guid":{"rendered":"http:\/\/fmriachuelo.com.ar\/ljkjklj\/?p=2318"},"modified":"2016-07-28T15:39:53","modified_gmt":"2016-07-28T15:39:53","slug":"medios-populares-en-lucha","status":"publish","type":"post","link":"http:\/\/fmriachuelo.it10.com.ar\/index.php\/2016\/07\/28\/medios-populares-en-lucha\/","title":{"rendered":"MEDIOS POPULARES EN LUCHA"},"content":{"rendered":"<p style=\"text-align: justify\">[FMR 28<img loading=\"lazy\" decoding=\"async\" class=\" wp-image-2322 alignleft\" src=\"http:\/\/fmriachuelo.com.ar\/ljkjklj\/wp-content\/uploads\/2016\/07\/mu\u00f1eco-150x150.jpg\" alt=\"mu\u00f1eco\" width=\"218\" height=\"218\" \/>\/07\/2016] Ayer por la tarde organizaciones, militantes y trabajadores de la comunicaci\u00f3n comunitaria concentraron en la puerta del ENACOM, ubicado en la esquina de Per\u00fa e Hip\u00f3lito Yrigoyen, para reclamar por los fondos de Fomento adeudados al sector de medios comunitarios sin fines de lucro. Lo que comenz\u00f3 como una conferencia de prensa concluy\u00f3 en un cerco al edificio y corte de la calle Hip\u00f3lito Yrigoyen ante la indiferencia de las autoridades del ENACOM frente a un tema que atenta fuertemente contra la sostenibilidad de los medios populares.<\/p>\n<p style=\"text-align: justify\">En la conferencia de prensa se puso un fuerte \u00e9nfasis en dejar claro que los fondos adeudados de 2015, a lo que se suma la ejecuci\u00f3n \u00ab0\u00bb del presupuesto de este a\u00f1o, est\u00e1n contemplados en art\u00edculos de la LSCA 26.522 que siguen vigentes.<\/p>\n<p style=\"text-align: justify\">Otro aspecto que deja en evidencia la gravedad de la situaci\u00f3n es la <img loading=\"lazy\" decoding=\"async\" class=\" wp-image-2321 alignright\" src=\"http:\/\/fmriachuelo.com.ar\/ljkjklj\/wp-content\/uploads\/2016\/07\/mucha-gente-150x150.jpg\" alt=\"mucha gente\" width=\"193\" height=\"193\" \/>unidad que<br \/>\ncaracteriz\u00f3 la convocatoria impulsada por el espacio Interredes que coordina el trabajo de las distintas redes de radios y televisoras comunitarias como FARCO, la RNMA, AMARC, Red PAC, la Red Colmena.A los reclamos sobre los subsidios se sum\u00f3 tambi\u00e9n el de las televisoras Barricada TV, Urbana y Pares TV que a\u00fan ven demorada la efectiva implementaci\u00f3n de las licencias que les fuera otorgada en el 2015.<\/p>\n<p style=\"text-align: justify\">La actitud y presi\u00f3n de una concurrencia que no cesaba de engrosarse durante el transcurso de la tarde permiti\u00f3 que un grupo de referentes accediera a un edificio herm\u00e9ticamente sellado y policialmente defendido. Finalmente, se logr\u00f3 un compromiso de avanzar en la resoluci\u00f3n de la situaci\u00f3n en una reuni\u00f3n planteada con el Presidente del ENACOM, Miguel De Godoy.<\/p>\n<p style=\"text-align: justify\"><img loading=\"lazy\" decoding=\"async\" class=\"size-thumbnail wp-image-2320 alignleft\" src=\"http:\/\/fmriachuelo.com.ar\/ljkjklj\/wp-content\/uploads\/2016\/07\/reja-150x150.jpg\" alt=\"reja\" width=\"150\" height=\"150\" \/>Los participantes de la jornada destacaron como un triunfo la unidad y actitud de movilizaci\u00f3n que se expres\u00f3 en la jornada. La \u00abactitud discriminatoria del macrismo hacia todo lo que es popular\u00bb va conformando tambi\u00e9n en el sector de los medios comunitarios un nivel de organizaci\u00f3n y movilizaci\u00f3n dispuesto a vigilar de cerca el cumplimiento de la Ley 26.522 que se consider\u00f3 entre los oradores \u00abuna conquista del Pueblo que vamos a defender\u00bb. Como se mencion\u00f3 \u00abhay que organizarse para que no pase con la Ley lo que hizo Macri en la ciudad: subejecutar todos los recursos que corresponden a los derechos de nuestro Pueblo\u00bb.<\/p>\n<p><strong>Acced\u00e9 a los testimonios de la jornada:<\/strong><\/p>\n","protected":false},"excerpt":{"rendered":"<p>[FMR 28\/07\/2016] Ayer por la tarde organizaciones, militantes y trabajadores de la comunicaci\u00f3n comunitaria concentraron en la puerta del ENACOM, ubicado en la esquina de Per\u00fa e Hip\u00f3lito Yrigoyen, para reclamar por los fondos de Fomento adeudados al sector de medios comunitarios sin fines de lucro. Lo que comenz\u00f3 como una conferencia de prensa concluy\u00f3 [&hellip;]<\/p>\n","protected":false},"author":4,"featured_media":2319,"comment_status":"open","ping_status":"open","sticky":false,"template":"","format":"standard","meta":{"_monsterinsights_skip_tracking":false,"_monsterinsights_sitenote_active":false,"_monsterinsights_sitenote_note":"","_monsterinsights_sitenote_category":0,"jnews-multi-image_gallery":[],"jnews_single_post":[],"jnews_primary_category":[],"_joinchat":[],"footnotes":""},"categories":[76],"tags":[],"class_list":["post-2318","post","type-post","status-publish","format-standard","has-post-thumbnail","hentry","category-salud-comunitaria"],"_links":{"self":[{"href":"http:\/\/fmriachuelo.it10.com.ar\/index.php\/wp-json\/wp\/v2\/posts\/2318","targetHints":{"allow":["GET"]}}],"collection":[{"href":"http:\/\/fmriachuelo.it10.com.ar\/index.php\/wp-json\/wp\/v2\/posts"}],"about":[{"href":"http:\/\/fmriachuelo.it10.com.ar\/index.php\/wp-json\/wp\/v2\/types\/post"}],"author":[{"embeddable":true,"href":"http:\/\/fmriachuelo.it10.com.ar\/index.php\/wp-json\/wp\/v2\/users\/4"}],"replies":[{"embeddable":true,"href":"http:\/\/fmriachuelo.it10.com.ar\/index.php\/wp-json\/wp\/v2\/comments?post=2318"}],"version-history":[{"count":0,"href":"http:\/\/fmriachuelo.it10.com.ar\/index.php\/wp-json\/wp\/v2\/posts\/2318\/revisions"}],"wp:featuredmedia":[{"embeddable":true,"href":"http:\/\/fmriachuelo.it10.com.ar\/index.php\/wp-json\/"}],"wp:attachment":[{"href":"http:\/\/fmriachuelo.it10.com.ar\/index.php\/wp-json\/wp\/v2\/media?parent=2318"}],"wp:term":[{"taxonomy":"category","embeddable":true,"href":"http:\/\/fmriachuelo.it10.com.ar\/index.php\/wp-json\/wp\/v2\/categories?post=2318"},{"taxonomy":"post_tag","embeddable":true,"href":"http:\/\/fmriachuelo.it10.com.ar\/index.php\/wp-json\/wp\/v2\/tags?post=2318"}],"curies":[{"name":"wp","href":"https:\/\/api.w.org\/{rel}","templated":true}]}}