{"id":2313,"date":"2016-07-28T13:18:13","date_gmt":"2016-07-28T13:18:13","guid":{"rendered":"http:\/\/fmriachuelo.com.ar\/ljkjklj\/?p=2313"},"modified":"2016-07-28T13:18:13","modified_gmt":"2016-07-28T13:18:13","slug":"la-boca-protesta-por-los-cortes-de-luz-que-se-repiten-sin-solucion","status":"publish","type":"post","link":"http:\/\/fmriachuelo.it10.com.ar\/index.php\/2016\/07\/28\/la-boca-protesta-por-los-cortes-de-luz-que-se-repiten-sin-solucion\/","title":{"rendered":"LA BOCA: PROTESTA POR LOS CORTES DE LUZ QUE SE REPITEN SIN SOLUCI\u00d3N"},"content":{"rendered":"<p style=\"text-align: justify\">[FMR 28\/07\/16] En la tarde de ayer, habitantes del barrio de La Boca, decidieron una medida de protesta, con corte de la intersecci\u00f3n de Alte. Brown y Blanes,\u00a0por falta de respuesta de la empresa Edesur, y despu\u00e9s de 6 d\u00edas sin el suministro electrico. En esta ocasi\u00f3n el motivo de la interrupci\u00f3n es la caida de los postes de luz a lo que la empresa no da soluci\u00f3n. Los servicios p\u00fablicos son un derecho que el estado\u00a0es responsable de garantizar.<\/p>\n<p style=\"text-align: justify\">El barrio de La Boca viene sufriendo sistem\u00e1ticos cortes de luz desde hace mucho tiempo, sin respuesta por parte de la empresa y la inacci\u00f3n\u00a0del Ente Regulador que deber\u00eda intervenir en defensa de los usuarios.\u00a0Los residentes del barrio que tambi\u00e9n han sufrido el tarifazo, incremento desmedido de las tarifas de los servicios, sin embargo vienen padeciendo reiteradas interrupciones del suministro el\u00e9ctrico sin soluci\u00f3n.\u00a0Los habitantes del barrio de La Boca y la zona sur de la ciudad, una vez m\u00e1s, \u00a0sufren el abandono del estado que est\u00e1 ausente en todas sus funciones, mientras avanzan los proyectos inmobiliarios con patrocinio estatal.<\/p>\n<p style=\"text-align: justify\">[Pagina12 27\/07\/16]Los cortes, que afectan todo el \u00e1rea metropolitana, alcanzan a 90 mil personas, entre Capital y Gran Buenos Aires, aunque los distritos del conurbano son los m\u00e1s afectados.<\/p>\n<p style=\"text-align: justify\">Seg\u00fan datos del Ente Regulador de Energ\u00eda (ENRE), las usuarios de Edesur afectados en Capital suman algo m\u00e1s de mil, distribuidos en 30 barrios, entre ellos Mataderos, La Boca, Liniers, Villa del Parque, Caballito, Flores, Nueva Pompeya, Parque Patricios, Floresta, Villa Soldati, Villa Santa Rita, Parque Avellaneda, Paternal, Villa Devoto y V\u00e9lez S\u00e1rsfield.\u00a0Por su parte, en los barrios de Belgrano, Palermo y Recoleta est\u00e1n afectadas 400 viviendas.<\/p>\n","protected":false},"excerpt":{"rendered":"<p>[FMR 28\/07\/16] En la tarde de ayer, habitantes del barrio de La Boca, decidieron una medida de protesta, con corte de la intersecci\u00f3n de Alte. Brown y Blanes,\u00a0por falta de respuesta de la empresa Edesur, y despu\u00e9s de 6 d\u00edas sin el suministro electrico. En esta ocasi\u00f3n el motivo de la interrupci\u00f3n es la caida [&hellip;]<\/p>\n","protected":false},"author":4,"featured_media":2314,"comment_status":"open","ping_status":"open","sticky":false,"template":"","format":"standard","meta":{"_monsterinsights_skip_tracking":false,"_monsterinsights_sitenote_active":false,"_monsterinsights_sitenote_note":"","_monsterinsights_sitenote_category":0,"jnews-multi-image_gallery":[],"jnews_single_post":[],"jnews_primary_category":[],"_joinchat":[],"footnotes":""},"categories":[76],"tags":[],"class_list":["post-2313","post","type-post","status-publish","format-standard","has-post-thumbnail","hentry","category-salud-comunitaria"],"_links":{"self":[{"href":"http:\/\/fmriachuelo.it10.com.ar\/index.php\/wp-json\/wp\/v2\/posts\/2313","targetHints":{"allow":["GET"]}}],"collection":[{"href":"http:\/\/fmriachuelo.it10.com.ar\/index.php\/wp-json\/wp\/v2\/posts"}],"about":[{"href":"http:\/\/fmriachuelo.it10.com.ar\/index.php\/wp-json\/wp\/v2\/types\/post"}],"author":[{"embeddable":true,"href":"http:\/\/fmriachuelo.it10.com.ar\/index.php\/wp-json\/wp\/v2\/users\/4"}],"replies":[{"embeddable":true,"href":"http:\/\/fmriachuelo.it10.com.ar\/index.php\/wp-json\/wp\/v2\/comments?post=2313"}],"version-history":[{"count":0,"href":"http:\/\/fmriachuelo.it10.com.ar\/index.php\/wp-json\/wp\/v2\/posts\/2313\/revisions"}],"wp:featuredmedia":[{"embeddable":true,"href":"http:\/\/fmriachuelo.it10.com.ar\/index.php\/wp-json\/"}],"wp:attachment":[{"href":"http:\/\/fmriachuelo.it10.com.ar\/index.php\/wp-json\/wp\/v2\/media?parent=2313"}],"wp:term":[{"taxonomy":"category","embeddable":true,"href":"http:\/\/fmriachuelo.it10.com.ar\/index.php\/wp-json\/wp\/v2\/categories?post=2313"},{"taxonomy":"post_tag","embeddable":true,"href":"http:\/\/fmriachuelo.it10.com.ar\/index.php\/wp-json\/wp\/v2\/tags?post=2313"}],"curies":[{"name":"wp","href":"https:\/\/api.w.org\/{rel}","templated":true}]}}