{"id":2296,"date":"2016-07-27T14:39:19","date_gmt":"2016-07-27T14:39:19","guid":{"rendered":"http:\/\/fmriachuelo.com.ar\/ljkjklj\/?p=2296"},"modified":"2016-07-27T14:39:19","modified_gmt":"2016-07-27T14:39:19","slug":"amenazan-a-militantes-y-referentes-de-la-ccc","status":"publish","type":"post","link":"http:\/\/fmriachuelo.it10.com.ar\/index.php\/2016\/07\/27\/amenazan-a-militantes-y-referentes-de-la-ccc\/","title":{"rendered":"AMENAZAN A MILITANTES Y REFERENTES DE LA CCC"},"content":{"rendered":"<p style=\"text-align: justify\">[FMR 27\/07\/2016] Este mes se sumaron nuevos hechos de violencia pol\u00edtica contra la militancia popular. Esta vez, se trata de una serie de amenazas contra militantes y dirigentes de la Corriente Clasiste y Combativa que conduce Juan Carlos Alderete. Desde la organizaci\u00f3n denunciaron una serie de hechos que van desde las amenazas telef\u00f3nicas hasta agresiones disimuladas en episodios de \u00abinseguridad\u00bb: dos intentos de forzar el port\u00f3n de la casa de Alderete, las agresiones con cuchillo a Leandro, hijo de Jorge Mazzina, y el intento de secuestro de Yesica, hija de Hector Osorio, este s\u00e1bado 23\/7, entre otros episodios que afectan a los militantes y las familias de la CCC.<\/p>\n<p style=\"text-align: justify\">Este jueves 28 de julio, la CCC, con la solidaridad de organizaciones como la Confederaci\u00f3n de Trabajadores de la Econom\u00eda Popular (CTEP) y el Movimiento Barrios de Pie, realizar\u00e1n una jornada de cortes en todo el pa\u00eds para visibilizar la situaci\u00f3n. La principal concentraci\u00f3n tendr\u00e1 lugar en Callao y Corrientes, en CABA, a las 7 de la ma\u00f1ana, pero tambi\u00e9n se sumar\u00e1n otras ciudades del pa\u00eds como La Plata, Rosario y Comodoro Rivadavia.<\/p>\n<p style=\"text-align: justify\">Desde la CCC atribuyen esta escalada de violencia al impulso que desde la organizaci\u00f3n se le dio a la movilizaci\u00f3n #NiUnPibeMenosPorLaDroga. Alderete convers\u00f3 ayer con Romp\u00e9 El Cerco Informativo y se\u00f1al\u00f3: \u00abpara los que intentamos cambiar las cosas es habitual este tipo de amenazas, pero esta vez se est\u00e1 dando con un nivel de violencia que preocupa\u00bb.<\/p>\n<p style=\"text-align: justify\">En la entrevista con RCI, Alderete relat\u00f3 la indiferencia de los gobiernos frente a esta situaci\u00f3n y denunci\u00f3 necesarios v\u00ednculos entre los que realizan la campa\u00f1a de violencia contra la CCC y el poder pol\u00edtico de distintos niveles.<\/p>\n<p style=\"text-align: justify\">Escuch\u00e1 la entrevista completa:<\/p>\n<p style=\"text-align: justify\">A continuaci\u00f3n replicamos el comunicado de prensa lanzado por la CCC:<\/p>\n<p style=\"text-align: justify\">Pedido de difusi\u00f3n<br \/>\nJornada Nacional &#8211; Jueves 28\/7. En CABA 7 hs en Corrientes y Callao<\/p>\n<p style=\"text-align: justify\">BASTA DE AMENAZAS A JUAN CARLOS ALDERETE Y LOS COMPA\u00d1EROS DE LA CCC<\/p>\n<p style=\"text-align: justify\">Despu\u00e9s de la participaci\u00f3n de la CCC, con Juan Carlos Alderete a la cabeza, el 28 de junio en la movilizaci\u00f3n #NiUnPibeMenosPorLaDroga, comenz\u00f3 una escalada de amenazas y acciones de amedrentamiento contra \u00e9l y los compa\u00f1eros Jorge Mazzina, H\u00e9ctor Osorio y la compa\u00f1era Roxana Pena.<\/p>\n<p style=\"text-align: justify\">Todas las amenazas apuntan a sacar a Alderete y la CCC de la cancha: \u201cTe vas a tener que ir del pa\u00eds\u201d, \u201cNo sigas jodiendo\u201d, \u201cte vamos a destruir\u201d y otras por el estilo. Dado que la CCC ha estado desde el primer momento enfrentando las pol\u00edticas de ajuste del gobierno de Macri y sus consecuencias, como el aumento del hambre, la desocupaci\u00f3n, la inflaci\u00f3n y el flagelo de la droga y la inseguridad en los barrios, no podemos desvincular estas amenazas de la pulseada por si pasa o no esta pol\u00edtica contra el pueblo.<\/p>\n<p style=\"text-align: justify\">Sabemos que tanto los delincuentes y rateros que realizan el trabajo sucio como los que realizan las amenazas con sofisticadas tecnolog\u00edas que no dejan huellas, est\u00e1n vinculados a alg\u00fan servicio de inteligencia y al aparato del Estado. Por eso hacemos responsables al Gobierno Nacional, Provincial y Municipal y en particular a la Ministra de Seguridad Patricia Bullrich y Cristian Ritondo, por la seguridad de Juan Carlos Alderete, el resto de los compa\u00f1eros amenazados y sus familiares.<\/p>\n<p style=\"text-align: justify\">En la fiscal\u00eda de La Matanza se negaron a tomar la denuncia aduciendo que las amenazas y hechos denunciados \u201cno constituyen delito\u201d lo que oblig\u00f3 a hacerla por escrito.<\/p>\n<p style=\"text-align: justify\">Se han recibido innumerables mensajes de solidaridad, tanto del pa\u00eds como del extranjero y hemos sido recibidos por los responsables de seguridad de la provincia de Buenos Aires.<\/p>\n<p style=\"text-align: justify\">Sin embargo la continuidad de las amenazas, el forzamiento en dos oportunidades del port\u00f3n de la casa de Alderete, la agresi\u00f3n f\u00edsica y heridas de cuchillo a Leandro (hijo de Jorge Mazzina), mensajes a la esposa del compa\u00f1ero H\u00e9ctor Osorio que le van a entregar a su marido en un caj\u00f3n, mensajes con amenazas de muerte a la compa\u00f1era Roxana Pena, la presencia de autos de alta gama con vidrios polarizados frente a la casa de los compa\u00f1eros y este s\u00e1bado 23\/7 el intento de secuestro de Yesica, hija de H\u00e9ctor Osorio , cuando sal\u00eda de su casa, nos han decidido a lanzar una CAMPA\u00d1A NACIONAL Y UNA JORNADA DE LUCHA EL JUEVES 28 DE JULIO EN TODO EL PA\u00cdS para denunciar y frenar las amenazas y agresiones a Juan Carlos Alderete, dem\u00e1s dirigentes de la CCC y sus familias.<\/p>\n<p style=\"text-align: justify\">EL 28 DE JULIO SALIMOS EN TODO EL PA\u00cdS para decir: Basta de ajuste contra el pueblo. No vamos a retroceder en la lucha. Basta de amenazas a Juan Carlos Alderete, a los dirigentes de la CCC y sus familiares. Nos tocan a uno nos tocan a todos.<\/p>\n<p style=\"text-align: justify\">En Capital Federal concentramos 7 hs en Callao y Corrientes con la participaci\u00f3n solidaria de la CTEP y Barrios de Pie. Contacto:<br \/>\nJ. C. Alderete<br \/>\n11 5028 7968<\/p>\n<p style=\"text-align: justify\">La Plata 14 a 18 hs. Plaza San Martin.<br \/>\nContacto<br \/>\nBerdasagar<br \/>\n221 616 4265<br \/>\nRosario Acto multisectorial Rioja y Sarmiento.<br \/>\nContacto<br \/>\nEduardo Delmonte<br \/>\n341 693 9543<\/p>\n<p style=\"text-align: justify\">Comodoro Rivadavia 11 hs. San Martin y G\u00fcemes (ruta 3)<br \/>\nContacto<br \/>\nMarcelo Barab<br \/>\n297 418 5396<br \/>\nFernando Garc\u00eda<br \/>\n297 509 4983<\/p>\n","protected":false},"excerpt":{"rendered":"<p>[FMR 27\/07\/2016] Este mes se sumaron nuevos hechos de violencia pol\u00edtica contra la militancia popular. Esta vez, se trata de una serie de amenazas contra militantes y dirigentes de la Corriente Clasiste y Combativa que conduce Juan Carlos Alderete. Desde la organizaci\u00f3n denunciaron una serie de hechos que van desde las amenazas telef\u00f3nicas hasta agresiones [&hellip;]<\/p>\n","protected":false},"author":4,"featured_media":2309,"comment_status":"open","ping_status":"open","sticky":false,"template":"","format":"standard","meta":{"_monsterinsights_skip_tracking":false,"_monsterinsights_sitenote_active":false,"_monsterinsights_sitenote_note":"","_monsterinsights_sitenote_category":0,"jnews-multi-image_gallery":[],"jnews_single_post":[],"jnews_primary_category":[],"_joinchat":[],"footnotes":""},"categories":[76],"tags":[],"class_list":["post-2296","post","type-post","status-publish","format-standard","has-post-thumbnail","hentry","category-salud-comunitaria"],"_links":{"self":[{"href":"http:\/\/fmriachuelo.it10.com.ar\/index.php\/wp-json\/wp\/v2\/posts\/2296","targetHints":{"allow":["GET"]}}],"collection":[{"href":"http:\/\/fmriachuelo.it10.com.ar\/index.php\/wp-json\/wp\/v2\/posts"}],"about":[{"href":"http:\/\/fmriachuelo.it10.com.ar\/index.php\/wp-json\/wp\/v2\/types\/post"}],"author":[{"embeddable":true,"href":"http:\/\/fmriachuelo.it10.com.ar\/index.php\/wp-json\/wp\/v2\/users\/4"}],"replies":[{"embeddable":true,"href":"http:\/\/fmriachuelo.it10.com.ar\/index.php\/wp-json\/wp\/v2\/comments?post=2296"}],"version-history":[{"count":0,"href":"http:\/\/fmriachuelo.it10.com.ar\/index.php\/wp-json\/wp\/v2\/posts\/2296\/revisions"}],"wp:featuredmedia":[{"embeddable":true,"href":"http:\/\/fmriachuelo.it10.com.ar\/index.php\/wp-json\/"}],"wp:attachment":[{"href":"http:\/\/fmriachuelo.it10.com.ar\/index.php\/wp-json\/wp\/v2\/media?parent=2296"}],"wp:term":[{"taxonomy":"category","embeddable":true,"href":"http:\/\/fmriachuelo.it10.com.ar\/index.php\/wp-json\/wp\/v2\/categories?post=2296"},{"taxonomy":"post_tag","embeddable":true,"href":"http:\/\/fmriachuelo.it10.com.ar\/index.php\/wp-json\/wp\/v2\/tags?post=2296"}],"curies":[{"name":"wp","href":"https:\/\/api.w.org\/{rel}","templated":true}]}}