{"id":2295,"date":"2016-07-27T13:59:41","date_gmt":"2016-07-27T13:59:41","guid":{"rendered":"http:\/\/fmriachuelo.com.ar\/ljkjklj\/?p=2295"},"modified":"2016-07-27T13:59:41","modified_gmt":"2016-07-27T13:59:41","slug":"26-de-julio-encuentro-de-organizaciones","status":"publish","type":"post","link":"http:\/\/fmriachuelo.it10.com.ar\/index.php\/2016\/07\/27\/26-de-julio-encuentro-de-organizaciones\/","title":{"rendered":"ANIVERSARIO 26 DE JULIO: ENCUENTRO DE ORGANIZACIONES POPULARES"},"content":{"rendered":"<p style=\"text-align: justify\">[FMR 27\/7\/16] Ayer por la noche se realiz\u00f3 un encuentro de confraternidad y debate entre organizaciones del campo popular con motivo de un nuevo aniversario del <strong>26 de julio<\/strong>, s\u00edmbolo de las luchas revolucionarias en la Patria Grande: Evita y el \u00a0Asalto al Cuartel \u00a0Moncada.<\/p>\n<p style=\"text-align: justify\">Un conjunto diverso\u00a0de militantes se dio cita para compartir\u00a0un di\u00e1logo y reflexiones, que a la luz de la historia de las grandes gestas revolucionarias, de nuestra regi\u00f3n, permitieron considerar la actualidad, la crisis en la regi\u00f3n y del sistema mundial. Diferentes expresiones del campo popular se escucharon y coincidieron en\u00a0la necesidad de la unidad frente a las pol\u00edticas del actual gobierno que \u00abconstituye la expresi\u00f3n y mano de obra del capital concentrado que hoy tiene el control del sistema pol\u00edtico\u00bb, \u00a0tal lo expresado por uno de los participantes.<\/p>\n<p style=\"text-align: justify\">Las gestas heroicas del <strong>Asalto al Cuartel Moncada<\/strong>, en Cuba, y la figura de <strong>Evita<\/strong> fueron rescatadas como s\u00edmbolos de la militancia, por\u00a0su entrega: \u00abponer el cuerpo porque cre\u00edan en la Revoluci\u00f3n y en favor de los m\u00e1s humildes\u00bb.\u00a0En la ocasi\u00f3n fueron se\u00f1aladas esas experiencias de militancia comprometida que atraviesan toda nuestra historia, cuyas\u00a0expresiones\u00a0m\u00e1s recientes se marcaron\u00a0en la d\u00e9cada del 70,\u00a0los piquetes de la d\u00e9cada del 90, los movimientos de resistencia y lucha del 2001\u00a0hasta la actualidad. Qued\u00f3 planteada \u00abla audacia\u00bb como modo de enfrentar al sistema, tal como recuerdan las gestas heroicas de Fidel y Evita, que triunfaron a partir del fracaso.<\/p>\n<p style=\"text-align: justify\"><img loading=\"lazy\" decoding=\"async\" class=\"size-thumbnail wp-image-2298 alignright\" src=\"http:\/\/fmriachuelo.com.ar\/ljkjklj\/wp-content\/uploads\/2016\/07\/WhatsApp-Image-20160726-2-150x150.jpeg\" alt=\"WhatsApp-Image-20160726 (2)\" width=\"150\" height=\"150\" \/><\/p>\n<p style=\"text-align: justify\">Distintas voces enunciaron la necesidad de confluir en la uni\u00f3n que hoy se expresa en la calle. El\u00a0escenario de coincidencia se ve plasmada en \u00a0el encuentro en la calle \u00a0para resistir el avance de las pol\u00edticas que van contra los sectores populares y por el\u00a0despojo de nuestros\u00a0recursos naturales, que\u00a0favorecen otros intereses, ajenos. Antes de finalizar los corresponsales de Prensa Latina agradecieron el homenaje y reconocimiento a la Revoluci\u00f3n Cubana.<\/p>\n<p style=\"text-align: justify\"><img loading=\"lazy\" decoding=\"async\" class=\"size-thumbnail wp-image-2297 alignleft\" src=\"http:\/\/fmriachuelo.com.ar\/ljkjklj\/wp-content\/uploads\/2016\/07\/WhatsApp-Image-20160726-150x150.jpeg\" alt=\"WhatsApp-Image-20160726\" width=\"150\" height=\"150\" \/><\/p>\n<p style=\"text-align: justify\">La jornada finaliz\u00f3 con un gran \u00abguiso de la uni\u00f3n\u00bb donde se confraterniz\u00f3 entre los participantes del encuentro.<\/p>\n<p style=\"text-align: justify\">Estuvieron presentes:<\/p>\n<p style=\"text-align: justify\">Resumen Latinoamericano, O.L.P. Sim\u00f3n Bolivar, O.S.yP. Los Pibes, Convocatoria 2\u00ba Independencia, F.P.D.S., Movimiento Emancipador, M.P.La Dignidad, Barricada TV, Fm Riachuelo, Co.Vil.Pi.<\/p>\n<p style=\"text-align: justify\">Galer\u00eda de im\u00e1genes:<\/p>\n<p style=\"text-align: justify\"><img loading=\"lazy\" decoding=\"async\" class=\"alignnone size-thumbnail wp-image-2305\" src=\"http:\/\/fmriachuelo.com.ar\/ljkjklj\/wp-content\/uploads\/2016\/07\/WP_20160726_21_00_02_Pro-150x150.jpg\" alt=\"WP_20160726_21_00_02_Pro\" width=\"150\" height=\"150\" \/><img loading=\"lazy\" decoding=\"async\" class=\"alignnone size-thumbnail wp-image-2301\" src=\"http:\/\/fmriachuelo.com.ar\/ljkjklj\/wp-content\/uploads\/2016\/07\/WP_20160726_20_21_15_Pro-150x150.jpg\" alt=\"WP_20160726_20_21_15_Pro\" width=\"150\" height=\"150\" \/><img loading=\"lazy\" decoding=\"async\" class=\"alignnone size-thumbnail wp-image-2304\" src=\"http:\/\/fmriachuelo.com.ar\/ljkjklj\/wp-content\/uploads\/2016\/07\/WP_20160726_20_32_20_Pro-150x150.jpg\" alt=\"WP_20160726_20_32_20_Pro\" width=\"150\" height=\"150\" \/><img loading=\"lazy\" decoding=\"async\" class=\"alignnone size-thumbnail wp-image-2299\" src=\"http:\/\/fmriachuelo.com.ar\/ljkjklj\/wp-content\/uploads\/2016\/07\/WP_20160726_19_52_53_Pro-150x150.jpg\" alt=\"WP_20160726_19_52_53_Pro\" width=\"150\" height=\"150\" \/><img loading=\"lazy\" decoding=\"async\" class=\"alignnone size-thumbnail wp-image-2306\" src=\"http:\/\/fmriachuelo.com.ar\/ljkjklj\/wp-content\/uploads\/2016\/07\/WP_20160726_20_26_52_Pro-1-150x150.jpg\" alt=\"WP_20160726_20_26_52_Pro\" width=\"150\" height=\"150\" \/><\/p>\n","protected":false},"excerpt":{"rendered":"<p>[FMR 27\/7\/16] Ayer por la noche se realiz\u00f3 un encuentro de confraternidad y debate entre organizaciones del campo popular con motivo de un nuevo aniversario del 26 de julio, s\u00edmbolo de las luchas revolucionarias en la Patria Grande: Evita y el \u00a0Asalto al Cuartel \u00a0Moncada. Un conjunto diverso\u00a0de militantes se dio cita para compartir\u00a0un di\u00e1logo [&hellip;]<\/p>\n","protected":false},"author":4,"featured_media":2299,"comment_status":"open","ping_status":"open","sticky":false,"template":"","format":"standard","meta":{"_monsterinsights_skip_tracking":false,"_monsterinsights_sitenote_active":false,"_monsterinsights_sitenote_note":"","_monsterinsights_sitenote_category":0,"jnews-multi-image_gallery":[],"jnews_single_post":[],"jnews_primary_category":[],"_joinchat":[],"footnotes":""},"categories":[76],"tags":[],"class_list":["post-2295","post","type-post","status-publish","format-standard","has-post-thumbnail","hentry","category-salud-comunitaria"],"_links":{"self":[{"href":"http:\/\/fmriachuelo.it10.com.ar\/index.php\/wp-json\/wp\/v2\/posts\/2295","targetHints":{"allow":["GET"]}}],"collection":[{"href":"http:\/\/fmriachuelo.it10.com.ar\/index.php\/wp-json\/wp\/v2\/posts"}],"about":[{"href":"http:\/\/fmriachuelo.it10.com.ar\/index.php\/wp-json\/wp\/v2\/types\/post"}],"author":[{"embeddable":true,"href":"http:\/\/fmriachuelo.it10.com.ar\/index.php\/wp-json\/wp\/v2\/users\/4"}],"replies":[{"embeddable":true,"href":"http:\/\/fmriachuelo.it10.com.ar\/index.php\/wp-json\/wp\/v2\/comments?post=2295"}],"version-history":[{"count":0,"href":"http:\/\/fmriachuelo.it10.com.ar\/index.php\/wp-json\/wp\/v2\/posts\/2295\/revisions"}],"wp:featuredmedia":[{"embeddable":true,"href":"http:\/\/fmriachuelo.it10.com.ar\/index.php\/wp-json\/"}],"wp:attachment":[{"href":"http:\/\/fmriachuelo.it10.com.ar\/index.php\/wp-json\/wp\/v2\/media?parent=2295"}],"wp:term":[{"taxonomy":"category","embeddable":true,"href":"http:\/\/fmriachuelo.it10.com.ar\/index.php\/wp-json\/wp\/v2\/categories?post=2295"},{"taxonomy":"post_tag","embeddable":true,"href":"http:\/\/fmriachuelo.it10.com.ar\/index.php\/wp-json\/wp\/v2\/tags?post=2295"}],"curies":[{"name":"wp","href":"https:\/\/api.w.org\/{rel}","templated":true}]}}