{"id":2287,"date":"2016-07-26T17:02:00","date_gmt":"2016-07-26T17:02:00","guid":{"rendered":"http:\/\/fmriachuelo.com.ar\/ljkjklj\/?p=2287"},"modified":"2016-07-26T17:02:00","modified_gmt":"2016-07-26T17:02:00","slug":"26-de-julio-evita-moncada-simbolos-de-la-lucha-en-la-patria-grande","status":"publish","type":"post","link":"http:\/\/fmriachuelo.it10.com.ar\/index.php\/2016\/07\/26\/26-de-julio-evita-moncada-simbolos-de-la-lucha-en-la-patria-grande\/","title":{"rendered":"26 DE JULIO &#8211; EVITA, MONCADA, S\u00cdMBOLOS DE LA LUCHA EN LA PATRIA GRANDE"},"content":{"rendered":"<p style=\"text-align: justify\">[FMR 26\/07\/2016] En el d\u00eda de hoy se multipli<img loading=\"lazy\" decoding=\"async\" class=\" wp-image-2289 alignright\" src=\"http:\/\/fmriachuelo.com.ar\/ljkjklj\/wp-content\/uploads\/2016\/07\/evita-150x150.jpg\" alt=\"evita\" width=\"207\" height=\"207\" \/>can en todo el pa\u00eds las actividades para recordar a Eva Per\u00f3n, s\u00edmbolo de las luchas populares\u00a0de nuestro pa\u00eds y de la Patria Grande. En muchos casos, los homenajes se acompa\u00f1an tambi\u00e9n de la conmemoraci\u00f3n del ataque al cuartel de la Moncada, hecho que catapult\u00f3 a Fidel Castro como referente de las corrientes revolucionarias de Nuestram\u00e9rica.<\/p>\n<p style=\"text-align: justify\">\u00abResistir<img loading=\"lazy\" decoding=\"async\" class=\"size-thumbnail wp-image-2290 alignleft\" src=\"http:\/\/fmriachuelo.com.ar\/ljkjklj\/wp-content\/uploads\/2016\/07\/moncada-150x150.jpg\" alt=\"moncada\" width=\"150\" height=\"150\" \/> y Luchar\u00bb, un espacio de organizaciones sociales\u00a0que viene articulando en Argentina diversas acciones de oposici\u00f3n a las pol\u00edticas del macrismo plantea para esta tarde, a la luz de los ejemplos de Eva y Fidel, la necesidad de encontrarse y debatir nuevos rumbos pol\u00edticos para alcanzar la Justicia Social en un contexto mundial de profunda complejidad. La actividad se desarrollar\u00e1 a las 19 horas en Pichincha 676.<\/p>\n<p style=\"text-align: justify\">Desde la FM Riachuelo nos sumamos a los recordatorios y homenajes compartiendo la voz de Man\u00fa Reyes, historiador popular del barrio de La Boca y columnista\u00a0del programa Mateando en el Riachuelo, que est\u00e1 ma\u00f1ana tambi\u00e9n valor\u00f3 la importancia hist\u00f3rica de esta fecha.<\/p>\n","protected":false},"excerpt":{"rendered":"<p>[FMR 26\/07\/2016] En el d\u00eda de hoy se multiplican en todo el pa\u00eds las actividades para recordar a Eva Per\u00f3n, s\u00edmbolo de las luchas populares\u00a0de nuestro pa\u00eds y de la Patria Grande. En muchos casos, los homenajes se acompa\u00f1an tambi\u00e9n de la conmemoraci\u00f3n del ataque al cuartel de la Moncada, hecho que catapult\u00f3 a Fidel [&hellip;]<\/p>\n","protected":false},"author":4,"featured_media":2291,"comment_status":"open","ping_status":"open","sticky":false,"template":"","format":"standard","meta":{"_monsterinsights_skip_tracking":false,"_monsterinsights_sitenote_active":false,"_monsterinsights_sitenote_note":"","_monsterinsights_sitenote_category":0,"jnews-multi-image_gallery":[],"jnews_single_post":[],"jnews_primary_category":[],"_joinchat":[],"footnotes":""},"categories":[76],"tags":[],"class_list":["post-2287","post","type-post","status-publish","format-standard","has-post-thumbnail","hentry","category-salud-comunitaria"],"_links":{"self":[{"href":"http:\/\/fmriachuelo.it10.com.ar\/index.php\/wp-json\/wp\/v2\/posts\/2287","targetHints":{"allow":["GET"]}}],"collection":[{"href":"http:\/\/fmriachuelo.it10.com.ar\/index.php\/wp-json\/wp\/v2\/posts"}],"about":[{"href":"http:\/\/fmriachuelo.it10.com.ar\/index.php\/wp-json\/wp\/v2\/types\/post"}],"author":[{"embeddable":true,"href":"http:\/\/fmriachuelo.it10.com.ar\/index.php\/wp-json\/wp\/v2\/users\/4"}],"replies":[{"embeddable":true,"href":"http:\/\/fmriachuelo.it10.com.ar\/index.php\/wp-json\/wp\/v2\/comments?post=2287"}],"version-history":[{"count":0,"href":"http:\/\/fmriachuelo.it10.com.ar\/index.php\/wp-json\/wp\/v2\/posts\/2287\/revisions"}],"wp:featuredmedia":[{"embeddable":true,"href":"http:\/\/fmriachuelo.it10.com.ar\/index.php\/wp-json\/"}],"wp:attachment":[{"href":"http:\/\/fmriachuelo.it10.com.ar\/index.php\/wp-json\/wp\/v2\/media?parent=2287"}],"wp:term":[{"taxonomy":"category","embeddable":true,"href":"http:\/\/fmriachuelo.it10.com.ar\/index.php\/wp-json\/wp\/v2\/categories?post=2287"},{"taxonomy":"post_tag","embeddable":true,"href":"http:\/\/fmriachuelo.it10.com.ar\/index.php\/wp-json\/wp\/v2\/tags?post=2287"}],"curies":[{"name":"wp","href":"https:\/\/api.w.org\/{rel}","templated":true}]}}