{"id":2279,"date":"2016-07-25T19:52:00","date_gmt":"2016-07-25T19:52:00","guid":{"rendered":"http:\/\/fmriachuelo.com.ar\/ljkjklj\/?p=2279"},"modified":"2016-07-25T19:52:00","modified_gmt":"2016-07-25T19:52:00","slug":"convocatoria-de-la-economia-popular-a-la-movilizacion-por-san-cayetano","status":"publish","type":"post","link":"http:\/\/fmriachuelo.it10.com.ar\/index.php\/2016\/07\/25\/convocatoria-de-la-economia-popular-a-la-movilizacion-por-san-cayetano\/","title":{"rendered":"CONVOCATORIA DE LA ECONOM\u00cdA POPULAR A LA MOVILIZACI\u00d3N POR SAN CAYETANO"},"content":{"rendered":"<p>[FMR 25\/07\/2016] Esta ma\u00f1ana se llev\u00f3 a cabo una conferencia de prensa en la sede Constituci\u00f3n (CABA) de la Confederaci\u00f3n de Trabajadores de la Econom\u00eda Popular (CTEP). All\u00ed, las organizaciones sociales nucleadas en la CTEP, la Corriente Clasiste y Combativa (CCC) y el Movimiento Barrios de Pie convocaron a una masiva marcha para el 7 de agosto, d\u00eda de San Cayetano, donde, seg\u00fan se\u00f1al\u00f3 el Gringo Castro, Secretario General de CTEP, \u00abdespu\u00e9s de acompa\u00f1ar decididamente las grandes movilizaciones del movimiento obrero, los trabajadores de la Econom\u00eda Popular tendr\u00e1n su d\u00eda para instalar su agenda y sus reivindicaciones, la de los trabajadores que no tienen derechos\u00bb.<\/p>\n<p style=\"text-align: justify\">Secundado por Juan Carlos Alderete y Daniel Menendez, <img loading=\"lazy\" decoding=\"async\" class=\"size-thumbnail wp-image-2281 alignright\" src=\"http:\/\/fmriachuelo.com.ar\/ljkjklj\/wp-content\/uploads\/2016\/07\/todos-150x150.jpg\" alt=\"todos\" width=\"200\" height=\"200\" \/>dirigentes de la CCC y de Barrios de Pie, respectivamente, y tambi\u00e9n por referentes de organizaciones del movimiento sindical como Victor C\u00e1ceres (UOLRA-CGT), Eduardo Lopez (UTE-CTA de los Trabajadores) y Carlos Chile (CTA Aut\u00f3noma) el Gringo Castro dej\u00f3 en claro que \u00abla movilizaci\u00f3n es una movilizaci\u00f3n contra el ajuste de un gobierno que ha realizado una fenomenal transferencia de recursos a los sectores concentrados de la econom\u00eda\u00bb.<\/p>\n<p style=\"text-align: justify\">Al finalizar la conferencia que, como es habitual, cont\u00f3 con la diversa participaci\u00f3n de los sectores de trabajadores de la Econom\u00eda Popular, FM Riachuelo tuvo la posibilidad de conversar con Lito Borello, Coordinador Nacional de la Organizaci\u00f3n Los Pibes, de La Boca que destac\u00f3 la centralidad que va a ocupar la Econom\u00eda Popular en la jornada del 7 de agosto.<\/p>\n<p style=\"text-align: justify\">\n<p style=\"text-align: justify\">Borello tambi\u00e9n se extendi\u00f3 en caracterizar la diversidad de reivindicaciones que hoy se organizan en torno de la Econom\u00eda Popular y que seguramente se har\u00e1n presentes en la jornada del \u00abSanto Popular\u00bb.<\/p>\n<p style=\"text-align: justify\">Otro tema que destac\u00f3 durante la entrevista con FM Riachuelo fue el del estado de la unidad en el campo popular, tema que aparece cada vez con m\u00e1s recurrencia en los debates de las organizaciones que hoy se encuentran movilizadas contra las pol\u00edticas de ajuste del macrismo.<\/p>\n<p style=\"text-align: justify\">A continuaci\u00f3n pod\u00e9s acceder a la conferencia de prensa completa:<\/p>\n","protected":false},"excerpt":{"rendered":"<p>[FMR 25\/07\/2016] Esta ma\u00f1ana se llev\u00f3 a cabo una conferencia de prensa en la sede Constituci\u00f3n (CABA) de la Confederaci\u00f3n de Trabajadores de la Econom\u00eda Popular (CTEP). All\u00ed, las organizaciones sociales nucleadas en la CTEP, la Corriente Clasiste y Combativa (CCC) y el Movimiento Barrios de Pie convocaron a una masiva marcha para el 7 [&hellip;]<\/p>\n","protected":false},"author":4,"featured_media":2280,"comment_status":"open","ping_status":"open","sticky":false,"template":"","format":"standard","meta":{"_monsterinsights_skip_tracking":false,"_monsterinsights_sitenote_active":false,"_monsterinsights_sitenote_note":"","_monsterinsights_sitenote_category":0,"jnews-multi-image_gallery":[],"jnews_single_post":[],"jnews_primary_category":[],"_joinchat":[],"footnotes":""},"categories":[76],"tags":[],"class_list":["post-2279","post","type-post","status-publish","format-standard","has-post-thumbnail","hentry","category-salud-comunitaria"],"_links":{"self":[{"href":"http:\/\/fmriachuelo.it10.com.ar\/index.php\/wp-json\/wp\/v2\/posts\/2279","targetHints":{"allow":["GET"]}}],"collection":[{"href":"http:\/\/fmriachuelo.it10.com.ar\/index.php\/wp-json\/wp\/v2\/posts"}],"about":[{"href":"http:\/\/fmriachuelo.it10.com.ar\/index.php\/wp-json\/wp\/v2\/types\/post"}],"author":[{"embeddable":true,"href":"http:\/\/fmriachuelo.it10.com.ar\/index.php\/wp-json\/wp\/v2\/users\/4"}],"replies":[{"embeddable":true,"href":"http:\/\/fmriachuelo.it10.com.ar\/index.php\/wp-json\/wp\/v2\/comments?post=2279"}],"version-history":[{"count":0,"href":"http:\/\/fmriachuelo.it10.com.ar\/index.php\/wp-json\/wp\/v2\/posts\/2279\/revisions"}],"wp:featuredmedia":[{"embeddable":true,"href":"http:\/\/fmriachuelo.it10.com.ar\/index.php\/wp-json\/"}],"wp:attachment":[{"href":"http:\/\/fmriachuelo.it10.com.ar\/index.php\/wp-json\/wp\/v2\/media?parent=2279"}],"wp:term":[{"taxonomy":"category","embeddable":true,"href":"http:\/\/fmriachuelo.it10.com.ar\/index.php\/wp-json\/wp\/v2\/categories?post=2279"},{"taxonomy":"post_tag","embeddable":true,"href":"http:\/\/fmriachuelo.it10.com.ar\/index.php\/wp-json\/wp\/v2\/tags?post=2279"}],"curies":[{"name":"wp","href":"https:\/\/api.w.org\/{rel}","templated":true}]}}