{"id":2262,"date":"2016-07-24T03:35:39","date_gmt":"2016-07-24T03:35:39","guid":{"rendered":"http:\/\/fmriachuelo.com.ar\/ljkjklj\/?p=2262"},"modified":"2016-07-24T03:35:39","modified_gmt":"2016-07-24T03:35:39","slug":"emision-en-lucha-evaluacion-de-la-jornada-de-trabajadores-de-la-economia-popular-100-ollas","status":"publish","type":"post","link":"http:\/\/fmriachuelo.it10.com.ar\/index.php\/2016\/07\/24\/emision-en-lucha-evaluacion-de-la-jornada-de-trabajadores-de-la-economia-popular-100-ollas\/","title":{"rendered":"EMISI\u00d3N EN LUCHA: EVALUACI\u00d3N DE LA JORNADA #100 OLLAS, DE TRABAJADORES DE LA ECONOM\u00cdA POPULAR"},"content":{"rendered":"<p style=\"text-align: justify\">[FMR 24\/07\/16] El viernes pasado, 22\/07\/16, se realiz\u00f3 un programa especial de\u00a0<strong>Cazadores de Zonceras<\/strong>: <strong>EMISI\u00d3N EN LUCHA.<\/strong> \u00a0\u00a0Despu\u00e9s de una intensa jornada de lucha en la ciudad que se realiz\u00f3 el jueves 21 de julio, \u00a0\u00a0<strong>100 ollas populares contra el hambre por techo tierra y trabajo<\/strong>, algunos referentes de la econom\u00eda popular se reunieron en la mesa del programa para dialogar acerca las problem\u00e1ticas que hoy afectan a los trabajadores: la unidad del movimiento popular y los trabajadores, la econom\u00eda popular y el acceso a la vivienda digna. Con la participaci\u00f3n especial del \u00a0\u00a0Dr. Andr\u00e9s Gallardo, Juez en lo Contencioso Administrativo y Tributario del Gobierno de la Ciudad Aut\u00f3noma de Buenos Aires, \u00a0que aport\u00f3 el marco legal acerca de la problem\u00e1tica de la vivienda, consultado a partir de un fallo que condena a la ciudad por la falta de pol\u00edticas p\u00fablicas de vivienda.<\/p>\n<p style=\"text-align: justify\">\nAl anochecer del d\u00eda viernes, apenas pasadas las 19 hs. se reunieron durante casi dos horas, en los estudios de <strong><span style=\"color: #ff0000\">Fm Riachuelo<\/span><\/strong>, \u00a0<strong><span style=\"color: #000000\">Jacquelina Flores del Movimiento de Trabajadores Excluidos (capital), Rafael Klejzer del Movimiento Popular La Dignidad \u00a0y Lito Borello de la O.S.y P. Los Pibes<\/span><\/strong>, \u00a0\u00a0para\u00a0 establecer un di\u00e1logo intenso y fluido acerca del creciente malestar y la emergencia social que padecen los trabajadores de la econom\u00eda popular nucleados en la Confederaci\u00f3n de la Econom\u00eda Popular, CTEP seccional Capital, y el Movimiento Barrios de Pie, que los llevaron a una medida de protesta.<\/p>\n<p><strong>\u00bfCu\u00e1l es el primer balance de esta jornada de lucha?<\/strong><\/p>\n<p style=\"text-align: justify\"><strong>Jaquelina Flores<\/strong> valor\u00f3 la unidad \u00a0de los trabajadores y afirm\u00f3 que: \u201cera una masa de laburantes de la econom\u00eda popular, \u00a0pedimos que nuestros temas est\u00e9n en la agenda&#8230;Que entre todas las organizaciones nos contagiemos para demandar lo que nos corresponde por derecho propio. No somos mano de obra barata de nadie, ni manteros, ni cartoneros, discutimos cuanto tenemos que ganar y eso molesta\u201d.<\/p>\n<p style=\"text-align: justify\"><strong>Lito Borello<\/strong> destac\u00f3 el valor de hacer las <strong>100 ollas<\/strong> y su relaci\u00f3n con la econom\u00eda popular, porque retoma \u00a0el emblema de una forma de lucha como la ollla popular, \u00a0s\u00edmbolo de los 90 \u00a0ligado a los movimientos emergentes, \u00a0econom\u00edas de subsistencia y \u00a0las \u00a0distintas expresiones de la econom\u00eda popular y del campo del trabajo.\u00a0 Expres\u00f3: \u00a0\u201cel valor de las distintas expresiones de la econom\u00eda popular que conviven en la CTEP, \u00a0\u00a0\u00a0como parte de ese sujeto hist\u00f3rico del movimiento obrero organizado. La econom\u00eda popular se incorpora como parte de ese conjunto de respuestas para construir la unidad y para la organizaci\u00f3n del movimiento popular y de los trabajadores como columna vertebral\u201d. Al mismo tiempo Borello subray\u00f3 que: \u201cla econom\u00eda popular empieza a imaginar nuevos paradigmas de sociedades y les dice a otros, les muestra a otros un camino en la unidad y la lucha. \u00a0\u00a0Esto es un camino, estuvo en alto la dignidad de la lucha aparte de ayudar a la lucha reivindicativa muestra la posibilidad de unidad estas 100 ollas populares \u00a0que aparte de ayudar a la lucha reivindicativa ayuda a la unidad del movimiento popular y adem\u00e1s permite construir otro tipo de sociedades m\u00e1s justas\u201d.<\/p>\n<p style=\"text-align: justify\"><strong>Rafael Klejzer<\/strong>, resalt\u00f3 el valor simb\u00f3lico de la olla popular y la lucha popular en la calle y en unidad. Al mismo tiempo destac\u00f3 el importante papel que le toca protagonizar al conjunto de los trabajadores que son la \u00fanica posibilidad de oponerse a las pol\u00edticas enarboladas por el gobierno nacional y destac\u00f3 la necesidad de la unidad de los trabajadores, que es un hecho en la lucha.\u00a0\u201cAh\u00ed entramos las organizaciones el mov. obrero, tenemos que ser \u00a0los trabajadores junto al movimiento popular los que planteemos la unidad que permitamos reconstruir un programa que nos permita una salida\u201d destac\u00f3 enf\u00e1ticamente.<\/p>\n<p style=\"text-align: justify\"><strong>\u00bfComo contin\u00faa la lucha de los trabajadores de la econom\u00eda popular? \u00bfCuales son las proximas acciones?<\/strong><\/p>\n<p style=\"text-align: justify\">Los tres referentes coincidieron en destacar que el conjunto de los trabajadores de la econom\u00eda popular organizados en la Confederaci\u00f3n de Trabajadores de la Econom\u00eda Popular, han decidido que el pr\u00f3ximo <strong>7 de agosto<\/strong> mostrar\u00e1n la unidad de sus diversas expresiones que junto a la Corriente Clasista y Combativa y al Movimiento Barrios de Pie marcharan desde la iglesia San Cayetano patrono del trabajo hasta Plaza de Mayo.<\/p>\n<p style=\"text-align: justify\">El <strong>7 de agosto<\/strong> tiene que ver con los valores del humilde, del trabajador, tiene que ver con la fe de los humildes\u2026no solo tiene que ver con san Cayetano como \u00a0patrono del trabajo sino con la diversidad de fe que hace a la unidad como fortaleza, tambi\u00e9n desde el lado de la mujer, expres\u00f3 Jacquelina Flores. Al igual Rafael Klejzer destac\u00f3 la importancia del pr\u00f3ximo 7 de agosto como un punto de acumulaci\u00f3n para lograr la unidad del movimiento obrero, tiene que servir tambi\u00e9n para plantear la unidad de la central de los trabajadores\u201d\u2026 Lito Borello, agreg\u00f3: \u00a0. \u2013 hoy los movimientos populares tienen mas claro que no hay nadie con saco y corbata que tenga un saber dela politiquer\u00eda y que te venga a decir uds. ya pelearon, \u00a0ya pintaron paredes, ya tocaron el bombo, ya cortaron la calles, \u00a0ya se hicieron ollas populares\u2026ahora d\u00e9jennos a nosotros\u2026las <strong>100 ollas<\/strong> tiran por tierra el pesimismo y muestran las condiciones de posibilidad igual que el 7 de agosto\u2026creo que algunos pusieron a rodar la pelota, no es solamente una cuesti\u00f3n de fe, al igual que el 29 de marzo que sobre un acto de las centrales obreras (CGT \u2013 CTA) \u00a0nuestro pueblo construy\u00f3 otros valores, siento que el 7 de agosto puede ser una lucha mas donde nuestro pueblo diga por aca es\u201d\u2026<\/p>\n<p>Tambi\u00e9n durante\u00a0el programa se estableci\u00f3 una comunicaci\u00f3n con el <strong>juez Dr. Andres Gallardo<\/strong>, en donde se estableci\u00f3 un intercambio\u00a0con los participantes. Hace pocas horas se conoci\u00f3 un fallo del juez que obliga a la Ciudad de Buenos Aires a abonar una multa por no aplicar pol\u00edticas p\u00fablicas de vivienda.<\/p>\n<p>Lee la nota completa en:\u00a0 <span style=\"color: #0000ff\"><strong><a style=\"color: #0000ff\" href=\"http:\/\/fmriachuelo.com.ar\/ljkjklj\/blog\/2016\/07\/23\/emision-en-lucha-la-justicia-multa-al-gobierno-de-la-ciudad-por-falta-de-politicas-de-vivienda\/\">NOTICIA CON AUDIOS DEL JUEZ GALLARDO<\/a><\/strong><\/span><\/p>\n<p>&nbsp;<\/p>\n<p>&nbsp;<\/p>\n","protected":false},"excerpt":{"rendered":"<p>[FMR 24\/07\/16] El viernes pasado, 22\/07\/16, se realiz\u00f3 un programa especial de\u00a0Cazadores de Zonceras: EMISI\u00d3N EN LUCHA. \u00a0\u00a0Despu\u00e9s de una intensa jornada de lucha en la ciudad que se realiz\u00f3 el jueves 21 de julio, \u00a0\u00a0100 ollas populares contra el hambre por techo tierra y trabajo, algunos referentes de la econom\u00eda popular se reunieron en [&hellip;]<\/p>\n","protected":false},"author":4,"featured_media":2263,"comment_status":"open","ping_status":"open","sticky":false,"template":"","format":"link","meta":{"_monsterinsights_skip_tracking":false,"_monsterinsights_sitenote_active":false,"_monsterinsights_sitenote_note":"","_monsterinsights_sitenote_category":0,"jnews-multi-image_gallery":[],"jnews_single_post":[],"jnews_primary_category":[],"_joinchat":[],"footnotes":""},"categories":[76],"tags":[],"class_list":["post-2262","post","type-post","status-publish","format-link","has-post-thumbnail","hentry","category-salud-comunitaria","post_format-post-format-link"],"_links":{"self":[{"href":"http:\/\/fmriachuelo.it10.com.ar\/index.php\/wp-json\/wp\/v2\/posts\/2262","targetHints":{"allow":["GET"]}}],"collection":[{"href":"http:\/\/fmriachuelo.it10.com.ar\/index.php\/wp-json\/wp\/v2\/posts"}],"about":[{"href":"http:\/\/fmriachuelo.it10.com.ar\/index.php\/wp-json\/wp\/v2\/types\/post"}],"author":[{"embeddable":true,"href":"http:\/\/fmriachuelo.it10.com.ar\/index.php\/wp-json\/wp\/v2\/users\/4"}],"replies":[{"embeddable":true,"href":"http:\/\/fmriachuelo.it10.com.ar\/index.php\/wp-json\/wp\/v2\/comments?post=2262"}],"version-history":[{"count":0,"href":"http:\/\/fmriachuelo.it10.com.ar\/index.php\/wp-json\/wp\/v2\/posts\/2262\/revisions"}],"wp:featuredmedia":[{"embeddable":true,"href":"http:\/\/fmriachuelo.it10.com.ar\/index.php\/wp-json\/"}],"wp:attachment":[{"href":"http:\/\/fmriachuelo.it10.com.ar\/index.php\/wp-json\/wp\/v2\/media?parent=2262"}],"wp:term":[{"taxonomy":"category","embeddable":true,"href":"http:\/\/fmriachuelo.it10.com.ar\/index.php\/wp-json\/wp\/v2\/categories?post=2262"},{"taxonomy":"post_tag","embeddable":true,"href":"http:\/\/fmriachuelo.it10.com.ar\/index.php\/wp-json\/wp\/v2\/tags?post=2262"}],"curies":[{"name":"wp","href":"https:\/\/api.w.org\/{rel}","templated":true}]}}