{"id":2257,"date":"2016-07-21T14:04:48","date_gmt":"2016-07-21T14:04:48","guid":{"rendered":"http:\/\/fmriachuelo.com.ar\/ljkjklj\/?p=2257"},"modified":"2016-07-21T14:04:48","modified_gmt":"2016-07-21T14:04:48","slug":"mexico-se-agrava-la-situacion-por-la-reforma-educativa","status":"publish","type":"post","link":"http:\/\/fmriachuelo.it10.com.ar\/index.php\/2016\/07\/21\/mexico-se-agrava-la-situacion-por-la-reforma-educativa\/","title":{"rendered":"MEXICO: SE AGRAVA LA SITUACI\u00d3N POR LA REFORMA EDUCATIVA"},"content":{"rendered":"<p style=\"text-align: justify\">El gobierno hace maniobras para dividir la protesta.\u00a0La Secretar\u00eda de Educaci\u00f3n P\u00fablica (SEP) present\u00f3 el\u00a0modelo educativo al Sindicato de Trabajadores de la Educaci\u00f3n (SNTE) y as\u00ed busca restarle\u00a0legitimidad como interlocutores a la CNTE en una mesa paralela. \u00a0\u201cEstamos construyendo una propuesta pero nos anuncian que hoy ser\u00e1 presentada esta propuesta\u201d, lo cual afectara el di\u00e1logo, advirtieron integrantes de la Coordinadora Nacional de Trabajadores de la Educaci\u00f3n (CNTE) luego de se\u00f1alar la \u201cincapacidad\u201d del gobierno al al finalizar la \u201cmesa educativa\u201d con la Secretar\u00eda de Gobernaci\u00f3n la tarde de ayer. (Desinform\u00e9monos)<\/p>\n<p style=\"text-align: justify\">El rechazo a la reforma educativa, el despido de maestros y a los descuentos en la n\u00f3mina, son algunas de las demandas de los maestros de la\u00a0CNTE. B\u00e1sicamente la reforma educativa desfinancia el sistema educativo p\u00fablico a la vez que produce la privatizaci\u00f3n de todo el sistema educativo estatal. La medida ha provocado el rechazo de toda la comunidad educativa a lo largo y ancho del pa\u00eds mejicano.<\/p>\n<p style=\"text-align: justify\">Al mismo tiempo se producen hechos de gravedad. Polic\u00edas y grupos de choque desalojan a tiros y con gases lacrim\u00f3genos a maestros y padres de familia en bloqueo de Chiapas.\u00a0Polic\u00edas apoyados por grupos de choque con armas de fuego atacaron hoy a maestros, padres de familia y sociedad civil que manten\u00edan un bloqueo carretero en rechazo a la reforma educativa, en la carretera de cuota San Crist\u00f3bal de las Casas-Tuxtla Guti\u00e9rrez.<\/p>\n<p style=\"text-align: justify\">En el municipio de Zit\u00e1cuaro, Michoac\u00e1n, al menos 25 maestros fueron detenidos durante el desalojo del bloqueo que manten\u00eda la Coordinadora Nacional de Trabajadores de la Educaci\u00f3n (CNTE) en la carretera Zit\u00e1cuaro-Toluca. Los maestros fueron reprimidos en la carretera federal n\u00famero 15, a la altura del CONALEP y se replegaron a la tenencia Macho de Agua.<\/p>\n<p style=\"text-align: justify\">En otros municipios de Michoac\u00e1n tambi\u00e9n se realizaron movilizaciones. En Morelia, L\u00e1zaro C\u00e1rdenas, Arteaga, Uruapan, P\u00e1tzcuaro y Maravat\u00edo, realizaron bloqueos sobre las v\u00edas del tren donde pasan los ferrocarriles de la trasnacional Kansas City Southern.<\/p>\n","protected":false},"excerpt":{"rendered":"<p>El gobierno hace maniobras para dividir la protesta.\u00a0La Secretar\u00eda de Educaci\u00f3n P\u00fablica (SEP) present\u00f3 el\u00a0modelo educativo al Sindicato de Trabajadores de la Educaci\u00f3n (SNTE) y as\u00ed busca restarle\u00a0legitimidad como interlocutores a la CNTE en una mesa paralela. \u00a0\u201cEstamos construyendo una propuesta pero nos anuncian que hoy ser\u00e1 presentada esta propuesta\u201d, lo cual afectara el di\u00e1logo, [&hellip;]<\/p>\n","protected":false},"author":4,"featured_media":2258,"comment_status":"open","ping_status":"open","sticky":false,"template":"","format":"standard","meta":{"_monsterinsights_skip_tracking":false,"_monsterinsights_sitenote_active":false,"_monsterinsights_sitenote_note":"","_monsterinsights_sitenote_category":0,"jnews-multi-image_gallery":[],"jnews_single_post":[],"jnews_primary_category":[],"_joinchat":[],"footnotes":""},"categories":[76],"tags":[],"class_list":["post-2257","post","type-post","status-publish","format-standard","has-post-thumbnail","hentry","category-salud-comunitaria"],"_links":{"self":[{"href":"http:\/\/fmriachuelo.it10.com.ar\/index.php\/wp-json\/wp\/v2\/posts\/2257","targetHints":{"allow":["GET"]}}],"collection":[{"href":"http:\/\/fmriachuelo.it10.com.ar\/index.php\/wp-json\/wp\/v2\/posts"}],"about":[{"href":"http:\/\/fmriachuelo.it10.com.ar\/index.php\/wp-json\/wp\/v2\/types\/post"}],"author":[{"embeddable":true,"href":"http:\/\/fmriachuelo.it10.com.ar\/index.php\/wp-json\/wp\/v2\/users\/4"}],"replies":[{"embeddable":true,"href":"http:\/\/fmriachuelo.it10.com.ar\/index.php\/wp-json\/wp\/v2\/comments?post=2257"}],"version-history":[{"count":0,"href":"http:\/\/fmriachuelo.it10.com.ar\/index.php\/wp-json\/wp\/v2\/posts\/2257\/revisions"}],"wp:featuredmedia":[{"embeddable":true,"href":"http:\/\/fmriachuelo.it10.com.ar\/index.php\/wp-json\/"}],"wp:attachment":[{"href":"http:\/\/fmriachuelo.it10.com.ar\/index.php\/wp-json\/wp\/v2\/media?parent=2257"}],"wp:term":[{"taxonomy":"category","embeddable":true,"href":"http:\/\/fmriachuelo.it10.com.ar\/index.php\/wp-json\/wp\/v2\/categories?post=2257"},{"taxonomy":"post_tag","embeddable":true,"href":"http:\/\/fmriachuelo.it10.com.ar\/index.php\/wp-json\/wp\/v2\/tags?post=2257"}],"curies":[{"name":"wp","href":"https:\/\/api.w.org\/{rel}","templated":true}]}}