{"id":2254,"date":"2016-07-21T13:49:48","date_gmt":"2016-07-21T13:49:48","guid":{"rendered":"http:\/\/fmriachuelo.com.ar\/ljkjklj\/?p=2254"},"modified":"2016-07-21T13:49:48","modified_gmt":"2016-07-21T13:49:48","slug":"jujuy-40-anos-de-la-noche-del-apagon-1976-2016","status":"publish","type":"post","link":"http:\/\/fmriachuelo.it10.com.ar\/index.php\/2016\/07\/21\/jujuy-40-anos-de-la-noche-del-apagon-1976-2016\/","title":{"rendered":"JUJUY: 40 A\u00d1OS DE LA NOCHE DEL APAG\u00d3N 1976-2016"},"content":{"rendered":"<p><strong><\/strong>Se conmema el 40 aniversario de la Noche del Apag\u00f3n, ocurrida\u00a0 en 1976, cuando en un hecho sin precedentes, \u00a0se cort\u00f3 el suministro el\u00e9ctrico en todo el departamento de Libertador General San Mart\u00edn, provincia de Jujuy, mientras polic\u00edas, gendarmes, militares y capataces de la empresa Ledesma allanaron y saquearon viviendas en Libertador Gral. San Mart\u00edn y Calilegua. En veh\u00edculos de la empresa se trasladaron m\u00e1s de 400 trabajadores, estudiantes y profesionales a galpones de mantenimiento del ingenio azucarero, donde fueron torturados, de los cuales a\u00fan 30 permanecen desaparecidos.\u00a0 \u00a0El m\u00e9dico Luis Ar\u00e9dez, intendente de Ledesma \u00a0fue uno de los secuestrados-desaparecidos.<\/p>\n","protected":false},"excerpt":{"rendered":"<p>Se conmema el 40 aniversario de la Noche del Apag\u00f3n, ocurrida\u00a0 en 1976, cuando en un hecho sin precedentes, \u00a0se cort\u00f3 el suministro el\u00e9ctrico en todo el departamento de Libertador General San Mart\u00edn, provincia de Jujuy, mientras polic\u00edas, gendarmes, militares y capataces de la empresa Ledesma allanaron y saquearon viviendas en Libertador Gral. San Mart\u00edn [&hellip;]<\/p>\n","protected":false},"author":4,"featured_media":2255,"comment_status":"open","ping_status":"open","sticky":false,"template":"","format":"standard","meta":{"_monsterinsights_skip_tracking":false,"_monsterinsights_sitenote_active":false,"_monsterinsights_sitenote_note":"","_monsterinsights_sitenote_category":0,"jnews-multi-image_gallery":[],"jnews_single_post":[],"jnews_primary_category":[],"_joinchat":[],"footnotes":""},"categories":[76],"tags":[],"class_list":["post-2254","post","type-post","status-publish","format-standard","has-post-thumbnail","hentry","category-salud-comunitaria"],"_links":{"self":[{"href":"http:\/\/fmriachuelo.it10.com.ar\/index.php\/wp-json\/wp\/v2\/posts\/2254","targetHints":{"allow":["GET"]}}],"collection":[{"href":"http:\/\/fmriachuelo.it10.com.ar\/index.php\/wp-json\/wp\/v2\/posts"}],"about":[{"href":"http:\/\/fmriachuelo.it10.com.ar\/index.php\/wp-json\/wp\/v2\/types\/post"}],"author":[{"embeddable":true,"href":"http:\/\/fmriachuelo.it10.com.ar\/index.php\/wp-json\/wp\/v2\/users\/4"}],"replies":[{"embeddable":true,"href":"http:\/\/fmriachuelo.it10.com.ar\/index.php\/wp-json\/wp\/v2\/comments?post=2254"}],"version-history":[{"count":0,"href":"http:\/\/fmriachuelo.it10.com.ar\/index.php\/wp-json\/wp\/v2\/posts\/2254\/revisions"}],"wp:featuredmedia":[{"embeddable":true,"href":"http:\/\/fmriachuelo.it10.com.ar\/index.php\/wp-json\/"}],"wp:attachment":[{"href":"http:\/\/fmriachuelo.it10.com.ar\/index.php\/wp-json\/wp\/v2\/media?parent=2254"}],"wp:term":[{"taxonomy":"category","embeddable":true,"href":"http:\/\/fmriachuelo.it10.com.ar\/index.php\/wp-json\/wp\/v2\/categories?post=2254"},{"taxonomy":"post_tag","embeddable":true,"href":"http:\/\/fmriachuelo.it10.com.ar\/index.php\/wp-json\/wp\/v2\/tags?post=2254"}],"curies":[{"name":"wp","href":"https:\/\/api.w.org\/{rel}","templated":true}]}}