{"id":2240,"date":"2016-07-20T03:17:08","date_gmt":"2016-07-20T03:17:08","guid":{"rendered":"http:\/\/fmriachuelo.com.ar\/ljkjklj\/?p=2240"},"modified":"2016-07-20T03:17:08","modified_gmt":"2016-07-20T03:17:08","slug":"trabajadores-de-la-economia-popular-en-jornada-de-lucha","status":"publish","type":"post","link":"http:\/\/fmriachuelo.it10.com.ar\/index.php\/2016\/07\/20\/trabajadores-de-la-economia-popular-en-jornada-de-lucha\/","title":{"rendered":"TRABAJADORES DE LA ECONOM\u00cdA POPULAR EN JORNADA DE LUCHA"},"content":{"rendered":"<p style=\"text-align: justify\">[FMR 19\/06\/16] Durante el d\u00eda\u00a0de hoy se realiz\u00f3 la\u00a0Jornada de Lucha: <strong>100 ollas populares,\u00a0contra el hambre, por el trabajo digno y la vivienda.\u00a0<\/strong>Los trabajadores de la econom\u00eda popular nucleados en las organizaciones CTEP Capital y Barrios de Pie confluyeron para llevar\u00a0una jornada de movilizaci\u00f3n popular con ollas populares ubicadas en 100 puntos distintos de esta ciudad. La medida de fuerza se llev\u00f3 adelante para visibilizar el malestar y la emergencia social que est\u00e1n produciendo las actuales pol\u00edticas del Gobierno de la Ciudad de Buenos Aires, que reflejan las mismas pol\u00edticas a nivel nacional.<\/p>\n<p style=\"text-align: justify\">Escuch\u00e1 los testimonios de la jornada:<\/p>\n<p style=\"text-align: justify\">La movilizaci\u00f3n comenz\u00f3 en tempranas horas de la ma\u00f1ana, 7 hs., en Callao y Corrientes desde donde el conjunto de organizaciones se dirigi\u00f3\u00a0hacia el Obelisco, \u00a0para luego finalizar a las 12 hs. en Plaza de Mayo con una gran olla popular.<\/p>\n<p style=\"text-align: justify\"><img loading=\"lazy\" decoding=\"async\" class=\"size-thumbnail wp-image-2242 alignleft\" src=\"http:\/\/fmriachuelo.com.ar\/ljkjklj\/wp-content\/uploads\/2016\/07\/IMG-20160719-WA0067.jpg-150x150.jpeg\" alt=\"IMG-20160719-WA0067.jpg\" width=\"150\" height=\"150\" \/><\/p>\n<p style=\"text-align: justify\">En horas del mediod\u00eda en los distintos barrios\u00a0de la ciudad se realizaron <strong>#100ollaspopulares<\/strong> que contaron con nutrida concurrencia. En las primeras horas de la tarde, \u00a0la cita fue en el barrio de Retiro, donde nuevamente confluyeron el\u00a0conjunto de movimientos sociales para mostrar la asimetr\u00eda que viven los sectores populares frente a un emblema de las pol\u00edticas de gobierno que miran hacia el exterior. As\u00ed lo expresaba Sergio Sanchez, del M.T.E. (seccional capital):\u00a0 \u00abFrente al Sheraton vamos a mostrar la otra cara de la realidad. Todas las personas merecen llevar un plato de comida a su mesa. Un trabajo digno. Una vivienda digna\u00bb.<\/p>\n<p style=\"text-align: justify\">En el inicio Rafael Klejzer, del Movimiento Popular La Dignidad (CTEP Capital) \u00a0expresaba en el inicio:\u00a0\u00abQueremos poner sobre la mesa la problem\u00e1tica de los trabajadores de la Econom\u00eda Popular, Larreta recibe a empresarios de la noche y narcotraficantes, pero no recibe a los trabajadores\u00bb. \u00a0Al mismo tiempo, \u00a0Mart\u00edn Casasola, \u00a0de Seamos Libres, (CTEP Capital): \u00abPedimos que las cooperativas se hagan cargo de la urbanizaci\u00f3n de las villas y no hubo respuestas, tambi\u00e9n pedimos alimentos para los vecinos que pasan hambre y tampoco hubo respuestas\u00bb. Luciano Alvarez de O.S.y P. Los Pibes (CTEP Capital) relataba la situaci\u00f3n de emergencia alimentaria, de vivienda y de falta de trabajo para los sectores populares que vienen siendo excluidos de las pol\u00edticas de gobierno.<\/p>\n<p><img loading=\"lazy\" decoding=\"async\" class=\"size-thumbnail wp-image-2243 alignleft\" src=\"http:\/\/fmriachuelo.com.ar\/ljkjklj\/wp-content\/uploads\/2016\/07\/f5658318-a4e0-4279-910d-0b363c04508c-150x150.jpg\" alt=\"f5658318-a4e0-4279-910d-0b363c04508c\" width=\"150\" height=\"150\" \/><\/p>\n<p style=\"text-align: justify\">El cierre se realiz\u00f3 con una gran olla popular frente en la Plaza de los Dos Congresos, ubicados a pocos pasos del Congreso Nacional, donde se comparti\u00f3 un \u00abguiso de olla\u00bb con muchas personas que se encuentran en situaci\u00f3n de calle. Palabras de cierre de representantes de distintas organizaciones y movimientos populares coincidieron en destacar la unidad del movimiento popular y la necesidad de continuar en la lucha contra las pol\u00edticas de exclusi\u00f3n que proponene las actuales pol\u00edticas de gobierno.\u00a0\u00a0\u00abLa calle nos hermana\u00bb resalt\u00f3 Jacquelina Flores del M.T.E. (capital).<\/p>\n<p>Es de destacar el desmedido operativo de seguridad, con personal de infanteria policial que portaban\u00a0armas de fuego, que acompa\u00f1aron esta pac\u00edfica jornada de lucha\u00a0popular.<\/p>\n<p>Estuvieron participando de la jornada importantes organizaciones de base de la CTEP Capital como M.T.E. (capital), Seamos Libres, O.S.y P. Los Pibes, M.P. La Dignidad junto al Movimiento Barrios de Pie.<\/p>\n","protected":false},"excerpt":{"rendered":"<p>[FMR 19\/06\/16] Durante el d\u00eda\u00a0de hoy se realiz\u00f3 la\u00a0Jornada de Lucha: 100 ollas populares,\u00a0contra el hambre, por el trabajo digno y la vivienda.\u00a0Los trabajadores de la econom\u00eda popular nucleados en las organizaciones CTEP Capital y Barrios de Pie confluyeron para llevar\u00a0una jornada de movilizaci\u00f3n popular con ollas populares ubicadas en 100 puntos distintos de esta [&hellip;]<\/p>\n","protected":false},"author":4,"featured_media":2241,"comment_status":"open","ping_status":"open","sticky":false,"template":"","format":"standard","meta":{"_monsterinsights_skip_tracking":false,"_monsterinsights_sitenote_active":false,"_monsterinsights_sitenote_note":"","_monsterinsights_sitenote_category":0,"jnews-multi-image_gallery":[],"jnews_single_post":[],"jnews_primary_category":[],"_joinchat":[],"footnotes":""},"categories":[76],"tags":[],"class_list":["post-2240","post","type-post","status-publish","format-standard","has-post-thumbnail","hentry","category-salud-comunitaria"],"_links":{"self":[{"href":"http:\/\/fmriachuelo.it10.com.ar\/index.php\/wp-json\/wp\/v2\/posts\/2240","targetHints":{"allow":["GET"]}}],"collection":[{"href":"http:\/\/fmriachuelo.it10.com.ar\/index.php\/wp-json\/wp\/v2\/posts"}],"about":[{"href":"http:\/\/fmriachuelo.it10.com.ar\/index.php\/wp-json\/wp\/v2\/types\/post"}],"author":[{"embeddable":true,"href":"http:\/\/fmriachuelo.it10.com.ar\/index.php\/wp-json\/wp\/v2\/users\/4"}],"replies":[{"embeddable":true,"href":"http:\/\/fmriachuelo.it10.com.ar\/index.php\/wp-json\/wp\/v2\/comments?post=2240"}],"version-history":[{"count":0,"href":"http:\/\/fmriachuelo.it10.com.ar\/index.php\/wp-json\/wp\/v2\/posts\/2240\/revisions"}],"wp:featuredmedia":[{"embeddable":true,"href":"http:\/\/fmriachuelo.it10.com.ar\/index.php\/wp-json\/"}],"wp:attachment":[{"href":"http:\/\/fmriachuelo.it10.com.ar\/index.php\/wp-json\/wp\/v2\/media?parent=2240"}],"wp:term":[{"taxonomy":"category","embeddable":true,"href":"http:\/\/fmriachuelo.it10.com.ar\/index.php\/wp-json\/wp\/v2\/categories?post=2240"},{"taxonomy":"post_tag","embeddable":true,"href":"http:\/\/fmriachuelo.it10.com.ar\/index.php\/wp-json\/wp\/v2\/tags?post=2240"}],"curies":[{"name":"wp","href":"https:\/\/api.w.org\/{rel}","templated":true}]}}