{"id":2232,"date":"2016-07-18T21:57:48","date_gmt":"2016-07-18T21:57:48","guid":{"rendered":"http:\/\/fmriachuelo.com.ar\/ljkjklj\/?p=2232"},"modified":"2016-07-18T21:57:48","modified_gmt":"2016-07-18T21:57:48","slug":"jornada-popular-de-lucha-conferencia-de-prensa","status":"publish","type":"post","link":"http:\/\/fmriachuelo.it10.com.ar\/index.php\/2016\/07\/18\/jornada-popular-de-lucha-conferencia-de-prensa\/","title":{"rendered":"JORNADA POPULAR DE LUCHA: CONFERENCIA DE PRENSA"},"content":{"rendered":"<p style=\"text-align: justify\">[FMR 18\/107\/16]En horas del medio d\u00eda la Confederaci\u00f3n de Trabajadores de la Econom\u00eda Popular y la organizaci\u00f3n Barrios de Pie realizaron un conferencia de prensa para anunciar una medida de lucha conjunta: <strong>10llas Contra el Hambre y por\u00a0Trabajo Digno. <\/strong>Realizada frente a la Jefatura de Gobierno de la Ciudad, Av. de Mayo y Bolivar, contra la miseria y la exclusi\u00f3n que proponen las actuales pol\u00edticas de gobierno a nivel nacional y de la Ciudad. Escuch\u00e1\u00a0la conferencia de prensa a continuaci\u00f3n:<\/p>\n<p>100 Ollas en distintos puntos de la ciudad, para luchar en la calle para defender los derechos<\/p>\n","protected":false},"excerpt":{"rendered":"<p>[FMR 18\/107\/16]En horas del medio d\u00eda la Confederaci\u00f3n de Trabajadores de la Econom\u00eda Popular y la organizaci\u00f3n Barrios de Pie realizaron un conferencia de prensa para anunciar una medida de lucha conjunta: 10llas Contra el Hambre y por\u00a0Trabajo Digno. Realizada frente a la Jefatura de Gobierno de la Ciudad, Av. de Mayo y Bolivar, contra [&hellip;]<\/p>\n","protected":false},"author":4,"featured_media":2233,"comment_status":"open","ping_status":"open","sticky":false,"template":"","format":"standard","meta":{"_monsterinsights_skip_tracking":false,"_monsterinsights_sitenote_active":false,"_monsterinsights_sitenote_note":"","_monsterinsights_sitenote_category":0,"jnews-multi-image_gallery":[],"jnews_single_post":[],"jnews_primary_category":[],"_joinchat":[],"footnotes":""},"categories":[76],"tags":[],"class_list":["post-2232","post","type-post","status-publish","format-standard","has-post-thumbnail","hentry","category-salud-comunitaria"],"_links":{"self":[{"href":"http:\/\/fmriachuelo.it10.com.ar\/index.php\/wp-json\/wp\/v2\/posts\/2232","targetHints":{"allow":["GET"]}}],"collection":[{"href":"http:\/\/fmriachuelo.it10.com.ar\/index.php\/wp-json\/wp\/v2\/posts"}],"about":[{"href":"http:\/\/fmriachuelo.it10.com.ar\/index.php\/wp-json\/wp\/v2\/types\/post"}],"author":[{"embeddable":true,"href":"http:\/\/fmriachuelo.it10.com.ar\/index.php\/wp-json\/wp\/v2\/users\/4"}],"replies":[{"embeddable":true,"href":"http:\/\/fmriachuelo.it10.com.ar\/index.php\/wp-json\/wp\/v2\/comments?post=2232"}],"version-history":[{"count":0,"href":"http:\/\/fmriachuelo.it10.com.ar\/index.php\/wp-json\/wp\/v2\/posts\/2232\/revisions"}],"wp:featuredmedia":[{"embeddable":true,"href":"http:\/\/fmriachuelo.it10.com.ar\/index.php\/wp-json\/"}],"wp:attachment":[{"href":"http:\/\/fmriachuelo.it10.com.ar\/index.php\/wp-json\/wp\/v2\/media?parent=2232"}],"wp:term":[{"taxonomy":"category","embeddable":true,"href":"http:\/\/fmriachuelo.it10.com.ar\/index.php\/wp-json\/wp\/v2\/categories?post=2232"},{"taxonomy":"post_tag","embeddable":true,"href":"http:\/\/fmriachuelo.it10.com.ar\/index.php\/wp-json\/wp\/v2\/tags?post=2232"}],"curies":[{"name":"wp","href":"https:\/\/api.w.org\/{rel}","templated":true}]}}