{"id":2229,"date":"2016-07-18T14:37:33","date_gmt":"2016-07-18T14:37:33","guid":{"rendered":"http:\/\/fmriachuelo.com.ar\/ljkjklj\/?p=2229"},"modified":"2016-07-18T14:37:33","modified_gmt":"2016-07-18T14:37:33","slug":"jornada-nacional-de-lucha-de-trabajadores-de-la-economia-popular","status":"publish","type":"post","link":"http:\/\/fmriachuelo.it10.com.ar\/index.php\/2016\/07\/18\/jornada-nacional-de-lucha-de-trabajadores-de-la-economia-popular\/","title":{"rendered":"JORNADA  DE LUCHA DE TRABAJADORES DE LA ECONOM\u00cdA POPULAR"},"content":{"rendered":"<p><strong>100 OLLAS POPULARES CONTRA EL HAMBRE Y POR TRABAJO DIGNO<\/strong><\/p>\n<p style=\"text-align: justify\">Hoy, la CTEP y Barrios de Pie realizar\u00e1n\u00a0una conferencia de prensa a las 11 h en Av. de Mayo y Bolivar para anunciar un plan de lucha.\u00a0Ma\u00f1ana, martes 19\u00a0de julio, se instalar\u00e1n 100 ollas populares en distintos puntos de la Capital Federal como forma de reclamo y visibilizaci\u00f3n de la dura situaci\u00f3n que est\u00e1n pasando los m\u00e1s humildes en la Ciudad de Buenos Aires. La jornada comenzar\u00e1 a las 7 de la ma\u00f1ana, en Callao y Corrientes. A las 12 se realizar\u00e1n las 100 ollas en simult\u00e1neo y el cierre ser\u00e1 a las 20 horas en las inmediaciones del Congreso.<\/p>\n<p style=\"text-align: justify\">La jornada de lucha, organizada por la CTEP\u2013Seccional Capital y Barrios de Pie, alza el reclamo al Gobierno de la Ciudad a los siguientes puntos:<\/p>\n<p style=\"text-align: justify\">Puestos de trabajo genuino,<br \/>\nCese de las pol\u00edticas represivas para los y las trabajadores\/as de la v\u00eda p\u00fablica,<br \/>\nConstrucci\u00f3n, terminaci\u00f3n de viviendas y urbanizaci\u00f3n de las villas realizadas por cooperativas de trabajo.<br \/>\nAlimentos para comedores y merenderos comunitarios.<br \/>\n\u201cSeg\u00fan un informe reciente del Instituto de estad\u00edsticas porte\u00f1o los hogares de zona Norte ganan 53% m\u00e1s que los del Sur, donde se concentran tambi\u00e9n la mayor cantidad de poblaci\u00f3n en Villas sin urbanizaci\u00f3n ni acceso a servicios y trabajo dignos. Mientras en la zona Norte se acumulan los mayores ingresos por familia y los mejores servicios de salud y educaci\u00f3n, en el\u00a0 Sur est\u00e1n los niveles m\u00e1s altos de desocupaci\u00f3n y pobreza\u201d, sostienen las organizaciones sociales.<\/p>\n<p style=\"text-align: justify\">Asimismo, los dirigentes afirman que \u201cel aumento de precio de los alimentos,\u00a0 de las tarifas de todos los servicios p\u00fablicos y todos los que esto desencadena est\u00e1n afectando profundamente a\u00a0 los trabajadores y sectores m\u00e1s humildes de la sociedad que d\u00eda a d\u00eda ven m\u00e1s lejos un plato de comida, las herramientas e insumos necesarios para realizar nuestro trabajo, un techo digno y el trabajo mismo\u201d.<\/p>\n<p>Las ollas populares ser\u00e1n acompa\u00f1adas de cortes parciales en diferentes puntos de la Ciudad.<\/p>\n<p>Los lugares donde se realizar\u00e1n ollas populares son:<\/p>\n<p>\u2013 Cobo y Curapalig\u00fce<br \/>\n\u2013 Varela y Perito Moreno<br \/>\n\u2013 Riestra y Bonorino<br \/>\n\u2013 Plaza Flores<br \/>\n\u2013 Plaza Constituci\u00f3n<br \/>\n\u2013 Ministerio de Educaci\u00f3n de la Ciudad \u2013 Paseo Colon 255<br \/>\n\u2013 Federico Lacroze y Corrientes<br \/>\n\u2013 Luna e Iriarte<br \/>\n\u2013 Mariano Acosta Y Roca<br \/>\n\u2013 Pinzon y Brown<br \/>\n\u2013 Bonpland Y Honduras<br \/>\n\u2013 Los Pinos<br \/>\n\u2013 Escalada y Eva Per\u00f3n<br \/>\n\u2013 Cruz y Pola<br \/>\n\u2013 Richieri Y General Paz<br \/>\n\u2013 Lisandro De La Torre y Eva Peron<br \/>\n\u2013 Riestra y Mariano Acosta<br \/>\n\u2013 Mariano Acosta y Casta\u00f1ares<br \/>\n\u2013 Retiro<br \/>\n\u2013 Parque Patricios<br \/>\n\u2013 Alvarado y Herrera<br \/>\n\u2013 Parque Los Andes<br \/>\n\u2013 Juan B. Justo y San Martin<br \/>\n\u2013 Jonte y San Martin<br \/>\n\u2013 Estaci\u00f3n Paternal<br \/>\n\u2013 Parque Avellaneda<br \/>\n\u2013 Belaustegui y San Martin<br \/>\n\u2013 Pav\u00f3n y 33 Orientated<br \/>\n\u2013 San Juan y Rejuvenate<br \/>\n\u2013 Ciudad Oculta (Mza 26)<br \/>\n\u2013 Dean Funes y Cochabamba<br \/>\n\u2013 Plaza Martin Fierro<br \/>\n\u2013 Dean Funes y Av. Garay<br \/>\n\u2013 Zavaleta<br \/>\n\u2013 Av. Cruz y Bonorino<br \/>\n\u2013 Charrua e Itaqui<br \/>\n\u2013 Av. Roca y Crespo.<br \/>\n\u2013 Av. Riestra y Camilo Torres<br \/>\n\u2013 Somellera y Crespo<br \/>\n\u2013 Villa 1-11-14 (Manzana 6)<br \/>\n\u2013 Remedios y Basualdo \u2013\u00a0Mataderos<br \/>\n\u2013 San Jose e Independencia<br \/>\n\u2013 Primera Junta<br \/>\n\u2013 Tucum\u00e1n y Aguero<br \/>\n\u2013 Cordoba y Raviniani<br \/>\n\u2013 Cruz y Lacarra<br \/>\n\u2013 Calle 5 y Calle 6<br \/>\n\u2013 Santo\u00a0Domingo E Iguazu<br \/>\n\u2013 Santo Domingo y Olvado Cruz<br \/>\n\u2013 Iriarte y Luna<br \/>\n\u2013 Mariano Acosta y Plumerillo<br \/>\n\u2013 Ordo\u00f1ez y Larraya<br \/>\n\u2013 Santader y Hubac<br \/>\n\u2013 Necochea y Olavarria<br \/>\n\u2013 Jose Leon Suarez Y Montiel<br \/>\n\u2013 Gendarmer\u00eda Nacional y Rodolfo Walsh<br \/>\n\u2013 Estacion San Martin y Calle 14<br \/>\n\u2013 Mariano Acosta y Corrales.<br \/>\n\u2013 Chilavert y Corvalan<br \/>\n\u2013 Av.\u00a0Espa\u00f1a y Lola Mora<br \/>\n\u2013 Mz9 Casa 386 \u2013 Bajo\u00a0Flores<br \/>\n\u2013 Mz 23 Canchita \u2013\u00a0Bajo Flores.<br \/>\n\u2013 Piedrabuena y Eva Per\u00f3n<br \/>\ny Hubac<br \/>\n\u2013 Calle\u00a09 y Ramon Castillo<br \/>\n\u2013 Calle\u00a04 y Carlos Perette<br \/>\n\u2013 Montiel y 2 De Abril<br \/>\n\u2013 Iriarte y Zavaleta<br \/>\n\u2013 Iguazu Mz\u00a07 Casa 1<br \/>\n\u2013 Monteagudo y Pje. Che Guevara<br \/>\n\u2013 Piedrabuena y Somellera<br \/>\n\u2013 Cruz y Larrazabal<br \/>\n\u2013 Montes De Oca Y Olavarria<br \/>\n\u2013 Lacarra y Plumerillo<br \/>\n\u2013 7 Esquinas<br \/>\n\u2013 Diagonal Norte y Florida<br \/>\n\u2013 Caminito<br \/>\n\u2013 Plaza Nueva Pompeya<br \/>\n\u2013 Plaza Dorrego<br \/>\n\u2013 Murgiondo y Delf\u00edn Gallo.<\/p>\n<p>Entre otras.<\/p>\n<p>\u201cLa Ciudad conserva y reproduce enormes desigualdades, y es por eso que le pedimos al Gobierno de la Ciudad que resuelva las fuertes desigualdades del distrito\u201d, concluyeron desde las organizaciones sociales.<\/p>\n<p>La actividad cerrar\u00e1 a las 20 h en plaza Congreso con una olla popular para las personas en situaci\u00f3n de calle que viven en dicha plaza, para hacer visible la problem\u00e1tica del aumento de las personas que viven al intemperie en la Ciudad.<\/p>\n<p>&nbsp;<\/p>\n","protected":false},"excerpt":{"rendered":"<p>100 OLLAS POPULARES CONTRA EL HAMBRE Y POR TRABAJO DIGNO Hoy, la CTEP y Barrios de Pie realizar\u00e1n\u00a0una conferencia de prensa a las 11 h en Av. de Mayo y Bolivar para anunciar un plan de lucha.\u00a0Ma\u00f1ana, martes 19\u00a0de julio, se instalar\u00e1n 100 ollas populares en distintos puntos de la Capital Federal como forma de [&hellip;]<\/p>\n","protected":false},"author":4,"featured_media":2230,"comment_status":"open","ping_status":"open","sticky":false,"template":"","format":"standard","meta":{"_monsterinsights_skip_tracking":false,"_monsterinsights_sitenote_active":false,"_monsterinsights_sitenote_note":"","_monsterinsights_sitenote_category":0,"jnews-multi-image_gallery":[],"jnews_single_post":[],"jnews_primary_category":[],"_joinchat":[],"footnotes":""},"categories":[76],"tags":[],"class_list":["post-2229","post","type-post","status-publish","format-standard","has-post-thumbnail","hentry","category-salud-comunitaria"],"_links":{"self":[{"href":"http:\/\/fmriachuelo.it10.com.ar\/index.php\/wp-json\/wp\/v2\/posts\/2229","targetHints":{"allow":["GET"]}}],"collection":[{"href":"http:\/\/fmriachuelo.it10.com.ar\/index.php\/wp-json\/wp\/v2\/posts"}],"about":[{"href":"http:\/\/fmriachuelo.it10.com.ar\/index.php\/wp-json\/wp\/v2\/types\/post"}],"author":[{"embeddable":true,"href":"http:\/\/fmriachuelo.it10.com.ar\/index.php\/wp-json\/wp\/v2\/users\/4"}],"replies":[{"embeddable":true,"href":"http:\/\/fmriachuelo.it10.com.ar\/index.php\/wp-json\/wp\/v2\/comments?post=2229"}],"version-history":[{"count":0,"href":"http:\/\/fmriachuelo.it10.com.ar\/index.php\/wp-json\/wp\/v2\/posts\/2229\/revisions"}],"wp:featuredmedia":[{"embeddable":true,"href":"http:\/\/fmriachuelo.it10.com.ar\/index.php\/wp-json\/"}],"wp:attachment":[{"href":"http:\/\/fmriachuelo.it10.com.ar\/index.php\/wp-json\/wp\/v2\/media?parent=2229"}],"wp:term":[{"taxonomy":"category","embeddable":true,"href":"http:\/\/fmriachuelo.it10.com.ar\/index.php\/wp-json\/wp\/v2\/categories?post=2229"},{"taxonomy":"post_tag","embeddable":true,"href":"http:\/\/fmriachuelo.it10.com.ar\/index.php\/wp-json\/wp\/v2\/tags?post=2229"}],"curies":[{"name":"wp","href":"https:\/\/api.w.org\/{rel}","templated":true}]}}