{"id":2226,"date":"2016-07-16T22:59:32","date_gmt":"2016-07-16T22:59:32","guid":{"rendered":"http:\/\/fmriachuelo.com.ar\/ljkjklj\/?p=2226"},"modified":"2016-07-16T22:59:32","modified_gmt":"2016-07-16T22:59:32","slug":"turquia-intentan-golpe-de-estado","status":"publish","type":"post","link":"http:\/\/fmriachuelo.it10.com.ar\/index.php\/2016\/07\/16\/turquia-intentan-golpe-de-estado\/","title":{"rendered":"TURQU\u00cdA: INTENTAN GOLPE DE ESTADO"},"content":{"rendered":"<p>\u00bfQUIEN INTENT\u00d3 DAR UN GOLPE DE ESTADO EN TURQU\u00cdA? Por Leandro Albani, Marcha Noticias<\/p>\n<p class=\"western\" lang=\"es-AR\"><i>Turqu\u00eda vivi\u00f3 ayer momentos de m\u00e1xima tensi\u00f3n cuando sectores militares intentaron dar un golpe de Estado. Sofocado el levantamiento, el presidente Erdogan ahora acumula m\u00e1s poder para sus planes hegem\u00f3nicos.<\/i><\/p>\n<p class=\"western\" lang=\"es-AR\">\u201cEste levantamiento, este movimiento es un gran regalo de Dios para nosotros\u201d, dijo el presidente de Turqu\u00eda, Recep Tayyip Erdogan, cuando las horas de caos y tensi\u00f3n parec\u00edan volver a su normalidad, y disfrutando de una victoria que todav\u00eda no se puede medir hacia el futuro.<\/p>\n<p class=\"western\" lang=\"es-AR\">Cuando ayer a la noche el primer ministro turco, Binali Yildirim, declar\u00f3 en conferencia de prensa que un intento de golpe de Estado se hab\u00eda puesto en marcha, los movimientos militares y los cruces informativos se sucedieron sin parar hasta que horas despu\u00e9s el servicio de inteligencia turco (MIT) anunci\u00f3 que los planes de desestabilizaci\u00f3n estaban derrotados. En el medio, Erdogan convoc\u00f3 al pueblo a movilizarse para defender al gobierno y los uniformados sublevados no escatimaron municiones contra las personas que sal\u00edan a las calles de Ankara y Estambul.<\/p>\n<p class=\"western\" lang=\"es-AR\">Hasta el momento, la cantidad de muertos por los enfrentamientos de anoche oscilan entre los 160 y los 260, los heridos suman 1440, mientras que Yildirim anunci\u00f3 que fueron detenidas 2800 personas, entre civiles y militares, acusados de estar detr\u00e1s del golpe.<\/p>\n<p class=\"western\" lang=\"es-AR\"><b>Conflicto con antecedentes<\/b><\/p>\n<p class=\"western\" lang=\"es-AR\">La relaci\u00f3n de Erdogan y su partido AKP con las fuerzas castrenses turcas siempre se desarroll\u00f3 en la m\u00e1xima tensi\u00f3n. Esa tensi\u00f3n, cargada de malestar, se profundiz\u00f3 en 2003, cuando se conoci\u00f3 el caso Ergenek\u00f3n, con el cual el gobierno de Erdogan arrest\u00f3 a cientos de militares implicados en planes para derrocar al Ejecutivo. La impronta islamista de la administraci\u00f3n del AKP, con sus intentos de reformar la constituci\u00f3n para islamizar las leyes, siempre fue rechazada por sectores del Ej\u00e9rcito. La conformaci\u00f3n de la Rep\u00fablica turca en 1923 de la mano de Mustaf\u00e1 Kemal (Ataturk) tuvo un concepto laico, al estilo de los modelos europeos. Y si bien las Fuerzas Armadas fueron educadas como protectoras de esa laicidad, tambi\u00e9n recibieron una f\u00e9rrea formaci\u00f3n ideol\u00f3gica bajo el concepto de que Turqu\u00eda es un pa\u00eds uniforme y homog\u00e9neo, por eso se produjo el genocidio armenio y los pueblos de otras nacionalidades, principalmente los kurdos, fueron (y son) reprimidos de manera sistem\u00e1tica.<\/p>\n<p class=\"western\" lang=\"es-AR\">Tambi\u00e9n es real que sectores del Ej\u00e9rcito turco no ven con buenos ojos los intentos desesperados de Erdogan por derrocar al gobierno sirio del presidente Bashar Al Assad, y mucho menos comparten la obsesi\u00f3n del l\u00edder del AKP por respaldar a los terroristas del Estado Isl\u00e1mico (EI).<\/p>\n<p class=\"western\" lang=\"es-AR\">Mientras las tropas del Ej\u00e9rcito se movilizaban en Ankara y Estambul, el presidente Erdogan llam\u00f3 a sus seguidores a movilizarse. Al mismo tiempo, las agencias de noticias informaban que el mandatario ya hab\u00eda pedido asilo en Alemania (el cual fue rechazado), que hab\u00eda aterrizado en Teher\u00e1n para desde ah\u00ed retornar a Estambul, y que todo su gabinete hab\u00eda sido arrestado.<\/p>\n<p class=\"western\" lang=\"es-AR\">Cuando la noche se internaba en los cielos de Turqu\u00eda, las im\u00e1genes que llegaban eran impactante: miles de personas en las calles defendiendo al gobierno y gritando \u201cAl\u00e1 es grande\u201d y de fondo los sonidos de ametralladoras y las bombas de los caza F-16 impactando en las ciudades. El escenario cr\u00edtico, por lo visto, hab\u00eda tomado a todos por sorpresa. No s\u00f3lo a los pobladores de Turqu\u00eda, sino tambi\u00e9n a Estados Unidos, la Uni\u00f3n Europea (UE) y a la Organizaci\u00f3n del Tratado para el Atl\u00e1ntico Norte (OTAN), de la cual Turqu\u00eda forma parte y es su segundo Ej\u00e9rcito en importancia. Aunque con el correr de las horas, estos aliados de Erdogan comenzaron a pronunciarse contra el golpe, resulta extra\u00f1o que con anterioridad no hayan detectado los movimientos dentro de las Fuerzas Armadas turcas y el malestar que desemboc\u00f3 en el intento de derrocar a la administraci\u00f3n del AKP.<\/p>\n<p class=\"western\" lang=\"es-AR\"><b>\u00bfQui\u00e9n impuls\u00f3 el golpe?<\/b><\/p>\n<p class=\"western\" lang=\"es-AR\">Si en medio de la noche cerrada faltaba alg\u00fan condimento m\u00e1s, la aparici\u00f3n de Fetullah Gulen se convirti\u00f3 en el blanco al cual apunt\u00f3 Erdogan. Gulen, antiguo aliado del presidente de Turqu\u00eda, vive desde hace a\u00f1os en Estados Unidos, luego de que su relaci\u00f3n con Erdogan estallara por los aires. Ambos l\u00edderes llegaron juntos al poder, aunque Gulen, consagrado como l\u00edder religioso del Islam suf\u00ed, siempre se mantuvo en las sombras. Pero eso no le impidi\u00f3 infectar de seguidores y cuadros al Estado turco, principalmente a los cuerpos policiales y el Poder Judicial. Tanto Erdogan como Gulen comparten una misma visi\u00f3n para la sociedad, en la cual nunca escatimaron la aplicaci\u00f3n de la represi\u00f3n para avanzar posiciones en su concepci\u00f3n de un \u201cislam moderado\u201d articulado en la pol\u00edtica.<\/p>\n<p class=\"western\" lang=\"es-AR\">Pero si en las horas m\u00e1s confusas y urgentes que vivi\u00f3 Turqu\u00eda las informaciones daban a conocer la cifra de muertos, o si Erdogan finalmente arribar\u00eda al aeropuerto de Estambul, una sospecha comenz\u00f3 a sobrevolar silenciosa al pa\u00eds: un autogolpe que, con el correr de los d\u00eda, permita que Erdogan acumule m\u00e1s poderes en su plan de convertirse en un l\u00edder regional, basado en su idea de neo-otomanismo para todo Medio Oriente.<\/p>\n<p class=\"western\" lang=\"es-AR\">\u00bfAcaso es descabellado pensar en esta hip\u00f3tesis? No, porque en estos m\u00e1s de diez a\u00f1os de Erdogan en el poder se pudieron constatar todas las estrategias y metodolog\u00edas extremas que utiliz\u00f3 el actual presidente para aferrarse a la cima del Estado turco. El ejemplo m\u00e1s reciente fueron los comicios de mediados del a\u00f1o pasado, en el cual el AKP tuvo una estruendosa derrota y no pudo conformar un gobierno propio. Ante este panorama, el mandatario desat\u00f3 una cruenta represi\u00f3n contra la poblaci\u00f3n kurda (representada por el Partido Democr\u00e1tico de los Pueblos, HDP) y convoc\u00f3 a nuevas elecciones, mientras buena parte del pa\u00eds se encontraba en estado de sitio. Casi sin legitimidad y con ciudades y poblados arrasados por el Ej\u00e9rcito, Erdogan convoc\u00f3 a los comicios para finales de 2015, en los cuales su caudal de votos aument\u00f3 a base del miedo, un nacionalismo chauvinista e irregularidades de todo tipo.<\/p>\n<p class=\"western\" lang=\"es-AR\">Es sabido que el presidente turco busca desde hace tiempo efectuar un refer\u00e9ndum para que el actual sistema de gobierno parlamentario cambie a un sistema presidencialista. Este intento por acumular mayor poder (que es denunciado por buena parte de la oposici\u00f3n) no lo pudo concretar el a\u00f1o pasado, debido a la crisis generada durante las elecciones. Ahora, con una poderosa victoria entre las manos, Recep Tayyip Erdogan podr\u00eda alcanzar su anhelado sue\u00f1o de convertirse en un Sult\u00e1n eterno para Turqu\u00eda y Medio Oriente.<\/p>\n<p>&nbsp;<\/p>\n","protected":false},"excerpt":{"rendered":"<p>\u00bfQUIEN INTENT\u00d3 DAR UN GOLPE DE ESTADO EN TURQU\u00cdA? Por Leandro Albani, Marcha Noticias Turqu\u00eda vivi\u00f3 ayer momentos de m\u00e1xima tensi\u00f3n cuando sectores militares intentaron dar un golpe de Estado. Sofocado el levantamiento, el presidente Erdogan ahora acumula m\u00e1s poder para sus planes hegem\u00f3nicos. \u201cEste levantamiento, este movimiento es un gran regalo de Dios para [&hellip;]<\/p>\n","protected":false},"author":4,"featured_media":2227,"comment_status":"open","ping_status":"open","sticky":false,"template":"","format":"standard","meta":{"_monsterinsights_skip_tracking":false,"_monsterinsights_sitenote_active":false,"_monsterinsights_sitenote_note":"","_monsterinsights_sitenote_category":0,"jnews-multi-image_gallery":[],"jnews_single_post":[],"jnews_primary_category":[],"_joinchat":[],"footnotes":""},"categories":[76],"tags":[],"class_list":["post-2226","post","type-post","status-publish","format-standard","has-post-thumbnail","hentry","category-salud-comunitaria"],"_links":{"self":[{"href":"http:\/\/fmriachuelo.it10.com.ar\/index.php\/wp-json\/wp\/v2\/posts\/2226","targetHints":{"allow":["GET"]}}],"collection":[{"href":"http:\/\/fmriachuelo.it10.com.ar\/index.php\/wp-json\/wp\/v2\/posts"}],"about":[{"href":"http:\/\/fmriachuelo.it10.com.ar\/index.php\/wp-json\/wp\/v2\/types\/post"}],"author":[{"embeddable":true,"href":"http:\/\/fmriachuelo.it10.com.ar\/index.php\/wp-json\/wp\/v2\/users\/4"}],"replies":[{"embeddable":true,"href":"http:\/\/fmriachuelo.it10.com.ar\/index.php\/wp-json\/wp\/v2\/comments?post=2226"}],"version-history":[{"count":0,"href":"http:\/\/fmriachuelo.it10.com.ar\/index.php\/wp-json\/wp\/v2\/posts\/2226\/revisions"}],"wp:featuredmedia":[{"embeddable":true,"href":"http:\/\/fmriachuelo.it10.com.ar\/index.php\/wp-json\/"}],"wp:attachment":[{"href":"http:\/\/fmriachuelo.it10.com.ar\/index.php\/wp-json\/wp\/v2\/media?parent=2226"}],"wp:term":[{"taxonomy":"category","embeddable":true,"href":"http:\/\/fmriachuelo.it10.com.ar\/index.php\/wp-json\/wp\/v2\/categories?post=2226"},{"taxonomy":"post_tag","embeddable":true,"href":"http:\/\/fmriachuelo.it10.com.ar\/index.php\/wp-json\/wp\/v2\/tags?post=2226"}],"curies":[{"name":"wp","href":"https:\/\/api.w.org\/{rel}","templated":true}]}}