{"id":2217,"date":"2016-07-15T19:18:07","date_gmt":"2016-07-15T19:18:07","guid":{"rendered":"http:\/\/fmriachuelo.com.ar\/ljkjklj\/?p=2217"},"modified":"2016-07-15T19:18:07","modified_gmt":"2016-07-15T19:18:07","slug":"ruidazo-noaltarifazo-ruidosa-protesta-contra-los-tarifazos","status":"publish","type":"post","link":"http:\/\/fmriachuelo.it10.com.ar\/index.php\/2016\/07\/15\/ruidazo-noaltarifazo-ruidosa-protesta-contra-los-tarifazos\/","title":{"rendered":"#RUIDAZO #NOALTARIFAZO RUIDOSA PROTESTA CONTRA LOS TARIFAZOS"},"content":{"rendered":"<p style=\"text-align: justify\">[FMR 14\/07\/16] En la noche de ayer terminaba una ruidosa manifestaci\u00f3n que se realiz\u00f3 en diversos puntos de nuestro pa\u00eds contra los tarifazos. Miles de personas, \u00a0en toda su diversidad, \u00a0salieron a las calles para manifestar su rechazo a los tarifazos implementados por el gobierno nacional. A partir de la autoconvocatoria espontanea, que no cont\u00f3 con ninguna difusi\u00f3n en los medios masivos de comunicaci\u00f3n, los habitantes de nuestro pa\u00eds decidieron manifestarse contra las pol\u00edticas del gobierno nacional, cuya cara m\u00e1s visible son las pol\u00edticas de aumento desmedido de tarifas.<\/p>\n<p style=\"text-align: justify\">En <strong><span style=\"color: #0000ff\">La Boca<\/span><\/strong>, uno de los barrios de esta ciudad, se vieron cientos de personas salir a las calles, con carteles y cacerolas para manifestarse, en su diversidad, en distintas esquinas\u00a0del barrio como Olavarr\u00eda y Alte. Brown, \u00a0Suarez y Alte. Brown, Lamadrid frente a Plaza Matheu, Lamadrid y Mtro. Brin, entre las m\u00e1s importantes.<\/p>\n<p style=\"text-align: justify\">Escuch\u00e1 a continuaci\u00f3n las voces del cacerolazo en <span style=\"color: #0000ff\"><strong>La Boca<\/strong><\/span><\/p>\n<p style=\"text-align: justify\"><img class=\"alignnone size-thumbnail wp-image-2219\" \/><br \/>\n<img loading=\"lazy\" decoding=\"async\" class=\"alignnone size-thumbnail wp-image-2220\" src=\"http:\/\/fmriachuelo.com.ar\/ljkjklj\/wp-content\/uploads\/2016\/07\/WhatsApp-Image-20160714-6-150x150.jpeg\" alt=\"WhatsApp-Image-20160714 (6)\" width=\"150\" height=\"150\" \/> <img loading=\"lazy\" decoding=\"async\" class=\"alignnone size-thumbnail wp-image-2221\" src=\"http:\/\/fmriachuelo.com.ar\/ljkjklj\/wp-content\/uploads\/2016\/07\/WhatsApp-Image-20160714-9-150x150.jpeg\" alt=\"WhatsApp-Image-20160714 (9)\" width=\"150\" height=\"150\" \/> <img loading=\"lazy\" decoding=\"async\" class=\"alignnone size-thumbnail wp-image-2222\" src=\"http:\/\/fmriachuelo.com.ar\/ljkjklj\/wp-content\/uploads\/2016\/07\/WhatsApp-Image-20160714-10-150x150.jpeg\" alt=\"WhatsApp-Image-20160714 (10)\" width=\"150\" height=\"150\" \/><\/p>\n","protected":false},"excerpt":{"rendered":"<p>[FMR 14\/07\/16] En la noche de ayer terminaba una ruidosa manifestaci\u00f3n que se realiz\u00f3 en diversos puntos de nuestro pa\u00eds contra los tarifazos. Miles de personas, \u00a0en toda su diversidad, \u00a0salieron a las calles para manifestar su rechazo a los tarifazos implementados por el gobierno nacional. A partir de la autoconvocatoria espontanea, que no cont\u00f3 [&hellip;]<\/p>\n","protected":false},"author":4,"featured_media":2218,"comment_status":"open","ping_status":"open","sticky":false,"template":"","format":"standard","meta":{"_monsterinsights_skip_tracking":false,"_monsterinsights_sitenote_active":false,"_monsterinsights_sitenote_note":"","_monsterinsights_sitenote_category":0,"jnews-multi-image_gallery":[],"jnews_single_post":[],"jnews_primary_category":[],"_joinchat":[],"footnotes":""},"categories":[76],"tags":[],"class_list":["post-2217","post","type-post","status-publish","format-standard","has-post-thumbnail","hentry","category-salud-comunitaria"],"_links":{"self":[{"href":"http:\/\/fmriachuelo.it10.com.ar\/index.php\/wp-json\/wp\/v2\/posts\/2217","targetHints":{"allow":["GET"]}}],"collection":[{"href":"http:\/\/fmriachuelo.it10.com.ar\/index.php\/wp-json\/wp\/v2\/posts"}],"about":[{"href":"http:\/\/fmriachuelo.it10.com.ar\/index.php\/wp-json\/wp\/v2\/types\/post"}],"author":[{"embeddable":true,"href":"http:\/\/fmriachuelo.it10.com.ar\/index.php\/wp-json\/wp\/v2\/users\/4"}],"replies":[{"embeddable":true,"href":"http:\/\/fmriachuelo.it10.com.ar\/index.php\/wp-json\/wp\/v2\/comments?post=2217"}],"version-history":[{"count":0,"href":"http:\/\/fmriachuelo.it10.com.ar\/index.php\/wp-json\/wp\/v2\/posts\/2217\/revisions"}],"wp:featuredmedia":[{"embeddable":true,"href":"http:\/\/fmriachuelo.it10.com.ar\/index.php\/wp-json\/"}],"wp:attachment":[{"href":"http:\/\/fmriachuelo.it10.com.ar\/index.php\/wp-json\/wp\/v2\/media?parent=2217"}],"wp:term":[{"taxonomy":"category","embeddable":true,"href":"http:\/\/fmriachuelo.it10.com.ar\/index.php\/wp-json\/wp\/v2\/categories?post=2217"},{"taxonomy":"post_tag","embeddable":true,"href":"http:\/\/fmriachuelo.it10.com.ar\/index.php\/wp-json\/wp\/v2\/tags?post=2217"}],"curies":[{"name":"wp","href":"https:\/\/api.w.org\/{rel}","templated":true}]}}