{"id":2211,"date":"2016-07-14T14:41:52","date_gmt":"2016-07-14T14:41:52","guid":{"rendered":"http:\/\/fmriachuelo.com.ar\/ljkjklj\/?p=2211"},"modified":"2016-07-14T14:41:52","modified_gmt":"2016-07-14T14:41:52","slug":"masivas-protestas-contra-el-tarifazo-en-distintos-puntos-de-la-c-a-b-a","status":"publish","type":"post","link":"http:\/\/fmriachuelo.it10.com.ar\/index.php\/2016\/07\/14\/masivas-protestas-contra-el-tarifazo-en-distintos-puntos-de-la-c-a-b-a\/","title":{"rendered":"MASIVAS PROTESTAS CONTRA EL TARIFAZO EN DISTINTOS PUNTOS DE LA C.A.B.A"},"content":{"rendered":"<p style=\"text-align: justify\">[FMR 14\/07\/16] Distintas manifestaciones de protesta\u00a0se han organizados\u00a0en la C.A.B.A. que tendr\u00e1n su epicentro en el Obelisco porte\u00f1o, con horario de convocatoria a las 20 hs. Tambi\u00e9n en los barrios se esperan manifestaciones de protesta. Frente a los desmedidos aumentos, tarifazos, la poblaci\u00f3n se nucle\u00f3 para protestar, resistir y luchar, contra las pol\u00edticas del gobierno nacional que afectan al conjunto de la poblaci\u00f3n y en particular a los sectores populares, que son los m\u00e1s vulnerables.<\/p>\n","protected":false},"excerpt":{"rendered":"<p>[FMR 14\/07\/16] Distintas manifestaciones de protesta\u00a0se han organizados\u00a0en la C.A.B.A. que tendr\u00e1n su epicentro en el Obelisco porte\u00f1o, con horario de convocatoria a las 20 hs. Tambi\u00e9n en los barrios se esperan manifestaciones de protesta. Frente a los desmedidos aumentos, tarifazos, la poblaci\u00f3n se nucle\u00f3 para protestar, resistir y luchar, contra las pol\u00edticas del gobierno [&hellip;]<\/p>\n","protected":false},"author":4,"featured_media":2212,"comment_status":"open","ping_status":"open","sticky":false,"template":"","format":"standard","meta":{"_monsterinsights_skip_tracking":false,"_monsterinsights_sitenote_active":false,"_monsterinsights_sitenote_note":"","_monsterinsights_sitenote_category":0,"jnews-multi-image_gallery":[],"jnews_single_post":[],"jnews_primary_category":[],"_joinchat":[],"footnotes":""},"categories":[76],"tags":[],"class_list":["post-2211","post","type-post","status-publish","format-standard","has-post-thumbnail","hentry","category-salud-comunitaria"],"_links":{"self":[{"href":"http:\/\/fmriachuelo.it10.com.ar\/index.php\/wp-json\/wp\/v2\/posts\/2211","targetHints":{"allow":["GET"]}}],"collection":[{"href":"http:\/\/fmriachuelo.it10.com.ar\/index.php\/wp-json\/wp\/v2\/posts"}],"about":[{"href":"http:\/\/fmriachuelo.it10.com.ar\/index.php\/wp-json\/wp\/v2\/types\/post"}],"author":[{"embeddable":true,"href":"http:\/\/fmriachuelo.it10.com.ar\/index.php\/wp-json\/wp\/v2\/users\/4"}],"replies":[{"embeddable":true,"href":"http:\/\/fmriachuelo.it10.com.ar\/index.php\/wp-json\/wp\/v2\/comments?post=2211"}],"version-history":[{"count":0,"href":"http:\/\/fmriachuelo.it10.com.ar\/index.php\/wp-json\/wp\/v2\/posts\/2211\/revisions"}],"wp:featuredmedia":[{"embeddable":true,"href":"http:\/\/fmriachuelo.it10.com.ar\/index.php\/wp-json\/"}],"wp:attachment":[{"href":"http:\/\/fmriachuelo.it10.com.ar\/index.php\/wp-json\/wp\/v2\/media?parent=2211"}],"wp:term":[{"taxonomy":"category","embeddable":true,"href":"http:\/\/fmriachuelo.it10.com.ar\/index.php\/wp-json\/wp\/v2\/categories?post=2211"},{"taxonomy":"post_tag","embeddable":true,"href":"http:\/\/fmriachuelo.it10.com.ar\/index.php\/wp-json\/wp\/v2\/tags?post=2211"}],"curies":[{"name":"wp","href":"https:\/\/api.w.org\/{rel}","templated":true}]}}