{"id":2205,"date":"2016-07-13T14:41:07","date_gmt":"2016-07-13T14:41:07","guid":{"rendered":"http:\/\/fmriachuelo.com.ar\/ljkjklj\/?p=2205"},"modified":"2016-07-13T14:41:07","modified_gmt":"2016-07-13T14:41:07","slug":"emergencia-en-la-produccion-agricola-reclamos-al-ministerio-de-energia-por-tarifa-social","status":"publish","type":"post","link":"http:\/\/fmriachuelo.it10.com.ar\/index.php\/2016\/07\/13\/emergencia-en-la-produccion-agricola-reclamos-al-ministerio-de-energia-por-tarifa-social\/","title":{"rendered":"EMERGENCIA EN LA PRODUCCI\u00d3N AGRICOLA &#8211; RECLAMOS AL MINISTERIO DE ENERG\u00cdA POR TARIFA SOCIAL"},"content":{"rendered":"<p>\u00a1URGENTE!<\/p>\n<p>Debido a la situaci\u00f3n cr\u00edtica del sector, el 31 de marzo realizamos un PARO QUINTERO, exponiendo la emergencia y exigiendo medidas de apoyo. A un mes de la jornada, el gobierno no ha dado ninguna respuesta y el sector se hunde cada vez m\u00e1s en una crisis terminal.<br \/>\nHace a\u00f1os venimos denunciando la situaci\u00f3n cr\u00edtica de las familias trabajadoras que producimos m\u00e1s del 90% de la verdura que se consume. . El alto precio de los insumos necesarios, sometidos a un modelo productivo en base a agroqu\u00edmicos, abonos, nylon, herramientas etc. todo a precio d\u00f3lar, un mercado interno achicado por la inflaci\u00f3n, una comercializaci\u00f3n llena de intermediarios que hace que nuestros productos lleguen al consumidor con un aumento de hasta a veces el 1.000%, el alza desmesurada de los alquileres (pagamos hasta $5.000 la ha.) son algunas de las causas que hacen que por m\u00e1s que trabajemos de sol a sol apenas sobrevivimos. Hemos resistido y luchado mucho para seguir produciendo.<br \/>\n\u00a1\u00a1Hoy, la situaci\u00f3n es a\u00fan m\u00e1s cr\u00edtica!! Las medidas econ\u00f3micas implementadas por el gobierno nacional nos est\u00e1n llevando a una crisis terminal, no damos m\u00e1s, estamos abandonando las quintas. 1) con la devaluaci\u00f3n, los insumos para la producci\u00f3n han aumentado entre un 40 y un 80%, y diariamente suben esos precios; 2) la quita de subsidios para la luz el\u00e9ctrica, fuente indispensable para el riego, nos aumenta costos entre un 100 y un 300%; 3) los valores de la verdura y flores no han aumentado para los productores, por lo que hoy somos mucho m\u00e1s pobres que antes!!!<\/p>\n<p>En estos 7 meses de gobierno, el ejecutivo nacional ha tomado medidas para el campo que solo benefician a los grandes terratenientes y a los monopolios exportadores., la devaluaci\u00f3n y la ca\u00edda de las retenciones les han asegurado ganancias fabulosas (380.000 millones de pesos), mientras que para el peque\u00f1o significa aumento de los insumos, de los arrendamientos, de los alimentos para la cr\u00eda de animales etc y nos dicen que \u00a1No hay Plata!<br \/>\nNecesitamos respuestas urgentes para la emergencia. \u00a1No producimos para exportar, no cobramos en d\u00f3lares, producimos la comida que consume el pueblo y las medidas del gobierno nos est\u00e1n fundiendo<br \/>\nPor esto es que este mi\u00e9rcoles 13 de julio nos movilizamos pac\u00edficamente al Ministerio de Energ\u00eda para exigir la tarifa social de la luz el\u00e9ctrica para el peque\u00f1o productor.<\/p>\n<p>Es necesario que la sociedad sepa que la verdura que come todos los d\u00edas esta manchada con la miseria que sufrimos quienes la producimos.<\/p>\n<p>UTT \u2013 CTEP<br \/>\nUni\u00f3n Trabajadores de la Tierra \u2013 Confederaci\u00f3n de Trabajadores de la Econim\u00eda Popular<\/p>\n<p>Contacto<br \/>\n221-15-4318539 y 011-15-60471013<\/p>\n","protected":false},"excerpt":{"rendered":"<p>\u00a1URGENTE! Debido a la situaci\u00f3n cr\u00edtica del sector, el 31 de marzo realizamos un PARO QUINTERO, exponiendo la emergencia y exigiendo medidas de apoyo. A un mes de la jornada, el gobierno no ha dado ninguna respuesta y el sector se hunde cada vez m\u00e1s en una crisis terminal. Hace a\u00f1os venimos denunciando la situaci\u00f3n [&hellip;]<\/p>\n","protected":false},"author":4,"featured_media":2208,"comment_status":"open","ping_status":"open","sticky":false,"template":"","format":"standard","meta":{"_monsterinsights_skip_tracking":false,"_monsterinsights_sitenote_active":false,"_monsterinsights_sitenote_note":"","_monsterinsights_sitenote_category":0,"jnews-multi-image_gallery":[],"jnews_single_post":[],"jnews_primary_category":[],"_joinchat":[],"footnotes":""},"categories":[76],"tags":[],"class_list":["post-2205","post","type-post","status-publish","format-standard","has-post-thumbnail","hentry","category-salud-comunitaria"],"_links":{"self":[{"href":"http:\/\/fmriachuelo.it10.com.ar\/index.php\/wp-json\/wp\/v2\/posts\/2205","targetHints":{"allow":["GET"]}}],"collection":[{"href":"http:\/\/fmriachuelo.it10.com.ar\/index.php\/wp-json\/wp\/v2\/posts"}],"about":[{"href":"http:\/\/fmriachuelo.it10.com.ar\/index.php\/wp-json\/wp\/v2\/types\/post"}],"author":[{"embeddable":true,"href":"http:\/\/fmriachuelo.it10.com.ar\/index.php\/wp-json\/wp\/v2\/users\/4"}],"replies":[{"embeddable":true,"href":"http:\/\/fmriachuelo.it10.com.ar\/index.php\/wp-json\/wp\/v2\/comments?post=2205"}],"version-history":[{"count":0,"href":"http:\/\/fmriachuelo.it10.com.ar\/index.php\/wp-json\/wp\/v2\/posts\/2205\/revisions"}],"wp:featuredmedia":[{"embeddable":true,"href":"http:\/\/fmriachuelo.it10.com.ar\/index.php\/wp-json\/"}],"wp:attachment":[{"href":"http:\/\/fmriachuelo.it10.com.ar\/index.php\/wp-json\/wp\/v2\/media?parent=2205"}],"wp:term":[{"taxonomy":"category","embeddable":true,"href":"http:\/\/fmriachuelo.it10.com.ar\/index.php\/wp-json\/wp\/v2\/categories?post=2205"},{"taxonomy":"post_tag","embeddable":true,"href":"http:\/\/fmriachuelo.it10.com.ar\/index.php\/wp-json\/wp\/v2\/tags?post=2205"}],"curies":[{"name":"wp","href":"https:\/\/api.w.org\/{rel}","templated":true}]}}