{"id":2198,"date":"2016-07-13T02:42:04","date_gmt":"2016-07-13T02:42:04","guid":{"rendered":"http:\/\/fmriachuelo.com.ar\/ljkjklj\/?p=2198"},"modified":"2016-07-13T02:42:04","modified_gmt":"2016-07-13T02:42:04","slug":"caba-medida-de-protesta-en-hospitales-de-la-ciudad-por-desfinanciamiento-de-la-salud-publica","status":"publish","type":"post","link":"http:\/\/fmriachuelo.it10.com.ar\/index.php\/2016\/07\/13\/caba-medida-de-protesta-en-hospitales-de-la-ciudad-por-desfinanciamiento-de-la-salud-publica\/","title":{"rendered":"CABA: MEDIDA DE PROTESTA EN HOSPITALES DE LA CIUDAD POR DESFINANCIAMIENTO DE LA SALUD P\u00daBLICA"},"content":{"rendered":"<p style=\"text-align: justify\">[FMR 13\/7\/16] Los trabajadores de la salud de los hospitales de esta ciudad, realizar\u00e1n ma\u00f1ana una medida de fuerza \u00a0simultanea, \u00a0con un abrazo simb\u00f3lico que se llevar\u00e1 adelante a las 12 hs. La idea es integrar a la comunidad como parte de la medida, al tiempo de darle visibilizaci\u00f3n a la problem\u00e1tica de desfinanciamiento del sistema de salud p\u00fablica que afecta a la poblaci\u00f3n. Los trabajadores de la salud de los hospitales porte\u00f1os se nuclean en asambleas de residentes y concurrentes de diversas especialidades y pr\u00e1cticas hospitalarias, que diariamente sostienen el sistema de salud p\u00fablica.\u00a0Invitaron\u00a0a vecinos y organizaciones territoriales a participar de la medida de protesta por las pol\u00edticas que afectan al conjunto.<\/p>\n<p style=\"text-align: justify\">Escuch\u00e1 la entrevista a la\u00a0m\u00e9dica residente del Hospital Argerich que relata la situaci\u00f3n, realizada en el programa <strong>Romp\u00e9 el Cerco Informativo<\/strong> (L a V 18 hs.)<\/p>\n<p>&nbsp;<\/p>\n<p>&nbsp;<\/p>\n","protected":false},"excerpt":{"rendered":"<p>[FMR 13\/7\/16] Los trabajadores de la salud de los hospitales de esta ciudad, realizar\u00e1n ma\u00f1ana una medida de fuerza \u00a0simultanea, \u00a0con un abrazo simb\u00f3lico que se llevar\u00e1 adelante a las 12 hs. La idea es integrar a la comunidad como parte de la medida, al tiempo de darle visibilizaci\u00f3n a la problem\u00e1tica de desfinanciamiento del [&hellip;]<\/p>\n","protected":false},"author":4,"featured_media":2199,"comment_status":"open","ping_status":"open","sticky":false,"template":"","format":"standard","meta":{"_monsterinsights_skip_tracking":false,"_monsterinsights_sitenote_active":false,"_monsterinsights_sitenote_note":"","_monsterinsights_sitenote_category":0,"jnews-multi-image_gallery":[],"jnews_single_post":[],"jnews_primary_category":[],"_joinchat":[],"footnotes":""},"categories":[76],"tags":[],"class_list":["post-2198","post","type-post","status-publish","format-standard","has-post-thumbnail","hentry","category-salud-comunitaria"],"_links":{"self":[{"href":"http:\/\/fmriachuelo.it10.com.ar\/index.php\/wp-json\/wp\/v2\/posts\/2198","targetHints":{"allow":["GET"]}}],"collection":[{"href":"http:\/\/fmriachuelo.it10.com.ar\/index.php\/wp-json\/wp\/v2\/posts"}],"about":[{"href":"http:\/\/fmriachuelo.it10.com.ar\/index.php\/wp-json\/wp\/v2\/types\/post"}],"author":[{"embeddable":true,"href":"http:\/\/fmriachuelo.it10.com.ar\/index.php\/wp-json\/wp\/v2\/users\/4"}],"replies":[{"embeddable":true,"href":"http:\/\/fmriachuelo.it10.com.ar\/index.php\/wp-json\/wp\/v2\/comments?post=2198"}],"version-history":[{"count":0,"href":"http:\/\/fmriachuelo.it10.com.ar\/index.php\/wp-json\/wp\/v2\/posts\/2198\/revisions"}],"wp:featuredmedia":[{"embeddable":true,"href":"http:\/\/fmriachuelo.it10.com.ar\/index.php\/wp-json\/"}],"wp:attachment":[{"href":"http:\/\/fmriachuelo.it10.com.ar\/index.php\/wp-json\/wp\/v2\/media?parent=2198"}],"wp:term":[{"taxonomy":"category","embeddable":true,"href":"http:\/\/fmriachuelo.it10.com.ar\/index.php\/wp-json\/wp\/v2\/categories?post=2198"},{"taxonomy":"post_tag","embeddable":true,"href":"http:\/\/fmriachuelo.it10.com.ar\/index.php\/wp-json\/wp\/v2\/tags?post=2198"}],"curies":[{"name":"wp","href":"https:\/\/api.w.org\/{rel}","templated":true}]}}