{"id":2195,"date":"2016-07-12T02:37:58","date_gmt":"2016-07-12T02:37:58","guid":{"rendered":"http:\/\/fmriachuelo.com.ar\/ljkjklj\/?p=2195"},"modified":"2016-07-12T02:37:58","modified_gmt":"2016-07-12T02:37:58","slug":"paraguay-curuguaty-justicia-se-inclina-para-favorecer-al-poder","status":"publish","type":"post","link":"http:\/\/fmriachuelo.it10.com.ar\/index.php\/2016\/07\/12\/paraguay-curuguaty-justicia-se-inclina-para-favorecer-al-poder\/","title":{"rendered":"PARAGUAY: CURUGUATY, JUSTICIA SE INCLINA PARA FAVORECER AL PODER"},"content":{"rendered":"<p>[Por Jorge Z\u00e1rate, E\u2019a, 11 julio 2016] Al juez Trinidad Zelaya le cuesta el espa\u00f1ol, le cuesta leerlo y hablarlo, como a muchos campesinos y trabajadores urbanos.<\/p>\n<p>No es este un problema en un pa\u00eds biling\u00fce, pero s\u00ed es importante comprender que define un espacio de acci\u00f3n.<\/p>\n<p>Para entenderlo es preciso seguir la conferencia de prensa de 27 minutos que dio el presidente del tribunal despu\u00e9s de la lectura de la parte resolutiva de la sentencia que conden\u00f3 a 11 de los campesinos que eran juzgados en este bizarro, como m\u00ednimo, espurio, por naturaleza, juicio que est\u00e1 lejos de tener fin.<\/p>\n<p>All\u00ed se entiende su comportamiento profundo cuando precisa del guaran\u00ed para explicar las decisiones m\u00e1s dif\u00edciles, por arbitrarias e injustas, que tomaron.<\/p>\n<p>Pero no lo hace en cualquier guaran\u00ed, lo hace en el del capataz, en el del m\u00e1s servil al patr\u00f3n que se pueda imaginar en la sociedad paraguaya.<\/p>\n<p>Son formas profundas.<\/p>\n<p>\u201cOr\u00e9 la autorid\u00e1\u201d, se le escucha durante la lectura de la sentencia, ante el se\u00f1alamiento de una violaci\u00f3n de formas que le hiciera el abogado defensor Amelio Sisco.<\/p>\n<p>No se pod\u00eda creer, los rostros en la calle eran la forma de la decepci\u00f3n, de la incredulidad, de la tristeza por el colectivo, por la pena de estar aqu\u00ed, pero el tribunal daba por probado todo y sentenciaba a 30 a\u00f1os de prisi\u00f3n m\u00e1s 5 a\u00f1os de medidas de seguridad a Rub\u00e9n Villalba, 20 para Luis Olmedo, 18 para Arnaldo Quintana y N\u00e9stor Castro, seis para Luc\u00eda Ag\u00fcero, Fany Olmedo y Dolores L\u00f3pez y 4 a\u00f1os para Felipe Ben\u00edtez Balmori, Adalberto Castro, Alcides Ram\u00edrez y Juan Tiller\u00eda.<\/p>\n<div id=\"content-area\">\n<div class=\"entry-content clearfix\">\n<p>Volvemos a la conferencia, donde todo se explica un poco m\u00e1s.<\/p>\n<p>Dir\u00e1 Zelaya que todo lo que hicieron est\u00e1 basado en pruebas: \u201cComo dijimos, no vamos a entrar en detalles, el lunes a las 11 ser\u00e1 todo explicado, los condenados a 4 a\u00f1os ya se est\u00e1n yendo en su casa\u2026 Rub\u00e9n Villalba est\u00e1 recluido en Tacumb\u00fa y contin\u00faa all\u00ed\u2026 Quintana, Castro y Olmedo, en raz\u00f3n de que Tacumb\u00fa \u2013el principal penal del pa\u00eds\u2013 no recibe m\u00e1s detenidos, guardar\u00e1n reclusi\u00f3n en Emboscada\u201d.<\/p>\n<p>Los periodistas le preguntaron sobre la situaci\u00f3n de Villalba y Olmedo, que est\u00e1n acusados de matar.<\/p>\n<p>\u201cNo estamos m\u00e1s en la \u00e9poca inquisitiva, anteriormente, en la \u00e9poca inquisitiva, la muerte se comprobaba con el certificado de defunci\u00f3n\u2026 Ahora se puede probar por cualquier medio de prueba, testifical, im\u00e1genes de video, fotogr\u00e1fica\u2026 e hicimos una valoraci\u00f3n del conjunto de testigos de los que la mayor\u00eda de 290 m\u00e1s de 200 fueron funcionarios policiales que estuvieron en el escenario de los hechos\u2026\u201d<\/p>\n<p>Se le cuestion\u00f3 entonces la falta de relaci\u00f3n entre los hechos que expuso la fiscal\u00eda y lo que en realidad pas\u00f3.<\/p>\n<p>\u201cEst\u00e1 todo en la parte dispositiva de nuestra sentencia, el tribunal crey\u00f3, prob\u00f3 y comprob\u00f3 que se cometieron esos hechos punibles porque los elementos objetivos, subjetivos y el nexo causal se probaron en juicio\u2026\u201d, consider\u00f3 el magistrado.<\/p>\n<p>Se llega entonces al punto central de la cuesti\u00f3n, la propiedad de la finca, que seg\u00fan todas las investigaciones y testimonios de entidades p\u00fablicas, era del Estado paraguayo.<\/p>\n<p>\u201cAntes del 13 de abril, la propiedad estaba siendo pac\u00edficamente ocupada, administrada con use y goce por Campos Morombi\u2026\u201d, dice Zelaya elevando la voz, asumiendo el rol.<\/p>\n<p>Aqu\u00ed es cuando queda claro, que se trata de una forma permanente en el poder judicial, son jueces del patr\u00f3n, siempre.<\/p>\n<p>Describe luego: \u201cLas pruebas son m\u00faltiples de la asociaci\u00f3n criminal\u2026 Fueron robados objetos, en el mismo hubo abigeato, que se invadi\u00f3 por la fuerza y con clandestinidad\u2026 son tres objetos, tres hechos punibles, que evidentemente se cometieron\u201d, expone.<\/p>\n<p>\u2013 \u00bfSe describir\u00e1 quien mat\u00f3 a quien?, se le insiste.<\/p>\n<p>Las cuestiones gen\u00e9ricas son objeto de nulidad, efectivamente, l\u00f3gico, de estas dos personas se comprob\u00f3 fehacientemente que mataron porque sino es nulo.<\/p>\n<p>Y aqu\u00ed se da el otro punto, que es un hist\u00f3rico en la justicia latinoamericana, la domesticaci\u00f3n de los l\u00edderes rebeldes. Es un cl\u00e1sico en todo el continente, pero el caso paraguayo tiene un folklore especial.<\/p>\n<p>\u201cHay 11 condicionamientos para atenuantes o agravantes\u2026 Ninguno de los atenuantes se dio en la conducta de Rub\u00e9n Villalba\u2026 No tiene ning\u00fan atenuante, se prob\u00f3 que es el l\u00edder\u2026 Las pruebas que dicen que su tel\u00e9fono celular dice que estaba en el lugar, que estaba herido, y otras cosas que tenemos\u2026\u201d.<\/p>\n<p>Y sigue cerrando el plan<\/p>\n<p>\u201cLa sentencia est\u00e1 firme\u2026 Esa propiedad es de Campos Morombi\u2026 Vamos a analizar la conducta de Amelio Sisco, (Luis) Lezcano Claude y Azuaga\u2026 si vivimos en un estado de derecho tenemos que respetar las decisiones judiciales\u2026 Caso contrario estamos en una anarqu\u00eda absoluta y eso no se puede permitir y est\u00e1 prohibido\u2026 (El fallo) Es objeto de recursos ante la C\u00e1mara de Apelaci\u00f3n o ante la Corte Suprema de Justicia\u2026 tienen la facultad de recurrir a donde corresponde.<\/p>\n<p>Se le pregunta entonces por la muerte de los campesinos.<\/p>\n<p>\u201cQu\u00e9 es lo que se puso frente a nosotros, muertes de (campesinos) muerte de polic\u00edas y una acusaci\u00f3n\u2026 las pruebas que se trajeron fueron relativas a ese hecho, al momento de ese incidente, el agente (Jalil) Rachid, hab\u00eda manifestado que la investigaci\u00f3n de los 11 campesinos est\u00e1 en la Fiscal\u00eda de Derechos Humanos\u2026<\/p>\n<p>Nosotros no podemos investigar\u2026\u201d.<\/p>\n<p>Dijo en su descargo que se enviaron notas denunciando las torturas y ejecuciones extrajudiciales testimoniadas en el juicio y por tercera vez, b\u00edblico, de la biblia del latifundio claro, expuso: \u201cPara nosotros, esa tierra es de Campos Moromb\u00ed\u2026\u201d<\/p>\n<p>En un escenario de verdadera justicia, estos jueces deber\u00edan ir presos por prevaricato. Vale recordar: \u201cLa prevaricaci\u00f3n, o prevaricato, es un delito que consiste en que una autoridad, juez u otro servidor p\u00fablico dicta una resoluci\u00f3n arbitraria en un asunto administrativo o judicial a sabiendas de que dicha resoluci\u00f3n es injusta. Es comparable al incumplimiento de los deberes del servidor p\u00fablico\u2026\u201d, recuerda la Wikipedia.<\/p>\n<p>Ellos, sin embargo, est\u00e1n seguros de su impunidad, han servido al patr\u00f3n de la peor manera, midieron todo con esa vara que es la \u00fanica que conocen, la \u00fanica que permite hacer carrera en el poder judicial: Someter al pobre, al que lucha por sus derechos.<\/p>\n<p>Lo importante del acto es todo lo que revela.<\/p>\n<p>El tel\u00f3n, est\u00e1 a\u00fan lejos de bajarse.<\/p>\n<p><strong>Reacciones<\/strong><\/p>\n<p>La justicia paraguaya \u201cvolvi\u00f3 a victimizar a los campesinos y campesinas del caso Curuguaty con su veredicto\u201d, seg\u00fan Rosa Mar\u00eda Ortiz, ex relatora de las Naciones Unidas. Reclam\u00f3 un castigo a los responsables del Ministerio P\u00fablico y consider\u00f3 que los grupos que reclaman por justicia, en el tiempo, podr\u00edan producir un cambio en el pa\u00eds.<\/p>\n<p>Para el secretario adjunto de Relaciones Internacionales de la Central Unitaria de Trabajadores del Brasil, Ariovaldo de Camargo, \u201ces inaceptable que un tribunal se transforme en caja de resonancia del gran capital, llevando a mujeres y hombres trabajadores detr\u00e1s de las rejas para favorecer los intereses de media docena de latifundistas y trasnacionales. M\u00e1s que nunca es hora de vestir la camiseta por la verdad y la justicia, levantando nuestra voz por la absoluci\u00f3n ya\u201d, expres\u00f3.<\/p>\n<p>Por su parte, Aitor Mart\u00ednez, abogado espa\u00f1ol dijo que la Corte Interamericana anular\u00e1 este fallo: \u201cLa Corte va a poner en libertad a estas personas y a exigir una indemizacion que va a pagar el contibuyente paraguayo. Estas arbitrariedades no se pueden sostener en las intancias internacionales\u201d afirm\u00f3 el experto.<\/p>\n<p>Resumen Latinoamericano<\/p>\n<\/div>\n<\/div>\n","protected":false},"excerpt":{"rendered":"<p>[Por Jorge Z\u00e1rate, E\u2019a, 11 julio 2016] Al juez Trinidad Zelaya le cuesta el espa\u00f1ol, le cuesta leerlo y hablarlo, como a muchos campesinos y trabajadores urbanos. No es este un problema en un pa\u00eds biling\u00fce, pero s\u00ed es importante comprender que define un espacio de acci\u00f3n. Para entenderlo es preciso seguir la conferencia de [&hellip;]<\/p>\n","protected":false},"author":4,"featured_media":2196,"comment_status":"open","ping_status":"open","sticky":false,"template":"","format":"standard","meta":{"_monsterinsights_skip_tracking":false,"_monsterinsights_sitenote_active":false,"_monsterinsights_sitenote_note":"","_monsterinsights_sitenote_category":0,"jnews-multi-image_gallery":[],"jnews_single_post":[],"jnews_primary_category":[],"_joinchat":[],"footnotes":""},"categories":[76],"tags":[],"class_list":["post-2195","post","type-post","status-publish","format-standard","has-post-thumbnail","hentry","category-salud-comunitaria"],"_links":{"self":[{"href":"http:\/\/fmriachuelo.it10.com.ar\/index.php\/wp-json\/wp\/v2\/posts\/2195","targetHints":{"allow":["GET"]}}],"collection":[{"href":"http:\/\/fmriachuelo.it10.com.ar\/index.php\/wp-json\/wp\/v2\/posts"}],"about":[{"href":"http:\/\/fmriachuelo.it10.com.ar\/index.php\/wp-json\/wp\/v2\/types\/post"}],"author":[{"embeddable":true,"href":"http:\/\/fmriachuelo.it10.com.ar\/index.php\/wp-json\/wp\/v2\/users\/4"}],"replies":[{"embeddable":true,"href":"http:\/\/fmriachuelo.it10.com.ar\/index.php\/wp-json\/wp\/v2\/comments?post=2195"}],"version-history":[{"count":0,"href":"http:\/\/fmriachuelo.it10.com.ar\/index.php\/wp-json\/wp\/v2\/posts\/2195\/revisions"}],"wp:featuredmedia":[{"embeddable":true,"href":"http:\/\/fmriachuelo.it10.com.ar\/index.php\/wp-json\/"}],"wp:attachment":[{"href":"http:\/\/fmriachuelo.it10.com.ar\/index.php\/wp-json\/wp\/v2\/media?parent=2195"}],"wp:term":[{"taxonomy":"category","embeddable":true,"href":"http:\/\/fmriachuelo.it10.com.ar\/index.php\/wp-json\/wp\/v2\/categories?post=2195"},{"taxonomy":"post_tag","embeddable":true,"href":"http:\/\/fmriachuelo.it10.com.ar\/index.php\/wp-json\/wp\/v2\/tags?post=2195"}],"curies":[{"name":"wp","href":"https:\/\/api.w.org\/{rel}","templated":true}]}}