{"id":2181,"date":"2016-07-10T17:05:26","date_gmt":"2016-07-10T17:05:26","guid":{"rendered":"http:\/\/fmriachuelo.com.ar\/ljkjklj\/?p=2181"},"modified":"2016-07-10T17:05:26","modified_gmt":"2016-07-10T17:05:26","slug":"9-de-julio-por-la-segunda-y-definitiva-independencia","status":"publish","type":"post","link":"http:\/\/fmriachuelo.it10.com.ar\/index.php\/2016\/07\/10\/9-de-julio-por-la-segunda-y-definitiva-independencia\/","title":{"rendered":"9 DE JULIO POR LA SEGUNDA Y DEFINITIVA INDEPENDENCIA"},"content":{"rendered":"<p><b>RADIO ABIERTA EN EL PASEO DE LA ECONOM\u00cdA POPULAR MART\u00cdN OSO CISNEROS<\/b><\/p>\n<p class=\"x_MsoNormal\"><span style=\"font-family: verdana, sans-serif\"><b>ORGANIZACIONES SE DIERON CITA EN LA BOCA PARA DEBATIR LOS DESAF\u00cdOS DEL CAMPO POPULAR DE CARA A LA ARREMETIDA IMPERIALISTA Y COLONIALISTA QUE SE VIVE A NIVEL MUNDIAL\u00a0<\/b><\/span><\/p>\n<p class=\"x_MsoNormal\" style=\"text-align: justify\">[FMR 10\/07\/16] En el d\u00eda de ayer, los militantes del <strong>Paseo de la Econom\u00eda Popular Mart\u00edn Oso Cisneros<\/strong>, en el barrio de La Boca, sumaron a su nutrida feria una mesa con mate y tortas fritas para compartir con los numerosos compa\u00f1eros y visitantes que se acercaron. Esta vez, no se trataba s\u00f3lo de conseguir alimentos sanos directamente del productor, c\u00f3mo habitualmente ocurre en este emprendimiento de la Econom\u00eda Popular: fueron invitadas organizaciones sociales, pol\u00edticas y culturales del campo popular a debatir y plantear los desaf\u00edos que tienen por delante, a 200 a\u00f1os de los primero gritos emancipatorios, las organizaciones que aspiran a alcanzar la segunda y definitiva independencia. La \u00abmesa de debate\u00bb tom\u00f3 la forma de radio abierta, a cargo de la <strong><span style=\"color: #ff0000\">FM Riachuelo<\/span><\/strong>, que celebraba cinco a\u00f1os de lucha desde la comunicaci\u00f3n, acompa\u00f1ando esta iniciativa, poniendo los micr\u00f3fonos y parlantes en la calle y en el barrio.<\/p>\n<p class=\"x_MsoNormal\" style=\"text-align: justify\"><img loading=\"lazy\" decoding=\"async\" class=\"size-thumbnail wp-image-2183 alignleft\" src=\"http:\/\/fmriachuelo.com.ar\/ljkjklj\/wp-content\/uploads\/2016\/07\/mesas-150x150.jpg\" alt=\"mesas\" width=\"150\" height=\"150\" \/><\/p>\n<p class=\"x_MsoNormal\" style=\"text-align: justify\">Poco y nada tard\u00f3 en expresarse la preocupaci\u00f3n por el duro contexto social para los sectores populares en el que se llegaba al bicentenario de la Independencia. En la apertura de la radio abierta, <strong>Luciano Alvarez, militante de la Organizaci\u00f3n Social y Pol\u00edtica Los Pibes y coordinador del Paseo de la Econom\u00eda Popular<\/strong> plante\u00f3 este tema se\u00f1alando tambi\u00e9n la firme decisi\u00f3n de no retroceder en las capacidades de organizaci\u00f3n de nuestro Pueblo: <b>\u00ab<a href=\"https:\/\/soundcloud.com\/prensa-fm-riachuelo\/20160709-luciano-alvarez-osplp-tenemos-q-luchar-por-la-economia-popular\" target=\"_blank\" rel=\"noopener\">nos enorgullece que el bicentenario y el debate sobre la segunda independencia se organice en un lugar como el Paseo<\/a>. <\/b>Son nuevas formas de lucha que se plantean desde la Econom\u00eda Popular. No podemos permitir que la arremetida del neoliberalismo vuelve a correr la trinchera de la resistencia hasta nuestras familias, hasta los comedores, vamos a dar esta pelea con estas nuevas herramientas\u00bb. En el mismo sentido agreg\u00f3 <strong>Nadia Martinez, de la OSyP Los Pibes y Directora de la <span style=\"color: #ff0000\">FM Riachuelo<\/span><\/strong>, al reflexionar sobre el papel que juegan las herramientas de la comunicaci\u00f3n popular en este contexto: \u00ab<b><a href=\"https:\/\/soundcloud.com\/prensa-fm-riachuelo\/20160709-nadia-martinez-fm-riachuelo-porque-la-comunic-popopular\" target=\"_blank\" rel=\"noopener\">la FM Riachuelo es una herramienta que naci\u00f3 hace 5 a\u00f1os para visibilizar las luchas del Pueblo y contribuir a su organzaci\u00f3n<\/a><\/b>. En estos momentos de profunda crisis planetaria es indispensable apostar a la construcci\u00f3n de nuevos paradigmas. Eso intentamos hacer desde la comunicaci\u00f3n; pero tambi\u00e9n es necesario avanzar en una econom\u00eda al servicio del Pueblo\u00bb.<\/p>\n<p style=\"text-align: justify\">La Econom\u00eda Popular fue un tema que volvi\u00f3 persistentemente a los micr\u00f3fonos de la radio abierta durante la jornada de ayer. Y el segmento central de la radio abierta lo ocuparon el Gringo Castro (Sec. Gral Confederaci\u00f3n de Trabajadores de la Econom\u00eda Popular, CTEP) y Lito Borello, Coordinador Nacional de la OSyP Los Pibes justamente reflexionando sobre lo qu\u00e9 expresaba la Econom\u00eda Popular en los tiempos actuales: \u00abel desarrollo de la econom\u00eda popular en los \u00faltimos 25 a\u00f1os, o el nacimiento y crecimiento de l CTEP, sin dudas expresan formas que los pueblos tuvieron que encontrar para resolver sus necesidades, pero tambi\u00e9n son el germen, una forma constituyente, de un otro mundo posible con el que so\u00f1amos y por el que luchamos\u00bb, plante\u00f3 Borello. Por su parte, el Secretario General de la CTEP agreg\u00f3, interpelando a las organizaciones de la comunicaci\u00f3n popular: \u00abhay que visibilizar a la econom\u00eda popular, porque los poderosos han avanzado mucho en este tiempo pero no tienen respuestas para el conjunto de los trabajadores, y la respuesta est\u00e1 en la capacidad de los trabajadores no s\u00f3lo en encontrar estrategias de lucha, sino tambi\u00e9n estrategias de trabajo y de producci\u00f3n\u00bb.<\/p>\n<p style=\"text-align: justify\">Esta riqueza y diversidad del campo de la econom\u00eda popular que se mencionaba se hizo evidente en la participaci\u00f3n de sus protagonistas en otro de los pasajes de la radio abierta. Los desaf\u00edos que presentaba el bicentenario de la Independencia se plantearon as\u00ed desde la lucha por la vivienda, a cargo de Luis Rold\u00e1n, de la cooperativa El Surco. El Negro Morales de Pipinas sum\u00f3 la mirada desde la pesca artesanal, pero tambi\u00e9n dando a conocer del crecimiento de la CTEP que inaugur\u00f3 un local en su pueblo donde ya se preve\u00eda desarrollar actividades productivas y de comercializaci\u00f3n. El Vasco Mur\u00faa, presidente del Movimiento Nacional de Empresas Recuperadas, ten\u00eda algo para decir de las din\u00e1micas represivas de estos tiempos a partir del caso de la recuperada RB, representativa de la forma en que el gobierno piensa atender las dificultades de los trabajadores y, en particular de las f\u00e1bricas recuperadas. Nahuel Levaggi, de la Uni\u00f3n de Trabajadores de la Tierra, tambi\u00e9n aport\u00f3 una mirada desde las reivindicaciones por la tierra y la soberan\u00eda alimentaria para nuestros pueblos.<\/p>\n<p>Entre conversaciones, mates y tortas fritas tambi\u00e9n pudo escucharse la participaci\u00f3n de compa\u00f1eros como <strong>Carlos Aznarez, del\u00a0peri\u00f3dico\u00a0Resumen Latinoamericano, y Roberto Perd\u00eda, de Organizaciones Libres del Pueblo (OLP)<\/strong>, que dedicaron sus intervenciones a caracterizar el momento pol\u00edtico actual y al gobierno de Mauricio Macri. Perd\u00eda planteo: \u00abrecibir el bicentenario con el Rey de Espa\u00f1a, y los tarifazos que ahogan a nuestro pueblo son medidas simb\u00f3licas que dan cuenta de un pa\u00eds que no es viable; debemos retomar un camino de organizaci\u00f3n de nuetro Pueblo para volver a hacer viable nuestro pa\u00eds\u00bb. Aznarez, por su parte, agreg\u00f3: \u00abes contradictorio que en el bicenteneario de la Independencia seamos m\u00e1s colonia que antes, con un Rey visitando a su Virrey\u00bb.\u00a0La ofensiva pol\u00edtica, econ\u00f3mica, militar y paramilitar de la derecha se verifica en toda la regi\u00f3n. Sin embargo, en cada lugar donde se produce esa ofensiva pro-imperialista, nace una nueva oleada de resistencia. En Argentina no va a ser f\u00e1cil la gobernabilidad para estos corruptos y provocadores del Imperio\u00bb. De la mesa tambi\u00e9n particip\u00f3<strong> Cherno Aisenberg, militante de Patria Grande<\/strong> en La Boca, quien recuper\u00f3 el esp\u00edritu de las gestas independentistas tomando como referencia\u00a0<a href=\"https:\/\/soundcloud.com\/prensa-fm-riachuelo\/20160709-cherno-patria-grande-la-boca-es-un-barrio-de-lucha-y-vamos-a-seguir-peleando\">la capacidad y tradici\u00f3n de resistencia que se vive en nuestro barrio<\/a>: \u00abLa Boca tiene esa resistencia, tendremos que seguir peleando por la vivienda digna, tendremos que seguir peleando para que no construyan ese corredor que nos quieren armar para desalojarnos\u00bb.<\/p>\n<p><img loading=\"lazy\" decoding=\"async\" class=\"size-thumbnail wp-image-2185 alignleft\" src=\"http:\/\/fmriachuelo.com.ar\/ljkjklj\/wp-content\/uploads\/2016\/07\/gral-2-150x150.jpg\" alt=\"gral 2\" width=\"150\" height=\"150\" \/>La riqueza de las presencias, que por momentos desbord\u00f3 las posibilidades de producci\u00f3n de los compa\u00f1eros que organizaban la radio abierta, incluy\u00f3 tambi\u00e9n el aporte de compa\u00f1eros de la <strong>Universidad Nacional de Avellaneda<\/strong>, insistente en su intento de construir universidad al servicio del Pueblo vincul\u00e1ndose a las organizaciones y realidades de los barrios; el compa\u00f1ero Dar\u00edo Zaffal\u00f3n del Frente de Desocupados Eva Per\u00f3n, de Avellaneda. Tambi\u00e9n saludaron el cumplea\u00f1os de la <strong><span style=\"color: #ff0000\">FM Riachuelo<\/span><\/strong> <strong>radios hermanas como FM La Caterva, del Movimiento Popular La Dignidad, FM Soldati de la Organizaci\u00f3n El Hormiguero y Radio Gr\u00e1fica<\/strong>, transmitiendo como siempre desde la Gr\u00e1fica Patricios, recuperada por sus trabajadores.<\/p>\n<p>Finalizando la actividad resonaban en los puestos del Paseo y su esquina en el barrio de La Boca las palabras de Lito Borello:<strong> \u00abagradecimiento a todos los compa\u00f1eros y organizaciones que hoy se acercaron para recibir juntos, unidos este bicentenerario de la Independencia\u00bb<\/strong>. La invocaci\u00f3n a la unidad, presente incluso en las intervenciones donde estuvo ausente, se hizo notar en cada abrazo de despedida que, en muchos casos fue acompa\u00f1ado por un <strong>\u00abnos vemos en la lucha\u00bb<\/strong> que no le corre el cuerpo a la compleja realidad que vive nuestra regi\u00f3n&#8230; a doscientos a\u00f1os de los primeros gritos de libertad.<\/p>\n<p><img loading=\"lazy\" decoding=\"async\" class=\"size-thumbnail wp-image-2186 aligncenter\" src=\"http:\/\/fmriachuelo.com.ar\/ljkjklj\/wp-content\/uploads\/2016\/07\/grupos-150x150.jpg\" alt=\"grupos\" width=\"150\" height=\"150\" \/><\/p>\n<p style=\"text-align: center\"><strong><a href=\"http:\/\/fmriachuelo.com.ar\/ljkjklj\/blog\/2016\/07\/09\/9-de-julio-en-la-boca-luchar-y-resistir-por-la-segunda-y-definitiva-independencia\/\"><span style=\"color: #0000ff\">MAS INFORMACI\u00d3N EN NUESTRA P\u00c1GINA<\/span> <\/a><\/strong><\/p>\n<p style=\"text-align: center\">\n","protected":false},"excerpt":{"rendered":"<p>RADIO ABIERTA EN EL PASEO DE LA ECONOM\u00cdA POPULAR MART\u00cdN OSO CISNEROS ORGANIZACIONES SE DIERON CITA EN LA BOCA PARA DEBATIR LOS DESAF\u00cdOS DEL CAMPO POPULAR DE CARA A LA ARREMETIDA IMPERIALISTA Y COLONIALISTA QUE SE VIVE A NIVEL MUNDIAL\u00a0 [FMR 10\/07\/16] En el d\u00eda de ayer, los militantes del Paseo de la Econom\u00eda Popular [&hellip;]<\/p>\n","protected":false},"author":4,"featured_media":2184,"comment_status":"open","ping_status":"open","sticky":false,"template":"","format":"standard","meta":{"_monsterinsights_skip_tracking":false,"_monsterinsights_sitenote_active":false,"_monsterinsights_sitenote_note":"","_monsterinsights_sitenote_category":0,"jnews-multi-image_gallery":[],"jnews_single_post":[],"jnews_primary_category":[],"_joinchat":[],"footnotes":""},"categories":[76],"tags":[],"class_list":["post-2181","post","type-post","status-publish","format-standard","has-post-thumbnail","hentry","category-salud-comunitaria"],"_links":{"self":[{"href":"http:\/\/fmriachuelo.it10.com.ar\/index.php\/wp-json\/wp\/v2\/posts\/2181","targetHints":{"allow":["GET"]}}],"collection":[{"href":"http:\/\/fmriachuelo.it10.com.ar\/index.php\/wp-json\/wp\/v2\/posts"}],"about":[{"href":"http:\/\/fmriachuelo.it10.com.ar\/index.php\/wp-json\/wp\/v2\/types\/post"}],"author":[{"embeddable":true,"href":"http:\/\/fmriachuelo.it10.com.ar\/index.php\/wp-json\/wp\/v2\/users\/4"}],"replies":[{"embeddable":true,"href":"http:\/\/fmriachuelo.it10.com.ar\/index.php\/wp-json\/wp\/v2\/comments?post=2181"}],"version-history":[{"count":0,"href":"http:\/\/fmriachuelo.it10.com.ar\/index.php\/wp-json\/wp\/v2\/posts\/2181\/revisions"}],"wp:featuredmedia":[{"embeddable":true,"href":"http:\/\/fmriachuelo.it10.com.ar\/index.php\/wp-json\/"}],"wp:attachment":[{"href":"http:\/\/fmriachuelo.it10.com.ar\/index.php\/wp-json\/wp\/v2\/media?parent=2181"}],"wp:term":[{"taxonomy":"category","embeddable":true,"href":"http:\/\/fmriachuelo.it10.com.ar\/index.php\/wp-json\/wp\/v2\/categories?post=2181"},{"taxonomy":"post_tag","embeddable":true,"href":"http:\/\/fmriachuelo.it10.com.ar\/index.php\/wp-json\/wp\/v2\/tags?post=2181"}],"curies":[{"name":"wp","href":"https:\/\/api.w.org\/{rel}","templated":true}]}}