{"id":2175,"date":"2016-07-09T22:47:25","date_gmt":"2016-07-09T22:47:25","guid":{"rendered":"http:\/\/fmriachuelo.com.ar\/ljkjklj\/?p=2175"},"modified":"2016-07-09T22:47:25","modified_gmt":"2016-07-09T22:47:25","slug":"9-de-julio-en-la-boca-luchar-y-resistir-por-la-segunda-y-definitiva-independencia","status":"publish","type":"post","link":"http:\/\/fmriachuelo.it10.com.ar\/index.php\/2016\/07\/09\/9-de-julio-en-la-boca-luchar-y-resistir-por-la-segunda-y-definitiva-independencia\/","title":{"rendered":"9 DE JULIO EN LA BOCA: LUCHAR Y RESISTIR POR LA SEGUNDA Y DEFINITIVA INDEPENDENCIA"},"content":{"rendered":"<p style=\"text-align: justify\">[FMR 09\/07\/16] Hoy, en horas del mediod\u00eda, \u00a0se celebr\u00f3 un nuevo aniversario de la gesta patri\u00f3tica del 9 de julio, a 200 a\u00f1os\u00a0de los pueblos libres. Con una radio abierta Fm Riachuelo \u00a0hizo escuchar las voces populares m\u00e1s destacadas del pueblo organizado, en el \u00e1mbito del Paseo de la econom\u00eda popular Mart\u00edn \u00abOso\u00bb Cisneros. Un La comunicaci\u00f3n se constituy\u00f3 en el territorio para compartir y difundir las reflexiones sobre la emancipaci\u00f3n de los pueblos, al mismo tiempo que se destacaba la necesidad\u00a0de una comunicaci\u00f3n que permita darle voz a\u00a0las necesidades populares, tan lejos de los ideales de los medios dominantes.<\/p>\n<p>Un conjunto de organizaciones sociales, barriales y vecinos asistieron al convite de mates y tortas fritas junto al fog\u00f3n que recrea lo m\u00e1s sentido de la lucha popular en las calles, al tiempo que constituye un homenaje a los piquetes.<\/p>\n<p>Un programa especial de Fm Riachuelo, en donde caben todas las voces<\/p>\n<p>EStuvieron presentes las siguientes organizaciones:<\/p>\n<p>Confederaci\u00f3n de Trabajadores de la Econom\u00eda Popular, CTEP<\/p>\n<p>Cooperativa de pescadores Coopechas,<\/p>\n<p>Resistir y Luchar.<\/p>\n<p>Movimiento Nacional de Empresas Recuperadas M.N.E.R<\/p>\n<p>Peronismo Militante<\/p>\n<p>Peronismo de Base<\/p>\n<p>Trabajadores del Puente Nicol\u00e1s Avellaneda<\/p>\n<p>Resumen Latinoamericano<\/p>\n<p>Organizaciones Libres del Pueblo, O.L.P<\/p>\n<p>O.L.P. Sim\u00f3n Bolivar<\/p>\n<p>Movimiento de Trabajadores Excluidos M.T.E.<\/p>\n<p>Programa ATAJO<\/p>\n<p>El Hormiguero ONG.<\/p>\n<p>Fm Soldati<\/p>\n<p>La Boca Resiste y Propone<\/p>\n<p>Organizaci\u00f3n Voluntario Global, Proyecto Pacheco de jardiner\u00eda<\/p>\n<p>Uni\u00f3n de Trabajadores de la Tiera, U.T.T.<\/p>\n<p>Universidad Nacional de Avellaneda, UNDAV<\/p>\n<p>Seamos Libres<\/p>\n<p>Cooperativa Casa Pav\u00f3n<\/p>\n<p>Radio Gr\u00e1fica<\/p>\n<p>Cooperativa de Vivienda Los Pibes, COVILPI<\/p>\n<p>Paseo de la econom\u00eda popular Martin Oso Cisneros<\/p>\n<p>El Patio Casa Cultural<\/p>\n<p>Fm Riachuelo<\/p>\n<p>&nbsp;<\/p>\n<p>&nbsp;<\/p>\n<p>&nbsp;<\/p>\n<p>&nbsp;<\/p>\n","protected":false},"excerpt":{"rendered":"<p>[FMR 09\/07\/16] Hoy, en horas del mediod\u00eda, \u00a0se celebr\u00f3 un nuevo aniversario de la gesta patri\u00f3tica del 9 de julio, a 200 a\u00f1os\u00a0de los pueblos libres. Con una radio abierta Fm Riachuelo \u00a0hizo escuchar las voces populares m\u00e1s destacadas del pueblo organizado, en el \u00e1mbito del Paseo de la econom\u00eda popular Mart\u00edn \u00abOso\u00bb Cisneros. Un [&hellip;]<\/p>\n","protected":false},"author":4,"featured_media":2177,"comment_status":"open","ping_status":"open","sticky":false,"template":"","format":"standard","meta":{"_monsterinsights_skip_tracking":false,"_monsterinsights_sitenote_active":false,"_monsterinsights_sitenote_note":"","_monsterinsights_sitenote_category":0,"jnews-multi-image_gallery":[],"jnews_single_post":[],"jnews_primary_category":[],"_joinchat":[],"footnotes":""},"categories":[76],"tags":[],"class_list":["post-2175","post","type-post","status-publish","format-standard","has-post-thumbnail","hentry","category-salud-comunitaria"],"_links":{"self":[{"href":"http:\/\/fmriachuelo.it10.com.ar\/index.php\/wp-json\/wp\/v2\/posts\/2175","targetHints":{"allow":["GET"]}}],"collection":[{"href":"http:\/\/fmriachuelo.it10.com.ar\/index.php\/wp-json\/wp\/v2\/posts"}],"about":[{"href":"http:\/\/fmriachuelo.it10.com.ar\/index.php\/wp-json\/wp\/v2\/types\/post"}],"author":[{"embeddable":true,"href":"http:\/\/fmriachuelo.it10.com.ar\/index.php\/wp-json\/wp\/v2\/users\/4"}],"replies":[{"embeddable":true,"href":"http:\/\/fmriachuelo.it10.com.ar\/index.php\/wp-json\/wp\/v2\/comments?post=2175"}],"version-history":[{"count":0,"href":"http:\/\/fmriachuelo.it10.com.ar\/index.php\/wp-json\/wp\/v2\/posts\/2175\/revisions"}],"wp:featuredmedia":[{"embeddable":true,"href":"http:\/\/fmriachuelo.it10.com.ar\/index.php\/wp-json\/"}],"wp:attachment":[{"href":"http:\/\/fmriachuelo.it10.com.ar\/index.php\/wp-json\/wp\/v2\/media?parent=2175"}],"wp:term":[{"taxonomy":"category","embeddable":true,"href":"http:\/\/fmriachuelo.it10.com.ar\/index.php\/wp-json\/wp\/v2\/categories?post=2175"},{"taxonomy":"post_tag","embeddable":true,"href":"http:\/\/fmriachuelo.it10.com.ar\/index.php\/wp-json\/wp\/v2\/tags?post=2175"}],"curies":[{"name":"wp","href":"https:\/\/api.w.org\/{rel}","templated":true}]}}