{"id":21207,"date":"2023-08-03T21:06:32","date_gmt":"2023-08-03T21:06:32","guid":{"rendered":"http:\/\/fmriachuelo.com.ar\/?p=21207"},"modified":"2025-02-26T12:24:03","modified_gmt":"2025-02-26T15:24:03","slug":"llegada-del-iii-malon-de-la-paz-cinco-siglos-caminando-por-la-paz-y-el-buen-vivir","status":"publish","type":"post","link":"http:\/\/fmriachuelo.it10.com.ar\/index.php\/2023\/08\/03\/llegada-del-iii-malon-de-la-paz-cinco-siglos-caminando-por-la-paz-y-el-buen-vivir\/","title":{"rendered":"LLEGADA DEL III MAL\u00d3N DE LA PAZ: CINCO SIGLOS CAMINANDO POR LA PAZ Y EL BUEN VIVIR"},"content":{"rendered":"<p><strong>[FM Riachuelo, 03\/08\/2023] El lunes por la tarde una delegaci\u00f3n de compa\u00f1eros y compa\u00f1eras de Convocatoria Segunda Independencia y del Movimiento Popular Los Pibes acompa\u00f1aron a los hermanos y hermanas del Tercer Mal\u00f3n de la Paz en su llegada a Buenos Aires. El objetivo es poder visibilizar y nacionalizar la lucha del pueblo juje\u00f1o que est\u00e1 de pie en contra las pol\u00edticas represivas y extractivistas que impulsa el gobierno del tirano Gerardo Morales.<\/strong><\/p>\n<p>Desde la puna bajando a pie, como lo hicieron sus abuelos y abuelas en 1946, los pueblos originarios realizaron esta caravana que atraves\u00f3 varias provincias como Salta, Tucum\u00e1n, Catamarca, C\u00f3rdoba, Santa Fe. La gran columna lleva los reclamos de todo el pueblo que hoy continua en pie de lucha por la derogaci\u00f3n de la reforma inconstitucional que presento Gerardo Morales.<\/p>\n<p><img loading=\"lazy\" decoding=\"async\" class=\" wp-image-21209 aligncenter\" src=\"http:\/\/fmriachuelo.com.ar\/wp-content\/uploads\/2023\/08\/WhatsApp-Image-2023-08-03-at-17.00.08-300x179.jpeg\" alt=\"\" width=\"350\" height=\"209\"><\/p>\n<p>Desde hace m\u00e1s de 40 d\u00edas el pueblo juje\u00f1o se enfrenta a la persecuci\u00f3n pol\u00edtica, donde decenas de militantes y personas autoconvocadas se encuentran con causas abiertas: los acusan de sedici\u00f3n. Ocurrieron varios episodios de violencia policial en las casas de los voceros y referentes que participaron de las marchas y las jornadas de lucha. Tambi\u00e9n hubo \u00f3rdenes de desalojo de los puntos de resistencia en las rutas. A pesar de todo, el Tercer Mal\u00f3n por la paz recorri\u00f3 3200 km para llegar a Buenos Aires llevando el grito de todo el pueblo de Jujuy que hoy dice basta.<\/p>\n<p>En ese marco, esta delegaci\u00f3n de compa\u00f1eros y compa\u00f1eras, recibi\u00f3 a un grupo de hermanas y hermanos de Jujuy luego de esta larga traves\u00eda. Para pernoctar fueron recibidos por el municipio de Merlo, y all\u00ed se encontraron con el resto del Mal\u00f3n. En el lugar, celebraron el d\u00eda de la Pachamama, compartiendo entre hermanos y hermanas un ritual intimo que dur\u00f3 toda la noche. Sahumaron, ofrendaron y pidieron a la Madre Tierra que la lucha de los pueblos tenga la victoria merecida.<\/p>\n<p><img loading=\"lazy\" decoding=\"async\" class=\" wp-image-21210 aligncenter\" src=\"http:\/\/fmriachuelo.com.ar\/wp-content\/uploads\/2023\/08\/WhatsApp-Image-2023-08-03-at-17.00.09-300x186.jpeg\" alt=\"\" width=\"373\" height=\"231\"><\/p>\n<p>A la ma\u00f1ana siguiente emprendieron camino a la Ciudad Aut\u00f3noma de Buenos Aires. Arribaron a Plaza Miserere, Once, donde fueron recibidos por los compa\u00f1eros de los Movimientos Populares y Sindicatos que se solidarizan con los reclamos. En la plaza realizaron otro ritual para la Pachamama donde compartieron sus reclamos a los porte\u00f1os y porte\u00f1as que se sumaron al encuentro.<\/p>\n<p>Luego marcharon por Av. Rivadavia con las banderas de sus pueblos al frente, la wiphala, un verdadero espect\u00e1culo de colores demostrando la diversidad y la plurinacionalidad de la columna Malonera. En el camino la gente fue demostrando su apoyo y acompa\u00f1amiento, reconociendo en la lucha del pueblo juje\u00f1o una causa nacional por nuestra soberan\u00eda.<\/p>\n<p><img loading=\"lazy\" decoding=\"async\" class=\" wp-image-21211 aligncenter\" src=\"http:\/\/fmriachuelo.com.ar\/wp-content\/uploads\/2023\/08\/WhatsApp-Image-2023-08-01-at-11.43.44-5-202x300.jpeg\" alt=\"\" width=\"267\" height=\"397\"><\/p>\n<p>Los gritos de las mujeres retumbaron en Congreso, los sikus armonizaron en el obelisco y la marcha no ces\u00f3 hasta llegar a la Plaza Lavalle, frente las puertas de Tribunales donde hoy contin\u00faan acampando hasta recibir una respuesta concreta del Gobierno Nacional, el Poder Judicial y el Poder Legislativo a las cuatro exigencias que traen:<br \/>\n1. Que la Corte Suprema de Justicia de la Naci\u00f3n se expida prontamente respecto de la inconstitucionalidad de la reforma provincial.<br \/>\n2. Que el Congreso de la Naci\u00f3n ordene la intervenci\u00f3n federal de la provincia de Jujuy.<br \/>\n3. El cese de la persecuci\u00f3n, criminalizaci\u00f3n, penalizaci\u00f3n, detenci\u00f3n arbitraria, imputaciones y contravenciones; urgente sobreseimiento de los hermanos que fueron imputados por luchar en contra de la reforma inconstitucional del gobierno provincial.<br \/>\n4. Que el Congreso de la Naci\u00f3n sancione una ley de titulaci\u00f3n de territorio comunitario e instrumentaci\u00f3n de la Propiedad Comunitaria Ind\u00edgena.<\/p>\n<p><img loading=\"lazy\" decoding=\"async\" class=\" wp-image-21212 aligncenter\" src=\"http:\/\/fmriachuelo.com.ar\/wp-content\/uploads\/2023\/08\/WhatsApp-Image-2023-08-01-at-11.43.44-1-300x186.jpeg\" alt=\"\" width=\"406\" height=\"252\"><\/p>\n","protected":false},"excerpt":{"rendered":"<p>[FM Riachuelo, 03\/08\/2023] El lunes por la tarde una delegaci\u00f3n de compa\u00f1eros y compa\u00f1eras de Convocatoria Segunda Independencia y del Movimiento Popular Los Pibes acompa\u00f1aron a los hermanos y hermanas del Tercer Mal\u00f3n de la Paz en su llegada a Buenos Aires. El objetivo es poder visibilizar y nacionalizar la lucha del pueblo juje\u00f1o que [&hellip;]<\/p>\n","protected":false},"author":17,"featured_media":19584,"comment_status":"closed","ping_status":"closed","sticky":false,"template":"","format":"standard","meta":{"_monsterinsights_skip_tracking":false,"_monsterinsights_sitenote_active":false,"_monsterinsights_sitenote_note":"","_monsterinsights_sitenote_category":0,"jnews-multi-image_gallery":[],"jnews_single_post":{"subtitle":"","format":"standard","video":"","gallery":"","source_name":"","source_url":"","via_name":"","via_url":"","override_template":"0","override":[{"template":"3","single_blog_custom":"","parallax":"1","fullscreen":"1","layout":"right-sidebar","sidebar":"default-sidebar","second_sidebar":"default-sidebar","sticky_sidebar":"1","share_position":"top","share_float_style":"share-monocrhome","show_share_counter":"1","show_view_counter":"1","show_featured":"1","show_post_meta":"1","show_post_author":"0","show_post_author_image":"1","show_post_date":"1","post_date_format":"default","post_date_format_custom":"Y\/m\/d","show_post_category":"1","show_post_reading_time":"0","post_reading_time_wpm":"300","show_zoom_button":"0","zoom_button_out_step":"2","zoom_button_in_step":"3","show_post_tag":"1","show_prev_next_post":"1","show_popup_post":"1","number_popup_post":"1","show_author_box":"1","show_post_related":"0","show_inline_post_related":"0"}],"override_image_size":"0","image_override":[{"single_post_thumbnail_size":"crop-500","single_post_gallery_size":"crop-500"}],"trending_post":"0","trending_post_position":"meta","trending_post_label":"Trending","sponsored_post":"0","sponsored_post_label":"Sponsored by","sponsored_post_name":"","sponsored_post_url":"","sponsored_post_logo_enable":"0","sponsored_post_logo":"","sponsored_post_desc":"","disable_ad":"0"},"jnews_primary_category":{"id":"","hide":""},"_joinchat":[],"footnotes":""},"categories":[58],"tags":[151,147],"class_list":["post-21207","post","type-post","status-publish","format-standard","has-post-thumbnail","hentry","category-noticiariachuelo","tag-ddhh","tag-habitat"],"_links":{"self":[{"href":"http:\/\/fmriachuelo.it10.com.ar\/index.php\/wp-json\/wp\/v2\/posts\/21207","targetHints":{"allow":["GET"]}}],"collection":[{"href":"http:\/\/fmriachuelo.it10.com.ar\/index.php\/wp-json\/wp\/v2\/posts"}],"about":[{"href":"http:\/\/fmriachuelo.it10.com.ar\/index.php\/wp-json\/wp\/v2\/types\/post"}],"author":[{"embeddable":true,"href":"http:\/\/fmriachuelo.it10.com.ar\/index.php\/wp-json\/wp\/v2\/users\/17"}],"replies":[{"embeddable":true,"href":"http:\/\/fmriachuelo.it10.com.ar\/index.php\/wp-json\/wp\/v2\/comments?post=21207"}],"version-history":[{"count":1,"href":"http:\/\/fmriachuelo.it10.com.ar\/index.php\/wp-json\/wp\/v2\/posts\/21207\/revisions"}],"predecessor-version":[{"id":21636,"href":"http:\/\/fmriachuelo.it10.com.ar\/index.php\/wp-json\/wp\/v2\/posts\/21207\/revisions\/21636"}],"wp:featuredmedia":[{"embeddable":true,"href":"http:\/\/fmriachuelo.it10.com.ar\/index.php\/wp-json\/wp\/v2\/media\/19584"}],"wp:attachment":[{"href":"http:\/\/fmriachuelo.it10.com.ar\/index.php\/wp-json\/wp\/v2\/media?parent=21207"}],"wp:term":[{"taxonomy":"category","embeddable":true,"href":"http:\/\/fmriachuelo.it10.com.ar\/index.php\/wp-json\/wp\/v2\/categories?post=21207"},{"taxonomy":"post_tag","embeddable":true,"href":"http:\/\/fmriachuelo.it10.com.ar\/index.php\/wp-json\/wp\/v2\/tags?post=21207"}],"curies":[{"name":"wp","href":"https:\/\/api.w.org\/{rel}","templated":true}]}}