{"id":20847,"date":"2023-06-15T22:04:36","date_gmt":"2023-06-15T22:04:36","guid":{"rendered":"http:\/\/fmriachuelo.com.ar\/?p=20847"},"modified":"2025-02-26T12:25:57","modified_gmt":"2025-02-26T15:25:57","slug":"a-41-anos-del-fin-de-la-guerra-en-malvinas-unidad-del-pueblo-trabajador-por-una-real-soberania","status":"publish","type":"post","link":"http:\/\/fmriachuelo.it10.com.ar\/index.php\/2023\/06\/15\/a-41-anos-del-fin-de-la-guerra-en-malvinas-unidad-del-pueblo-trabajador-por-una-real-soberania\/","title":{"rendered":"A 41 A\u00d1OS DEL FIN DE LA GUERRA EN MALVINAS: UNIDAD DEL PUEBLO TRABAJADOR POR UNA REAL SOBERAN\u00cdA"},"content":{"rendered":"<p><strong>[FM Riachuelo, 15\/06\/2023] Ayer, 14 de junio, a 41 a\u00f1os del fin del enfrentamiento b\u00e9lico en las islas Malvinas, Movimientos Populares, Sindicatos, familiares y combatientes se encontraron frente al monumento a los H\u00e9roes, en la plaza San Martin de Retiro. Se conmemor\u00f3 a los compa\u00f1eros luchadores que sirvieron en la guerra de Malvinas y recuperamos los valores hist\u00f3ricos para la construcci\u00f3n de un proyecto de soberan\u00eda nacional que a\u00fan es una deuda con el pueblo.<\/strong><\/p>\n<p>En el marco de un contexto convulsionado por las pujas y las mezquindades, los compa\u00f1eros y compa\u00f1eras de las organizaciones se reunieron, ayer por la tarde, en torno al monumento a los H\u00e9roes de Malvinas, marcando una vez m\u00e1s que el pueblo tiene un proyecto claro de un pa\u00eds justo, libre y soberano, en el que Malvinas sigue siendo una herida abierta y una cara visible de la colonizaci\u00f3n de nuestro territorio. Referentes de los distintos sectores compartieron algunas palabras en un acto de homenaje.<\/p>\n<p><img loading=\"lazy\" decoding=\"async\" class=\" wp-image-20849 aligncenter\" src=\"http:\/\/fmriachuelo.com.ar\/wp-content\/uploads\/2023\/06\/345d6752-8272-434c-9e2c-6eb0bcb8a328-300x200.jpg\" alt=\"\" width=\"378\" height=\"252\" \/><\/p>\n<p><strong>Domingo Leal, combatiente tripulante del Crucero Ara Gral. Belgrano<\/strong>, comparti\u00f3 los aprendizajes que fue recolectando durante la lucha por Malvinas y los a\u00f1os posteriores: <em>\u201cA m\u00ed me toc\u00f3 estar en un barco donde murieron la mitad de los h\u00e9roes de Malvinas. Eso nos dej\u00f3 las ganas de vivir, de compartir vivencias, ir creciendo, apoyarnos unos con otros porque ac\u00e1 no hab\u00eda instituciones que nos contuvieran al regreso. Aprendimos a trabajar en unidad, a velar por el compa\u00f1ero, por el vecino. Malvinas nos abri\u00f3 los ojos para entender qu\u00e9 es un pa\u00eds y qu\u00e9 es una familia. Con estas charlas y con estas reuniones queremos mostrar a la gente que el verdadero enemigo no est\u00e1 aqu\u00ed, est\u00e1 afuera\u201d<\/em>, y agreg\u00f3: <em>\u201cA partir de que el Estado y las instituciones han dejado de lado la cuesti\u00f3n de la soberan\u00eda, es importante que nosotros como organizaciones barriales, sindicales, de veteranos o de familiares estemos tirando para el mismo lado, porque si el Estado est\u00e1 ausente nos devoran los de afuera. Nosotros mismos tenemos que hacer nuestra defensa por el bien com\u00fan\u201d.<\/em><\/p>\n<p>Tambi\u00e9n estuvo presente <strong>Marcelo Pariente, secretario general de las 62 Organizaciones Gremiales Peronistas<\/strong>, desde la cual generaron una secretar\u00eda de Malvinas a cargo del combatiente C\u00e9sar Trejo. Sobre esto, Marcelo explic\u00f3 que: <em>\u201cEl objetivo es, a trav\u00e9s de las 62, contribuir a la malvinizaci\u00f3n del pueblo argentino y llevar esta tarea a las organizaciones sindicales a trav\u00e9s de la formaci\u00f3n, trabajando muy fuerte para poder generar la conciencia de soberan\u00eda que entendemos que los trabajadores y las trabajadoras tienen que tener. Vamos a ser los trabajadores, con las Organizaciones Sociales, los que vamos a trabajar en ese sentido, para que todos los compa\u00f1eros a quienes les rendimos homenaje no hayan dado su vida en vano y que haya tenido sentido ese enorme esfuerzo que hicieron para defender la soberan\u00eda nacional\u201d.<\/em><\/p>\n<p><strong>C\u00e9sar Trejo, combatiente y secretario de Malvinas de las 62 Organizaciones Gremiales Peronistas<\/strong>, quien adem\u00e1s tiene un importante recorrido de lucha por Malvinas, reflexion\u00f3 sobre el calado de esta causa en nuestro pueblo: <em>\u201cCuando nos roban territorio, cuando saquean nuestros bienes comunes y cuando nos hacen la guerra econ\u00f3mica endeud\u00e1ndonos, ah\u00ed est\u00e1 el enemigo que niega nuestra felicidad, nuestra vida, nuestra subsistencia y la justicia. Por eso tenemos bien en claro, aunque hayan querido acallarnos, qui\u00e9n es el enemigo. Liberaci\u00f3n o dependencia sigue siendo la disyuntiva que tenemos que pelear, vamos a tener que librar una segunda fase para la independencia definitiva, con amor a nuestro pueblo, unidos, solidarios, con las Organizaciones Sociales y Sindicales juntos para dar esas batallas\u201d<\/em>, y resalt\u00f3 la figura de los H\u00e9roes como ejemplo de lucha: <em>\u201c\u00bfQu\u00e9 decimos cuando decimos h\u00e9roes? El h\u00e9roe es nada m\u00e1s y nada menos que la encarnaci\u00f3n de la virtud, y la suprema virtud es dar la vida por los hermanos, como son h\u00e9roes tambi\u00e9n la inmensa mayor\u00eda de los argentinos que pese a esta grave crisis siguen so\u00f1ando con un pa\u00eds m\u00e1s justo y trabajando solidariamente.\u201d<\/em><\/p>\n<p>Tambi\u00e9n particip\u00f3 del homenaje <strong>Rafael Klejzer, referente del Movimiento Popular La Dignidad<\/strong>. <em>\u201cHace tiempo iniciamos una suerte de encuentro malvinero de Organizaciones que tienen como objetivo divulgar popularmente nuestros derechos genuinos, el entendimiento de nuestra historia y la proyecci\u00f3n soberana y estrat\u00e9gica de nuestro pa\u00eds sobre las Malvinas, el Atl\u00e1ntico Sur y la Ant\u00e1rtida, porque vemos que cuando las decisiones quedan en una \u00e9lite porte\u00f1a ilustrada terminan, hist\u00f3ricamente, en concepciones pro brit\u00e1nicas o pro libre comercio\u201d<\/em>, se expres\u00f3 sobre el aporte a la causa que los Movimientos Populares vienen llevando adelante en los territorios.<\/p>\n<p>Tambi\u00e9n particip\u00f3 de la mesa <strong>Lito Borello, coordinador nacional del Movimiento Popular Los Pibes<\/strong> y secretario de Derechos Humanos de la UTEP, quien plante\u00f3 la importancia de trabajar la soberan\u00eda como eje principal de los Movimientos en el contexto actual: <em>\u201cEstamos en un contexto de guerra mundial y de crisis civilizatoria, donde los poderosos del mundo est\u00e1n tratando a los bombazos de dirimir qui\u00e9n es el pr\u00f3ximo que nos va a seguir dominando. Es necesario que tengamos claro que nos siguen haciendo la guerra y que hay que librarla para ir por una transformaci\u00f3n profunda. Que les quede claro, que ac\u00e1 est\u00e1 el pueblo, que ac\u00e1 estamos los que nos las tatuamos y las llevamos en las banderas, porque las Malvinas son argentinas y volveremos.\u201d<\/em><\/p>\n<p>Reunidos en torno al monumento, los compa\u00f1eros y compa\u00f1eras de diversas organizaciones coreaban \u201cPatria si, colonia no\u201d, record\u00e1ndonos que hacer soberan\u00eda es ocupar el territorio, estar presentes, organizarnos para defendernos, cuidarnos, darnos de comer, trabajar y hacer posibles nuestros sue\u00f1os. Ejercemos soberan\u00eda construyendo comunidad en donde trabajamos y vivimos.<\/p>\n<p><img loading=\"lazy\" decoding=\"async\" class=\" wp-image-20850 aligncenter\" src=\"http:\/\/fmriachuelo.com.ar\/wp-content\/uploads\/2023\/06\/2237e14b-8612-476d-a47d-dab8faf34a98-300x200.jpg\" alt=\"\" width=\"375\" height=\"250\" \/><\/p>\n","protected":false},"excerpt":{"rendered":"<p>[FM Riachuelo, 15\/06\/2023] Ayer, 14 de junio, a 41 a\u00f1os del fin del enfrentamiento b\u00e9lico en las islas Malvinas, Movimientos Populares, Sindicatos, familiares y combatientes se encontraron frente al monumento a los H\u00e9roes, en la plaza San Martin de Retiro. Se conmemor\u00f3 a los compa\u00f1eros luchadores que sirvieron en la guerra de Malvinas y recuperamos [&hellip;]<\/p>\n","protected":false},"author":17,"featured_media":20848,"comment_status":"closed","ping_status":"closed","sticky":false,"template":"","format":"standard","meta":{"_monsterinsights_skip_tracking":false,"_monsterinsights_sitenote_active":false,"_monsterinsights_sitenote_note":"","_monsterinsights_sitenote_category":0,"jnews-multi-image_gallery":[],"jnews_single_post":{"format":"standard"},"jnews_primary_category":[],"_joinchat":[],"footnotes":""},"categories":[58],"tags":[153],"class_list":["post-20847","post","type-post","status-publish","format-standard","has-post-thumbnail","hentry","category-noticiariachuelo","tag-soberania-2"],"_links":{"self":[{"href":"http:\/\/fmriachuelo.it10.com.ar\/index.php\/wp-json\/wp\/v2\/posts\/20847","targetHints":{"allow":["GET"]}}],"collection":[{"href":"http:\/\/fmriachuelo.it10.com.ar\/index.php\/wp-json\/wp\/v2\/posts"}],"about":[{"href":"http:\/\/fmriachuelo.it10.com.ar\/index.php\/wp-json\/wp\/v2\/types\/post"}],"author":[{"embeddable":true,"href":"http:\/\/fmriachuelo.it10.com.ar\/index.php\/wp-json\/wp\/v2\/users\/17"}],"replies":[{"embeddable":true,"href":"http:\/\/fmriachuelo.it10.com.ar\/index.php\/wp-json\/wp\/v2\/comments?post=20847"}],"version-history":[{"count":1,"href":"http:\/\/fmriachuelo.it10.com.ar\/index.php\/wp-json\/wp\/v2\/posts\/20847\/revisions"}],"predecessor-version":[{"id":22035,"href":"http:\/\/fmriachuelo.it10.com.ar\/index.php\/wp-json\/wp\/v2\/posts\/20847\/revisions\/22035"}],"wp:featuredmedia":[{"embeddable":true,"href":"http:\/\/fmriachuelo.it10.com.ar\/index.php\/wp-json\/"}],"wp:attachment":[{"href":"http:\/\/fmriachuelo.it10.com.ar\/index.php\/wp-json\/wp\/v2\/media?parent=20847"}],"wp:term":[{"taxonomy":"category","embeddable":true,"href":"http:\/\/fmriachuelo.it10.com.ar\/index.php\/wp-json\/wp\/v2\/categories?post=20847"},{"taxonomy":"post_tag","embeddable":true,"href":"http:\/\/fmriachuelo.it10.com.ar\/index.php\/wp-json\/wp\/v2\/tags?post=20847"}],"curies":[{"name":"wp","href":"https:\/\/api.w.org\/{rel}","templated":true}]}}