{"id":20790,"date":"2023-05-25T22:28:31","date_gmt":"2023-05-25T22:28:31","guid":{"rendered":"http:\/\/fmriachuelo.com.ar\/?p=20790"},"modified":"2025-02-26T12:27:21","modified_gmt":"2025-02-26T15:27:21","slug":"recuperando-nuestro-pasado-construimos-nuestro-futuro","status":"publish","type":"post","link":"http:\/\/fmriachuelo.it10.com.ar\/index.php\/2023\/05\/25\/recuperando-nuestro-pasado-construimos-nuestro-futuro\/","title":{"rendered":"RECUPERANDO NUESTRO PASADO,  CONSTRUIMOS NUESTRO FUTURO"},"content":{"rendered":"\n<figure class=\"wp-block-image size-large\"><img loading=\"lazy\" decoding=\"async\" width=\"1024\" height=\"483\" src=\"http:\/\/fmriachuelo.it10.com.ar\/wp-content\/uploads\/2023\/06\/fmRiachuelo-1024x483.jpg\" alt=\"\" class=\"wp-image-20838\" srcset=\"http:\/\/fmriachuelo.it10.com.ar\/wp-content\/uploads\/2023\/06\/fmRiachuelo-1024x483.jpg 1024w, http:\/\/fmriachuelo.it10.com.ar\/wp-content\/uploads\/2023\/06\/fmRiachuelo-300x141.jpg 300w, http:\/\/fmriachuelo.it10.com.ar\/wp-content\/uploads\/2023\/06\/fmRiachuelo-768x362.jpg 768w, http:\/\/fmriachuelo.it10.com.ar\/wp-content\/uploads\/2023\/06\/fmRiachuelo-750x353.jpg 750w, http:\/\/fmriachuelo.it10.com.ar\/wp-content\/uploads\/2023\/06\/fmRiachuelo.jpg 1080w\" sizes=\"auto, (max-width: 1024px) 100vw, 1024px\" \/><\/figure>\n\n\n<p>[FM Riachuelo, 25\/05\/2023]&nbsp; Hoy 25 de Mayo, d\u00eda de reivindicaci\u00f3n y de lucha por nuestra soberan\u00eda, retomamos la historia de aquellos que dieron la vida&nbsp; en aquellas gestas patri\u00f3ticas por la liberaci\u00f3n de los pueblos. Hoy 213 a\u00f1os despu\u00e9s, los movimientos populares, las organizaciones barriales y los trabajadores con o sin patr\u00f3n sostenemos esos ideales que levantaban nuestros patriotas, de una patria grande justa, libre y soberana, haciendo la revoluci\u00f3n todos los d\u00edas en los barrios.<\/p>\n<p>Por ello bajo la consigna \u00ab25 de Mayo: las luchas de ayer y de hoy\u00bb conmemoramos un nuevo aniversario de la gesta patri\u00f3tica del 25 de mayo de 1810.<\/p>\n<p>Y celebrando los 27 a\u00f1os de nuestro Movimiento Popular Los Pibes,&nbsp; emitimos un Programa Especial,&nbsp; recogiendo los testimonios en las voces de nuestros compa\u00f1eres, quienes reflexionaron sobre estos nuevos tiempos de lucha, sin olvidar nuestra continuidad&nbsp; hist\u00f3rica.<\/p>\n<p>Reconoci\u00e9ndonos como patriotas de hoy, que al igual a quienes nos antecedieron, permanecemos de pie dando las peleas necesarias para lograr una PATRIA JUSTA LIBRE Y&nbsp;&nbsp; SOBERANA<\/p>\n<p>Escucha ahora el programa especial\ud83d\udc47<\/p>\n<p>https:\/\/ar.radiocut.fm\/audiocut\/emision-especial-rompe-cerco-en-un-nuevo-aniversario-patria\/<\/p>\n<p><\/p>\n<p><\/p>\n<p><\/p>","protected":false},"excerpt":{"rendered":"<p>[FM Riachuelo, 25\/05\/2023]&nbsp; Hoy 25 de Mayo, d\u00eda de reivindicaci\u00f3n y de lucha por nuestra soberan\u00eda, retomamos la historia de aquellos que dieron la vida&nbsp; en aquellas gestas patri\u00f3ticas por la liberaci\u00f3n de los pueblos. Hoy 213 a\u00f1os despu\u00e9s, los movimientos populares, las organizaciones barriales y los trabajadores con o sin patr\u00f3n sostenemos esos ideales [&hellip;]<\/p>\n","protected":false},"author":1,"featured_media":20814,"comment_status":"closed","ping_status":"closed","sticky":false,"template":"","format":"standard","meta":{"_monsterinsights_skip_tracking":false,"_monsterinsights_sitenote_active":false,"_monsterinsights_sitenote_note":"","_monsterinsights_sitenote_category":0,"jnews-multi-image_gallery":[],"jnews_single_post":{"subtitle":"","format":"standard","video":"","gallery":"","source_name":"","source_url":"","via_name":"","via_url":"","override_template":"0","override":[{"template":"3","single_blog_custom":"","parallax":"1","fullscreen":"1","layout":"right-sidebar","sidebar":"default-sidebar","second_sidebar":"default-sidebar","sticky_sidebar":"1","share_position":"top","share_float_style":"share-monocrhome","show_share_counter":"1","show_view_counter":"1","show_featured":"1","show_post_meta":"1","show_post_author":"0","show_post_author_image":"1","show_post_date":"1","post_date_format":"default","post_date_format_custom":"Y\/m\/d","show_post_category":"1","show_post_reading_time":"0","post_reading_time_wpm":"300","show_zoom_button":"0","zoom_button_out_step":"2","zoom_button_in_step":"3","show_post_tag":"1","show_prev_next_post":"1","show_popup_post":"1","number_popup_post":"1","show_author_box":"1","show_post_related":"0","show_inline_post_related":"0"}],"override_image_size":"0","image_override":[{"single_post_thumbnail_size":"crop-500","single_post_gallery_size":"crop-500"}],"trending_post":"0","trending_post_position":"meta","trending_post_label":"Trending","sponsored_post":"0","sponsored_post_label":"Sponsored by","sponsored_post_name":"","sponsored_post_url":"","sponsored_post_logo_enable":"0","sponsored_post_logo":"","sponsored_post_desc":"","disable_ad":"0"},"jnews_primary_category":{"id":"","hide":""},"_joinchat":[],"footnotes":""},"categories":[61],"tags":[154,153],"class_list":["post-20790","post","type-post","status-publish","format-standard","has-post-thumbnail","hentry","category-especiales-riachuelo","tag-economia-popular-2","tag-soberania-2"],"_links":{"self":[{"href":"http:\/\/fmriachuelo.it10.com.ar\/index.php\/wp-json\/wp\/v2\/posts\/20790","targetHints":{"allow":["GET"]}}],"collection":[{"href":"http:\/\/fmriachuelo.it10.com.ar\/index.php\/wp-json\/wp\/v2\/posts"}],"about":[{"href":"http:\/\/fmriachuelo.it10.com.ar\/index.php\/wp-json\/wp\/v2\/types\/post"}],"author":[{"embeddable":true,"href":"http:\/\/fmriachuelo.it10.com.ar\/index.php\/wp-json\/wp\/v2\/users\/1"}],"replies":[{"embeddable":true,"href":"http:\/\/fmriachuelo.it10.com.ar\/index.php\/wp-json\/wp\/v2\/comments?post=20790"}],"version-history":[{"count":2,"href":"http:\/\/fmriachuelo.it10.com.ar\/index.php\/wp-json\/wp\/v2\/posts\/20790\/revisions"}],"predecessor-version":[{"id":20979,"href":"http:\/\/fmriachuelo.it10.com.ar\/index.php\/wp-json\/wp\/v2\/posts\/20790\/revisions\/20979"}],"wp:featuredmedia":[{"embeddable":true,"href":"http:\/\/fmriachuelo.it10.com.ar\/index.php\/wp-json\/wp\/v2\/media\/20814"}],"wp:attachment":[{"href":"http:\/\/fmriachuelo.it10.com.ar\/index.php\/wp-json\/wp\/v2\/media?parent=20790"}],"wp:term":[{"taxonomy":"category","embeddable":true,"href":"http:\/\/fmriachuelo.it10.com.ar\/index.php\/wp-json\/wp\/v2\/categories?post=20790"},{"taxonomy":"post_tag","embeddable":true,"href":"http:\/\/fmriachuelo.it10.com.ar\/index.php\/wp-json\/wp\/v2\/tags?post=20790"}],"curies":[{"name":"wp","href":"https:\/\/api.w.org\/{rel}","templated":true}]}}