{"id":20771,"date":"2023-05-02T17:41:42","date_gmt":"2023-05-02T17:41:42","guid":{"rendered":"http:\/\/fmriachuelo.com.ar\/?p=20771"},"modified":"2025-02-26T12:29:41","modified_gmt":"2025-02-26T15:29:41","slug":"guerra-de-malvinas-el-hundimiento-del-ara-general-belgrano","status":"publish","type":"post","link":"http:\/\/fmriachuelo.it10.com.ar\/index.php\/2023\/05\/02\/guerra-de-malvinas-el-hundimiento-del-ara-general-belgrano\/","title":{"rendered":"GUERRA DE MALVINAS: EL HUNDIMIENTO DEL ARA GENERAL BELGRANO"},"content":{"rendered":"<p><strong>[FM Riachuelo, 02\/05\/2023] Cuando se habla de la guerra de Malvinas usualmente se traen im\u00e1genes sobre lo que fue el combate en las Islas. Poco se ense\u00f1a en las escuelas sobre todos los hechos que formaron parte del proceso. Tambi\u00e9n es el caso del aniversario del hundimiento del Ara General Belgrano, el 2 de mayo de 1982.<\/strong><\/p>\n<p><img loading=\"lazy\" decoding=\"async\" class=\"size-medium wp-image-20775 alignleft\" src=\"http:\/\/fmriachuelo.it10.com.ar\/wp-content\/uploads\/2023\/05\/WhatsApp-Image-2023-05-23-at-14.40.11-300x135.jpeg\" alt=\"\" width=\"300\" height=\"135\" srcset=\"http:\/\/fmriachuelo.it10.com.ar\/wp-content\/uploads\/2023\/05\/WhatsApp-Image-2023-05-23-at-14.40.11-300x135.jpeg 300w, http:\/\/fmriachuelo.it10.com.ar\/wp-content\/uploads\/2023\/05\/WhatsApp-Image-2023-05-23-at-14.40.11-1024x461.jpeg 1024w, http:\/\/fmriachuelo.it10.com.ar\/wp-content\/uploads\/2023\/05\/WhatsApp-Image-2023-05-23-at-14.40.11-768x346.jpeg 768w, http:\/\/fmriachuelo.it10.com.ar\/wp-content\/uploads\/2023\/05\/WhatsApp-Image-2023-05-23-at-14.40.11-1536x691.jpeg 1536w, http:\/\/fmriachuelo.it10.com.ar\/wp-content\/uploads\/2023\/05\/WhatsApp-Image-2023-05-23-at-14.40.11-750x338.jpeg 750w, http:\/\/fmriachuelo.it10.com.ar\/wp-content\/uploads\/2023\/05\/WhatsApp-Image-2023-05-23-at-14.40.11-1140x513.jpeg 1140w, http:\/\/fmriachuelo.it10.com.ar\/wp-content\/uploads\/2023\/05\/WhatsApp-Image-2023-05-23-at-14.40.11.jpeg 1600w\" sizes=\"auto, (max-width: 300px) 100vw, 300px\" \/><\/p>\n<p>Es importante aclarar que hasta esa fecha la guerra no hab\u00eda escalado a niveles altos. Hab\u00eda una situaci\u00f3n de tensi\u00f3n y puja por los territorios, pero exist\u00edan mediaciones que buscaban la paz en la ONU. Ahora bien, ser\u00eda errado pensar en este conflicto b\u00e9lico s\u00f3lo como una pelea por territorio. Si bien el pedido de devoluci\u00f3n de las Islas Malvinas hab\u00eda sido reiterado en varias ocasiones por el Estado argentino ante la ONU, cuando estalla este nuevo conflicto el estado brit\u00e1nico, que en ese entonces ten\u00eda a Margaret Thatcher como Primer Ministra, estaba dispuesta a hacer cueste lo que cueste para seguir teniendo el control de aquel enclave colonial de suma relevancia geopol\u00edtica. Es as\u00ed que, el 2 de mayo de 1982 desoyendo cualquier tipo de raz\u00f3n la ministra da la orden de hundir al Ara General Belgrano, un buque de guerra de la flota argentina. Se buscaba un hecho que no se pudiera desescalar, ya que una soluci\u00f3n pac\u00edfica hubiese significado una derrota pol\u00edtica.<\/p>\n<p>\u00bfQu\u00e9 indicios llevan a pensar sobre esta estrategia pol\u00edtica? C\u00e9sar Trejo, ex-combatiente de la guerra, detalla c\u00f3mo se sucedieron los hechos de ese ataque: <em>\u00abEl comandante del submarino brit\u00e1nico HMS Conqueror, se llamaba el Capit\u00e1n Redford Brown, se hizo repetir la orden en tres oportunidades. Hay una tradici\u00f3n en la armada brit\u00e1nica que un comandante de una unidad que recibe una orden directa de cumplir una misi\u00f3n, un ataque, por ejemplo, no puede hac\u00e9rselo repetir m\u00e1s de 3 veces. A la 4ta vez, el segundo comandante de esa unidad est\u00e1 habilitado para sacar la pistola y dispararle. \u00bfPor qu\u00e9 Redford Brown extrem\u00f3 la medida de hacerse repetir hasta la \u00faltima oportunidad la orden? Porque sab\u00eda que lo que estaba haciendo era incorrecto.\u00bb<\/em><\/p>\n<p><img loading=\"lazy\" decoding=\"async\" class=\"size-medium wp-image-20777 alignright\" src=\"http:\/\/fmriachuelo.it10.com.ar\/wp-content\/uploads\/2023\/05\/WhatsApp-Image-2023-05-23-at-14.40.09-300x135.jpeg\" alt=\"\" width=\"300\" height=\"135\" srcset=\"http:\/\/fmriachuelo.it10.com.ar\/wp-content\/uploads\/2023\/05\/WhatsApp-Image-2023-05-23-at-14.40.09-300x135.jpeg 300w, http:\/\/fmriachuelo.it10.com.ar\/wp-content\/uploads\/2023\/05\/WhatsApp-Image-2023-05-23-at-14.40.09-1024x461.jpeg 1024w, http:\/\/fmriachuelo.it10.com.ar\/wp-content\/uploads\/2023\/05\/WhatsApp-Image-2023-05-23-at-14.40.09-768x346.jpeg 768w, http:\/\/fmriachuelo.it10.com.ar\/wp-content\/uploads\/2023\/05\/WhatsApp-Image-2023-05-23-at-14.40.09-1536x691.jpeg 1536w, http:\/\/fmriachuelo.it10.com.ar\/wp-content\/uploads\/2023\/05\/WhatsApp-Image-2023-05-23-at-14.40.09-750x338.jpeg 750w, http:\/\/fmriachuelo.it10.com.ar\/wp-content\/uploads\/2023\/05\/WhatsApp-Image-2023-05-23-at-14.40.09-1140x513.jpeg 1140w, http:\/\/fmriachuelo.it10.com.ar\/wp-content\/uploads\/2023\/05\/WhatsApp-Image-2023-05-23-at-14.40.09.jpeg 1600w\" sizes=\"auto, (max-width: 300px) 100vw, 300px\" \/><\/p>\n<p>Seg\u00fan el art\u00edculo 51 de la Carta de las Naciones Unidas los pa\u00edses deben resolver los conflictos sin el uso de la fuerza, salvo cuando interviene el principio de leg\u00edtima defensa. Ahora bien, este principio no da autorizaci\u00f3n para hacer cualquier cosa. Hay unas reglas que se fueron construyendo entre las potencias de la \u00e9poca del siglo XIX y XX (entre ellas el propio Reino Unido), que tiene que ver con la limitaci\u00f3n al uso de la fuerza. Por ejemplo: uno s\u00ed toma prisioneros de guerra no los puede asesinar, ni obligar a hacer tareas peligrosas, ni los puede hambrear, ni dejar sin cuidado a su salud. Tambi\u00e9n existe una que determina cuando un blanco es l\u00edcito. Por ejemplo para poder hundir un buque de guerra, ese blanco tiene que estar significando una amenaza para la propia fuerza, un peligro inminente. Ahora bien, C\u00e9sar enumera distintas condiciones que determinan por qu\u00e9 el Belgrano no catalogaba como amenaza: <em>\u201cEl Belgrano cuando fue hundido despu\u00e9s de 30 horas de persecuci\u00f3n por parte del submarino Conqueror, estaba fuera de la zona de la zona de exclusi\u00f3n, bilateralmente declarada por el Reino Unido. Estaba a m\u00e1s de 350 kil\u00f3metros del buque brit\u00e1nico m\u00e1s pr\u00f3ximo, sus ca\u00f1ones llegaban a 25 kil\u00f3metros de alcance. Es decir que no significaba ning\u00fan peligro. Adem\u00e1s, estaba volviendo a su base. A pesar de esto fue atacado. No presentaba ninguna amenaza militar, s\u00f3lo significaba un objetivo pol\u00edtico.\u201d<\/em><\/p>\n<p><img loading=\"lazy\" decoding=\"async\" class=\"size-medium wp-image-20776 alignleft\" src=\"http:\/\/fmriachuelo.it10.com.ar\/wp-content\/uploads\/2023\/05\/WhatsApp-Image-2023-05-23-at-14.40.10-300x135.jpeg\" alt=\"\" width=\"300\" height=\"135\" srcset=\"http:\/\/fmriachuelo.it10.com.ar\/wp-content\/uploads\/2023\/05\/WhatsApp-Image-2023-05-23-at-14.40.10-300x135.jpeg 300w, http:\/\/fmriachuelo.it10.com.ar\/wp-content\/uploads\/2023\/05\/WhatsApp-Image-2023-05-23-at-14.40.10-1024x461.jpeg 1024w, http:\/\/fmriachuelo.it10.com.ar\/wp-content\/uploads\/2023\/05\/WhatsApp-Image-2023-05-23-at-14.40.10-768x346.jpeg 768w, http:\/\/fmriachuelo.it10.com.ar\/wp-content\/uploads\/2023\/05\/WhatsApp-Image-2023-05-23-at-14.40.10-1536x691.jpeg 1536w, http:\/\/fmriachuelo.it10.com.ar\/wp-content\/uploads\/2023\/05\/WhatsApp-Image-2023-05-23-at-14.40.10-750x338.jpeg 750w, http:\/\/fmriachuelo.it10.com.ar\/wp-content\/uploads\/2023\/05\/WhatsApp-Image-2023-05-23-at-14.40.10-1140x513.jpeg 1140w, http:\/\/fmriachuelo.it10.com.ar\/wp-content\/uploads\/2023\/05\/WhatsApp-Image-2023-05-23-at-14.40.10.jpeg 1600w\" sizes=\"auto, (max-width: 300px) 100vw, 300px\" \/><\/p>\n<p>Este testimonio demuestra que se viola el principio de proporcionalidad, ya que los torpedos utilizados por el buque brit\u00e1nico garantizaban que el Belgrano fuera hundido, no ponerlo fuera de combate. Adem\u00e1s signific\u00f3 tambi\u00e9n un crimen contra la paz, porque hab\u00eda mediaciones en ese momento que pod\u00edan terminar sin m\u00e1s violencia el tema del conflicto entre la Argentina y el Reino Unido. Ahora bien, \u00bfqu\u00e9 ha pasado que hoy en d\u00eda sigue sin poder juzgarse estos cr\u00edmenes de guerra? En el a\u00f1o 1989, el entonces presidente de la Naci\u00f3n Carlos Sa\u00fal Menem y su Canciller Domingo Felipe Cavallo, suscribieron declaraciones conjuntas, donde reanudaron las relaciones bilaterales con Gran Breta\u00f1a. En ese convenio firmado el 19 de octubre de 1989, la cl\u00e1usula tercera dispuso que ninguna de las partes har\u00e1 reclamo a la otra por los hechos acaecidos durante la guerra hasta la fecha. No es que realmente el Reino Unido tenga algo que reclamarnos. S\u00ed es el caso del pueblo argentino, que hasta la fecha no ha logrado conseguir justicia, no s\u00f3lo por los h\u00e9roes ca\u00eddos del Belgrano, sino en toda la guerra.<\/p>\n<p><img loading=\"lazy\" decoding=\"async\" class=\"size-medium wp-image-20781 alignright\" src=\"http:\/\/fmriachuelo.it10.com.ar\/wp-content\/uploads\/2023\/05\/IMG-20230523-WA0033-300x135.jpg\" alt=\"\" width=\"300\" height=\"135\" srcset=\"http:\/\/fmriachuelo.it10.com.ar\/wp-content\/uploads\/2023\/05\/IMG-20230523-WA0033-300x135.jpg 300w, http:\/\/fmriachuelo.it10.com.ar\/wp-content\/uploads\/2023\/05\/IMG-20230523-WA0033-1024x461.jpg 1024w, http:\/\/fmriachuelo.it10.com.ar\/wp-content\/uploads\/2023\/05\/IMG-20230523-WA0033-768x346.jpg 768w, http:\/\/fmriachuelo.it10.com.ar\/wp-content\/uploads\/2023\/05\/IMG-20230523-WA0033-1536x691.jpg 1536w, http:\/\/fmriachuelo.it10.com.ar\/wp-content\/uploads\/2023\/05\/IMG-20230523-WA0033-750x338.jpg 750w, http:\/\/fmriachuelo.it10.com.ar\/wp-content\/uploads\/2023\/05\/IMG-20230523-WA0033-1140x513.jpg 1140w, http:\/\/fmriachuelo.it10.com.ar\/wp-content\/uploads\/2023\/05\/IMG-20230523-WA0033.jpg 1600w\" sizes=\"auto, (max-width: 300px) 100vw, 300px\" \/><\/p>\n<p>Para los excombatientes el Belgrano represent\u00f3 el crimen que mayor cantidad de v\u00edctimas tom\u00f3, 323 de un total de 632 muertos durante la guerra, 17 murieron en el continente. Por lo tanto, m\u00e1s de la mitad de los ca\u00eddos en combate murieron en el Belgrano, de las 4 a las 5 de la tarde del 2 de mayo de 1982. Estos convenios firmados por Menem, conocidos como los acuerdos de Madrid I y II significaron, de alguna manera, la entrega del patrimonio Nacional y la firma de la derrota frente al imperialismo anglo-norteamericano. Adem\u00e1s sirvi\u00f3 tambi\u00e9n para que los sucesivos gobiernos argentinos no quisieran cumplir con su deber, que era presentar una demanda ante la Corte Internacional de Justicia de la Haya.<\/p>\n<p>\u00bfQu\u00e9 se hace entonces en la actualidad con un conflicto que no se ha resuelto y que deja una herida no s\u00f3lo en los excombatientes y sus familias sino tambi\u00e9n en la memoria colectiva de nuestro pueblo? \u00bfC\u00f3mo recuperar la historia para que sirva de ejemplo en las luchas que se nos vienen? C\u00e9sar opinaba al respecto:<em> \u201cPienso que Malvinas es un tema de absoluta actualidad, y de futuro. Es uno de los espacios territoriales que tienen una enorme importancia geopol\u00edtica, no dicho por nosotros sino demostrado por los propios brit\u00e1nicos que sostienen la empresa colonial junto con Estados Unidos, porque hay una base de la OTAN en nuestras Islas Malvinas. Por otro lado, hacemos historia para entender el presente y pensar el futuro. Sino no ser\u00eda de actualidad la gesta de independencia de la San Mart\u00edn, porque est\u00e1 distanciado dos siglos de nuestro presente. Sin embargo, es muy importante conocer c\u00f3mo se dio la guerra de la independencia, c\u00f3mo nos hicimos independientes del reino de Espa\u00f1a, y despu\u00e9s lamentablemente ca\u00edmos bajo la dependencia del imperio brit\u00e1nico. Entonces, la historia, aunque nos parezca un hecho lejano es la pol\u00edtica del pasado, y la pol\u00edtica de hoy es la historia del futuro. Por lo tanto hay una continuidad, y si no comprendemos de d\u00f3nde venimos, no sabemos d\u00f3nde estamos parados ni sabemos a d\u00f3nde vamos a ir.\u201d<\/em><\/p>\n<p><img loading=\"lazy\" decoding=\"async\" class=\"size-medium wp-image-20782 alignleft\" src=\"http:\/\/fmriachuelo.it10.com.ar\/wp-content\/uploads\/2023\/05\/IMG-20230523-WA0037-300x135.jpg\" alt=\"\" width=\"300\" height=\"135\" srcset=\"http:\/\/fmriachuelo.it10.com.ar\/wp-content\/uploads\/2023\/05\/IMG-20230523-WA0037-300x135.jpg 300w, http:\/\/fmriachuelo.it10.com.ar\/wp-content\/uploads\/2023\/05\/IMG-20230523-WA0037-1024x461.jpg 1024w, http:\/\/fmriachuelo.it10.com.ar\/wp-content\/uploads\/2023\/05\/IMG-20230523-WA0037-768x346.jpg 768w, http:\/\/fmriachuelo.it10.com.ar\/wp-content\/uploads\/2023\/05\/IMG-20230523-WA0037-1536x691.jpg 1536w, http:\/\/fmriachuelo.it10.com.ar\/wp-content\/uploads\/2023\/05\/IMG-20230523-WA0037-750x338.jpg 750w, http:\/\/fmriachuelo.it10.com.ar\/wp-content\/uploads\/2023\/05\/IMG-20230523-WA0037-1140x513.jpg 1140w, http:\/\/fmriachuelo.it10.com.ar\/wp-content\/uploads\/2023\/05\/IMG-20230523-WA0037.jpg 1600w\" sizes=\"auto, (max-width: 300px) 100vw, 300px\" \/><\/p>\n<p><span style=\"font-weight: 400\">C\u00e9sar, tambi\u00e9n se\u00f1ala el problema de la colonizaci\u00f3n en instituciones: <em>\u201cNo se trata de un problema de distancia temporal, de lo que se trata es de que los productores de sentido en la Argentina est\u00e1n colonizados, ese es el problema. La mayor\u00eda de las universidades, los acad\u00e9micos, los intelectuales, los comunicadores sociales y gran parte de la dirigencia pol\u00edtica est\u00e1 colonizada. (\u2026) El problema son los dirigentes, tenemos una necesidad de recambiar nuestras \u00e9lites, que no son dirigentes, que son t\u00edteres por derecha o por izquierda del saqueo colonial. Necesitamos una nueva dirigencia, real, que venga de abajo, que tenga ese sentimiento popular de amor a la Patria, y que no se corrompa por dos mangos con cincuenta ni por un mill\u00f3n, que tenga identidad y que sea leal al Pueblo. Si nosotros logramos eso, no tenemos techo.\u201d<\/em><\/span><\/p>\n<p><span style=\"font-weight: 400\">La lucha por obtener justicia sobre la causa Malvinas contin\u00faa y est\u00e1 presente en lo m\u00e1s profundo de nuestra identidad: <em>\u00abEl pueblo tiene claro qu\u00e9 significa la causa Malvinas, lo manifiesta en cientos de miles de huellas urbanas por todo el pa\u00eds, donde se entiende a Malvinas como una causa de autodefinici\u00f3n identitaria, autoafirmaci\u00f3n identitaria, de lucha contra el colonialismo, de reafirmaci\u00f3n del car\u00e1cter de nuestra condici\u00f3n de argentinas y argentinos. Lo ha manifestado hace 4 meses cuando fueron los festejos del mundial, donde adem\u00e1s de acordarse del gran Diego Maradona y del actual \u00eddolo futbol\u00edstico Lionel Messi, se habl\u00f3 de &#8216;los pibes de Malvinas que jam\u00e1s olvidar\u00e9'\u00bb.<\/em> Resulta importante entonces reflexionar sobre c\u00f3mo reivindicar a nuestros h\u00e9roes ca\u00eddos hoy en d\u00eda y conseguir la justicia que tenemos adeudada con los ex-combatientes y las familias, c\u00f3mo aportar a la lucha por tener una patria libre, justa y soberana.<\/span><\/p>\n<p><del><img loading=\"lazy\" decoding=\"async\" class=\"aligncenter wp-image-20783 size-large\" src=\"http:\/\/fmriachuelo.it10.com.ar\/wp-content\/uploads\/2023\/05\/IMG-20230523-WA0036-1025x461.jpg\" alt=\"\" width=\"640\" height=\"288\" \/><\/del><\/p>\n","protected":false},"excerpt":{"rendered":"<p>[FM Riachuelo, 02\/05\/2023] Cuando se habla de la guerra de Malvinas usualmente se traen im\u00e1genes sobre lo que fue el combate en las Islas. Poco se ense\u00f1a en las escuelas sobre todos los hechos que formaron parte del proceso. Tambi\u00e9n es el caso del aniversario del hundimiento del Ara General Belgrano, el 2 de mayo [&hellip;]<\/p>\n","protected":false},"author":1,"featured_media":20772,"comment_status":"closed","ping_status":"closed","sticky":false,"template":"","format":"standard","meta":{"_monsterinsights_skip_tracking":false,"_monsterinsights_sitenote_active":false,"_monsterinsights_sitenote_note":"","_monsterinsights_sitenote_category":0,"jnews-multi-image_gallery":[],"jnews_single_post":{"format":"standard"},"jnews_primary_category":[],"_joinchat":[],"footnotes":""},"categories":[58],"tags":[151,153],"class_list":["post-20771","post","type-post","status-publish","format-standard","has-post-thumbnail","hentry","category-noticiariachuelo","tag-ddhh","tag-soberania-2"],"_links":{"self":[{"href":"http:\/\/fmriachuelo.it10.com.ar\/index.php\/wp-json\/wp\/v2\/posts\/20771","targetHints":{"allow":["GET"]}}],"collection":[{"href":"http:\/\/fmriachuelo.it10.com.ar\/index.php\/wp-json\/wp\/v2\/posts"}],"about":[{"href":"http:\/\/fmriachuelo.it10.com.ar\/index.php\/wp-json\/wp\/v2\/types\/post"}],"author":[{"embeddable":true,"href":"http:\/\/fmriachuelo.it10.com.ar\/index.php\/wp-json\/wp\/v2\/users\/1"}],"replies":[{"embeddable":true,"href":"http:\/\/fmriachuelo.it10.com.ar\/index.php\/wp-json\/wp\/v2\/comments?post=20771"}],"version-history":[{"count":1,"href":"http:\/\/fmriachuelo.it10.com.ar\/index.php\/wp-json\/wp\/v2\/posts\/20771\/revisions"}],"predecessor-version":[{"id":22102,"href":"http:\/\/fmriachuelo.it10.com.ar\/index.php\/wp-json\/wp\/v2\/posts\/20771\/revisions\/22102"}],"wp:featuredmedia":[{"embeddable":true,"href":"http:\/\/fmriachuelo.it10.com.ar\/index.php\/wp-json\/wp\/v2\/media\/20772"}],"wp:attachment":[{"href":"http:\/\/fmriachuelo.it10.com.ar\/index.php\/wp-json\/wp\/v2\/media?parent=20771"}],"wp:term":[{"taxonomy":"category","embeddable":true,"href":"http:\/\/fmriachuelo.it10.com.ar\/index.php\/wp-json\/wp\/v2\/categories?post=20771"},{"taxonomy":"post_tag","embeddable":true,"href":"http:\/\/fmriachuelo.it10.com.ar\/index.php\/wp-json\/wp\/v2\/tags?post=20771"}],"curies":[{"name":"wp","href":"https:\/\/api.w.org\/{rel}","templated":true}]}}