{"id":20766,"date":"2023-05-18T22:00:26","date_gmt":"2023-05-18T22:00:26","guid":{"rendered":"http:\/\/fmriachuelo.com.ar\/?p=20766"},"modified":"2025-02-26T12:28:19","modified_gmt":"2025-02-26T15:28:19","slug":"jornada-nacional-de-lucha-contra-el-fmi-y-sus-politicas-intervencionistas","status":"publish","type":"post","link":"http:\/\/fmriachuelo.it10.com.ar\/index.php\/2023\/05\/18\/jornada-nacional-de-lucha-contra-el-fmi-y-sus-politicas-intervencionistas\/","title":{"rendered":"JORNADA NACIONAL DE LUCHA CONTRA EL FMI Y SUS POL\u00cdTICAS INTERVENCIONISTAS"},"content":{"rendered":"<p><strong>[FM Riachuelo, 18\/05\/2023] El d\u00eda de hoy los Movimientos Populares en UNIDAD colmaron la Av. 9 de julio frente al Ministerio de Desarrollo Social para demostrar que no se van a retroceder ni un paso frente a las pol\u00edticas del Fondo Monetario Internacional.<\/strong><\/p>\n<p><img loading=\"lazy\" decoding=\"async\" class=\"size-medium wp-image-20768 alignleft\" src=\"http:\/\/fmriachuelo.it10.com.ar\/wp-content\/uploads\/2023\/05\/WhatsApp-Image-2023-05-18-at-11.43.42-300x178.jpeg\" alt=\"\" width=\"300\" height=\"178\" srcset=\"http:\/\/fmriachuelo.it10.com.ar\/wp-content\/uploads\/2023\/05\/WhatsApp-Image-2023-05-18-at-11.43.42-300x178.jpeg 300w, http:\/\/fmriachuelo.it10.com.ar\/wp-content\/uploads\/2023\/05\/WhatsApp-Image-2023-05-18-at-11.43.42-1024x607.jpeg 1024w, http:\/\/fmriachuelo.it10.com.ar\/wp-content\/uploads\/2023\/05\/WhatsApp-Image-2023-05-18-at-11.43.42-768x455.jpeg 768w, http:\/\/fmriachuelo.it10.com.ar\/wp-content\/uploads\/2023\/05\/WhatsApp-Image-2023-05-18-at-11.43.42-1536x910.jpeg 1536w, http:\/\/fmriachuelo.it10.com.ar\/wp-content\/uploads\/2023\/05\/WhatsApp-Image-2023-05-18-at-11.43.42-750x444.jpeg 750w, http:\/\/fmriachuelo.it10.com.ar\/wp-content\/uploads\/2023\/05\/WhatsApp-Image-2023-05-18-at-11.43.42-1140x675.jpeg 1140w, http:\/\/fmriachuelo.it10.com.ar\/wp-content\/uploads\/2023\/05\/WhatsApp-Image-2023-05-18-at-11.43.42.jpeg 1600w\" sizes=\"auto, (max-width: 300px) 100vw, 300px\" \/><\/p>\n<p>En repudio la gesti\u00f3n de la Ministra Victoria Toloza Paz, la UTEP (Uni\u00f3n de Trabajadores de la Econom\u00eda Popular), Unidad Piquetera y la CTA Aut\u00f3noma realizaron una jornada de lucha hist\u00f3rica de alcance nacional. Consignas como: &#8216;fuera el FMI&#8217; o &#8216;bastar de hambrear al pueblo&#8217; se escucharon a lo largo y ancho del pa\u00eds, ya que resulta inconcebible entender como en un pa\u00eds donde la producci\u00f3n aumenta, la gente se empobrece cada vez m\u00e1s d\u00eda a d\u00eda.<\/p>\n<p>En un contexto de a\u00f1o electoral a la clase pol\u00edtica parece importarle m\u00e1s gestionar las pol\u00edticas de los capitales extranjeros que gobernar para el bien de su pueblo. Esto da a entender que los valores que impulsaban la construcci\u00f3n de un pa\u00eds soberano se dejaron olvidados en un caj\u00f3n de escritorio del Estado. Adem\u00e1s, lleva a analizar que los tiempos que se vienen para el sector trabajador van a ser complejos, y van a exigir estar a la altura de la lucha por los derechos de la patria.<\/p>\n<p><img loading=\"lazy\" decoding=\"async\" class=\"size-medium wp-image-20769 alignright\" src=\"http:\/\/fmriachuelo.it10.com.ar\/wp-content\/uploads\/2023\/05\/WhatsApp-Image-2023-05-18-at-10.58.35-300x169.jpeg\" alt=\"\" width=\"300\" height=\"169\" srcset=\"http:\/\/fmriachuelo.it10.com.ar\/wp-content\/uploads\/2023\/05\/WhatsApp-Image-2023-05-18-at-10.58.35-300x169.jpeg 300w, http:\/\/fmriachuelo.it10.com.ar\/wp-content\/uploads\/2023\/05\/WhatsApp-Image-2023-05-18-at-10.58.35-1024x576.jpeg 1024w, http:\/\/fmriachuelo.it10.com.ar\/wp-content\/uploads\/2023\/05\/WhatsApp-Image-2023-05-18-at-10.58.35-768x432.jpeg 768w, http:\/\/fmriachuelo.it10.com.ar\/wp-content\/uploads\/2023\/05\/WhatsApp-Image-2023-05-18-at-10.58.35-1536x864.jpeg 1536w, http:\/\/fmriachuelo.it10.com.ar\/wp-content\/uploads\/2023\/05\/WhatsApp-Image-2023-05-18-at-10.58.35-750x422.jpeg 750w, http:\/\/fmriachuelo.it10.com.ar\/wp-content\/uploads\/2023\/05\/WhatsApp-Image-2023-05-18-at-10.58.35-1140x641.jpeg 1140w, http:\/\/fmriachuelo.it10.com.ar\/wp-content\/uploads\/2023\/05\/WhatsApp-Image-2023-05-18-at-10.58.35.jpeg 1600w\" sizes=\"auto, (max-width: 300px) 100vw, 300px\" \/><\/p>\n<p>La concentraci\u00f3n del d\u00eda de hoy, el esp\u00edritu de lucha y militancia que circulaba en el microcentro porte\u00f1o da lugar a la esperanza y a la posibilidad de asegurar que hay un Pueblo que ya no espera, y que va luchar frente a aquellos que buscan robarnos nuestros sue\u00f1os de un mundo que merezca la pena ser vivido.<\/p>\n","protected":false},"excerpt":{"rendered":"<p>[FM Riachuelo, 18\/05\/2023] El d\u00eda de hoy los Movimientos Populares en UNIDAD colmaron la Av. 9 de julio frente al Ministerio de Desarrollo Social para demostrar que no se van a retroceder ni un paso frente a las pol\u00edticas del Fondo Monetario Internacional. En repudio la gesti\u00f3n de la Ministra Victoria Toloza Paz, la UTEP [&hellip;]<\/p>\n","protected":false},"author":1,"featured_media":20767,"comment_status":"closed","ping_status":"closed","sticky":false,"template":"","format":"standard","meta":{"_monsterinsights_skip_tracking":false,"_monsterinsights_sitenote_active":false,"_monsterinsights_sitenote_note":"","_monsterinsights_sitenote_category":0,"jnews-multi-image_gallery":[],"jnews_single_post":{"format":"standard"},"jnews_primary_category":[],"_joinchat":[],"footnotes":""},"categories":[58],"tags":[154,103,153],"class_list":["post-20766","post","type-post","status-publish","format-standard","has-post-thumbnail","hentry","category-noticiariachuelo","tag-economia-popular-2","tag-movimientos-populares","tag-soberania-2"],"_links":{"self":[{"href":"http:\/\/fmriachuelo.it10.com.ar\/index.php\/wp-json\/wp\/v2\/posts\/20766","targetHints":{"allow":["GET"]}}],"collection":[{"href":"http:\/\/fmriachuelo.it10.com.ar\/index.php\/wp-json\/wp\/v2\/posts"}],"about":[{"href":"http:\/\/fmriachuelo.it10.com.ar\/index.php\/wp-json\/wp\/v2\/types\/post"}],"author":[{"embeddable":true,"href":"http:\/\/fmriachuelo.it10.com.ar\/index.php\/wp-json\/wp\/v2\/users\/1"}],"replies":[{"embeddable":true,"href":"http:\/\/fmriachuelo.it10.com.ar\/index.php\/wp-json\/wp\/v2\/comments?post=20766"}],"version-history":[{"count":1,"href":"http:\/\/fmriachuelo.it10.com.ar\/index.php\/wp-json\/wp\/v2\/posts\/20766\/revisions"}],"predecessor-version":[{"id":22101,"href":"http:\/\/fmriachuelo.it10.com.ar\/index.php\/wp-json\/wp\/v2\/posts\/20766\/revisions\/22101"}],"wp:featuredmedia":[{"embeddable":true,"href":"http:\/\/fmriachuelo.it10.com.ar\/index.php\/wp-json\/wp\/v2\/media\/20767"}],"wp:attachment":[{"href":"http:\/\/fmriachuelo.it10.com.ar\/index.php\/wp-json\/wp\/v2\/media?parent=20766"}],"wp:term":[{"taxonomy":"category","embeddable":true,"href":"http:\/\/fmriachuelo.it10.com.ar\/index.php\/wp-json\/wp\/v2\/categories?post=20766"},{"taxonomy":"post_tag","embeddable":true,"href":"http:\/\/fmriachuelo.it10.com.ar\/index.php\/wp-json\/wp\/v2\/tags?post=20766"}],"curies":[{"name":"wp","href":"https:\/\/api.w.org\/{rel}","templated":true}]}}