{"id":20760,"date":"2023-05-01T11:39:30","date_gmt":"2023-05-01T11:39:30","guid":{"rendered":"http:\/\/fmriachuelo.com.ar\/?p=20683"},"modified":"2025-02-26T12:30:40","modified_gmt":"2025-02-26T15:30:40","slug":"finaliza-el-curso-de-pesca-artesanal","status":"publish","type":"post","link":"http:\/\/fmriachuelo.it10.com.ar\/index.php\/2023\/05\/01\/finaliza-el-curso-de-pesca-artesanal\/","title":{"rendered":"FINALIZA EL CURSO DE PESCA ARTESANAL"},"content":{"rendered":"<p><strong>[Cooperativa La Boya*, 30\/04\/2023] Est\u00e1 semana terminamos una etapa de fuerte importancia para nuestra cooperativa y para la regi\u00f3n, un objetico que se plante a finales del 2022, finalmente rindieron los ex\u00e1menes Patr\u00f3n Motorista de 3ra la primera camada de m\u00e1s de 100 participantes del curso y quienes aprobaron, se preparan a encarar los tr\u00e1mites para obtener su certificado.<\/strong><\/p>\n<p><img loading=\"lazy\" decoding=\"async\" class=\"size-medium wp-image-20684 alignleft\" src=\"http:\/\/fmriachuelo.it10.com.ar\/wp-content\/uploads\/2023\/05\/FB_IMG_1682941190089-300x225.jpg\" alt=\"\" width=\"300\" height=\"225\"><\/p>\n<p>Un derecho que parec\u00eda imposible -acceder al certificado de Patr\u00f3n- hoy se conquista gracias a la unidad y la organizaci\u00f3n de la familia de la Pesca Artesanal de la Bah\u00eda.<\/p>\n<p>Queremos resaltar la profunda integraci\u00f3n entre los participantes de esta colaci\u00f3n. Desde pescadores de familias del oficio y marineros haciendo sus primeros pasos en el oficio, hasta el Secretario de Derechos Humanos de la UTEP Lito Borello, desde San Clemente llegaron Cuidadores de la Casa Com\u00fan y se unieron con la tripulaci\u00f3n de la flota PATRIOTA de Pipinas, hasta pescadores de Atalaya y Quilmes.<\/p>\n<p><img loading=\"lazy\" decoding=\"async\" class=\"size-medium wp-image-20685 alignright\" src=\"http:\/\/fmriachuelo.it10.com.ar\/wp-content\/uploads\/2023\/05\/FB_IMG_1682941195149-300x135.jpg\" alt=\"\" width=\"300\" height=\"135\"><\/p>\n<p>Tambi\u00e9n debemos destacar el respeto y la buena voluntad que tuvieron los trabajadores de Prefectura por los trabajadores de la Pesca Artesanal, para que aprendamos formas de trabajo que nos permitan navegar seguros y cuidados.<\/p>\n<p>Para terminar est\u00e1 reflexi\u00f3n, queremos invitarles a compartir la inauguraci\u00f3n de nuestro espacio de trabajo, este pr\u00f3ximo Lunes 1\u00ba de Mayo, d\u00f3nde realizaremos una asamblea para seguir planificando y organiz\u00e1ndonos para continuar con la defensa de nuevos derechos de los pescadores, para construir d\u00eda a d\u00eda el pueblo y el mundo que so\u00f1amos.<\/p>\n<p>&nbsp;<\/p>\n<p><strong>*Cooperativa La Boya: es una cooperativa de Pesca Artesanal de Punta Indio, Provincia de Buenos Aires.&nbsp;<\/strong><\/p>\n<p><a href=\"https:\/\/www.facebook.com\/COOP.LA.BOYA?mibextid=ZbWKwL\">https:\/\/www.facebook.com\/COOP.LA.BOYA?mibextid=ZbWKwL<\/a><\/p>\n","protected":false},"excerpt":{"rendered":"<p>[Cooperativa La Boya*, 30\/04\/2023] Est\u00e1 semana terminamos una etapa de fuerte importancia para nuestra cooperativa y para la regi\u00f3n, un objetico que se plante a finales del 2022, finalmente rindieron los ex\u00e1menes Patr\u00f3n Motorista de 3ra la primera camada de m\u00e1s de 100 participantes del curso y quienes aprobaron, se preparan a encarar los tr\u00e1mites [&hellip;]<\/p>\n","protected":false},"author":1,"featured_media":20974,"comment_status":"closed","ping_status":"closed","sticky":false,"template":"","format":"standard","meta":{"_monsterinsights_skip_tracking":false,"_monsterinsights_sitenote_active":false,"_monsterinsights_sitenote_note":"","_monsterinsights_sitenote_category":0,"jnews-multi-image_gallery":[],"jnews_single_post":{"subtitle":"","format":"standard","video":"","gallery":"","source_name":"","source_url":"","via_name":"","via_url":"","override_template":"0","override":[{"template":"3","single_blog_custom":"","parallax":"1","fullscreen":"1","layout":"right-sidebar","sidebar":"default-sidebar","second_sidebar":"default-sidebar","sticky_sidebar":"1","share_position":"top","share_float_style":"share-monocrhome","show_share_counter":"1","show_view_counter":"1","show_featured":"1","show_post_meta":"1","show_post_author":"0","show_post_author_image":"1","show_post_date":"1","post_date_format":"default","post_date_format_custom":"Y\/m\/d","show_post_category":"1","show_post_reading_time":"0","post_reading_time_wpm":"300","show_zoom_button":"0","zoom_button_out_step":"2","zoom_button_in_step":"3","show_post_tag":"1","show_prev_next_post":"1","show_popup_post":"1","number_popup_post":"1","show_author_box":"1","show_post_related":"0","show_inline_post_related":"0"}],"override_image_size":"0","image_override":[{"single_post_thumbnail_size":"crop-500","single_post_gallery_size":"crop-500"}],"trending_post":"0","trending_post_position":"meta","trending_post_label":"Trending","sponsored_post":"0","sponsored_post_label":"Sponsored by","sponsored_post_name":"","sponsored_post_url":"","sponsored_post_logo_enable":"0","sponsored_post_logo":"","sponsored_post_desc":"","disable_ad":"0"},"jnews_primary_category":{"id":"","hide":""},"_joinchat":[],"footnotes":""},"categories":[58],"tags":[154,155,94],"class_list":["post-20760","post","type-post","status-publish","format-standard","has-post-thumbnail","hentry","category-noticiariachuelo","tag-economia-popular-2","tag-educacion-popular-2","tag-soberania-alimentaria"],"_links":{"self":[{"href":"http:\/\/fmriachuelo.it10.com.ar\/index.php\/wp-json\/wp\/v2\/posts\/20760","targetHints":{"allow":["GET"]}}],"collection":[{"href":"http:\/\/fmriachuelo.it10.com.ar\/index.php\/wp-json\/wp\/v2\/posts"}],"about":[{"href":"http:\/\/fmriachuelo.it10.com.ar\/index.php\/wp-json\/wp\/v2\/types\/post"}],"author":[{"embeddable":true,"href":"http:\/\/fmriachuelo.it10.com.ar\/index.php\/wp-json\/wp\/v2\/users\/1"}],"replies":[{"embeddable":true,"href":"http:\/\/fmriachuelo.it10.com.ar\/index.php\/wp-json\/wp\/v2\/comments?post=20760"}],"version-history":[{"count":1,"href":"http:\/\/fmriachuelo.it10.com.ar\/index.php\/wp-json\/wp\/v2\/posts\/20760\/revisions"}],"predecessor-version":[{"id":20975,"href":"http:\/\/fmriachuelo.it10.com.ar\/index.php\/wp-json\/wp\/v2\/posts\/20760\/revisions\/20975"}],"wp:featuredmedia":[{"embeddable":true,"href":"http:\/\/fmriachuelo.it10.com.ar\/index.php\/wp-json\/wp\/v2\/media\/20974"}],"wp:attachment":[{"href":"http:\/\/fmriachuelo.it10.com.ar\/index.php\/wp-json\/wp\/v2\/media?parent=20760"}],"wp:term":[{"taxonomy":"category","embeddable":true,"href":"http:\/\/fmriachuelo.it10.com.ar\/index.php\/wp-json\/wp\/v2\/categories?post=20760"},{"taxonomy":"post_tag","embeddable":true,"href":"http:\/\/fmriachuelo.it10.com.ar\/index.php\/wp-json\/wp\/v2\/tags?post=20760"}],"curies":[{"name":"wp","href":"https:\/\/api.w.org\/{rel}","templated":true}]}}