{"id":20758,"date":"2023-04-21T22:33:54","date_gmt":"2023-04-21T22:33:54","guid":{"rendered":"http:\/\/fmriachuelo.com.ar\/?p=20649"},"modified":"2025-02-26T12:36:47","modified_gmt":"2025-02-26T15:36:47","slug":"los-pueblos-de-nuestra-america-india-y-mestiza-resistimos-la-recolonizacion-de-nuestros-territorios","status":"publish","type":"post","link":"http:\/\/fmriachuelo.it10.com.ar\/index.php\/2023\/04\/21\/los-pueblos-de-nuestra-america-india-y-mestiza-resistimos-la-recolonizacion-de-nuestros-territorios\/","title":{"rendered":"LOS PUEBLOS DE NUESTRA AMERICA INDIA Y MESTIZA RESISTIMOS LA RECOLONIZACION DE NUESTROS TERRITORIOS"},"content":{"rendered":"<p><strong>[Radio Rebeld\u00eda*, 21\/04\/2023] Nuevamente la visita a nuestro pa\u00eds de la Jefa del Comando Sur de EEUU, Laura Richardson, se enmarca en la injerencia que imponen los poderes facticos en Nuestra Am\u00e9rica, en el marco de la Crisis Civilizatoria que se despliega por todo el planeta.<\/strong><\/p>\n<p>Claramente en nuestra regi\u00f3n esto se expresa como un PROCESO DE RECOLONIZACION que se da con un claro objetivo: quedarse con nuestras riquezas y bienes naturales, y seguir encontrando un nuevo modo de dominaci\u00f3n de territorios ancestrales de nuestros pueblos como parte de la disputa por la hegemon\u00eda global. Tanto EEUU, como China y Rusia, disputan nuestros bienes comunes, en el marco de una contienda declarada a nuestros Pueblos donde los gobiernos de turno se ven condicionados, c\u00f3modamente o no, y se alinean, llevando a las comunidades que deben representar, a una guerra de rapi\u00f1a imperial en la cual los intereses soberanos populares son dejados de lado y pisoteados por la bota racista y supremacista colonial de las corporaciones financieras y olig\u00e1rquicas.<\/p>\n<p><img loading=\"lazy\" decoding=\"async\" class=\"size-medium wp-image-20651 alignleft\" src=\"http:\/\/fmriachuelo.it10.com.ar\/wp-content\/uploads\/2023\/04\/WhatsApp-Image-2023-04-21-at-19.28.41-300x169.jpeg\" alt=\"\" width=\"300\" height=\"169\">As\u00ed es que esta semana, en el marco de la Semana de los Pueblos Originarios, del 19 al 25 de Abril, y <strong>en el marco de nuestro anual pedido de libertad a las y los luchadores en el D\u00eda Internacional de las y los presos pol\u00edticos, el Movimiento Popular Los Pibes y Convocatoria Segunda Independencia, luego de la movilizaci\u00f3n contra el FMI al Ministerio de Econom\u00eda de la Naci\u00f3n junto a organizaciones sociales y sindicales; marcharon acompa\u00f1ando a las y los hermanos de pueblos originarios desde Congreso a Plaza de Mayo.<\/strong> En dicha movilizaci\u00f3n se volvi\u00f3 a repudiar a los colonizadores que pisan nuestras tierras, y que se sientan en los despachos de nuestro Poder Ejecutivo a tomar decisiones, y cierran acuerdos de saqueo con los gobiernos provinciales jurando sobre la Constituci\u00f3n neoliberal del \u00b494.<\/p>\n<p><img loading=\"lazy\" decoding=\"async\" class=\"size-medium wp-image-20652 alignright\" src=\"http:\/\/fmriachuelo.it10.com.ar\/wp-content\/uploads\/2023\/04\/WhatsApp-Image-2023-04-21-at-19.31.42-300x157.jpeg\" alt=\"\" width=\"300\" height=\"157\" srcset=\"http:\/\/fmriachuelo.it10.com.ar\/wp-content\/uploads\/2023\/04\/WhatsApp-Image-2023-04-21-at-19.31.42-300x157.jpeg 300w, http:\/\/fmriachuelo.it10.com.ar\/wp-content\/uploads\/2023\/04\/WhatsApp-Image-2023-04-21-at-19.31.42-1024x536.jpeg 1024w, http:\/\/fmriachuelo.it10.com.ar\/wp-content\/uploads\/2023\/04\/WhatsApp-Image-2023-04-21-at-19.31.42-768x402.jpeg 768w, http:\/\/fmriachuelo.it10.com.ar\/wp-content\/uploads\/2023\/04\/WhatsApp-Image-2023-04-21-at-19.31.42-750x393.jpeg 750w, http:\/\/fmriachuelo.it10.com.ar\/wp-content\/uploads\/2023\/04\/WhatsApp-Image-2023-04-21-at-19.31.42-1140x597.jpeg 1140w, http:\/\/fmriachuelo.it10.com.ar\/wp-content\/uploads\/2023\/04\/WhatsApp-Image-2023-04-21-at-19.31.42.jpeg 1280w\" sizes=\"auto, (max-width: 300px) 100vw, 300px\" \/>Un saqueo y ocupaci\u00f3n territorial que viola sistem\u00e1ticamente la Soberan\u00eda y la Autodeterminaci\u00f3n de nuestro Pueblo diverso y humilde, y vulnera los derechos de nuestra Madre Tierra. Se suman al repudio al ajuste, intervencionismo, a las pol\u00edticas de salarios de pobreza, de hambre y desindustrializaci\u00f3n, al reclamo del cese de las persecuciones y procesamientos a luchadoras y luchadores pol\u00edticos, sociales y sindicales, el reconocimiento del genocidio de nuestros pueblos originarios, la concreci\u00f3n de la debida reparaci\u00f3n hist\u00f3rica, y el reconocimiento de las tierras ancestrales para la construcci\u00f3n y desarrollo de la vida comunitaria en recuperaci\u00f3n de saberes y soberan\u00eda alimentaria y medicinal que necesitamos; por \u00faltimo entre los puntos en el petitorio entregado al Presidente de la Naci\u00f3n, se enfatiz\u00f3 el reconocimiento de nuestra Madre Tierra como sujeto de derecho debi\u00e9ndole respeto humano en su integridad, armon\u00eda y abundancia de vida que nos protege y alimenta.<\/p>\n<p>En esta crisis civilizatoria de la ca\u00edda de la mentira de occidente sobre un sistema de acumulaci\u00f3n de riquezas en pocas manos que evidencia no interesarle ni las democracias ni el bien com\u00fan de las mayor\u00edas populares, la legalidad instituida deber\u00e1 comprender y asimilar las transformaciones de la din\u00e1mica del Pueblo Constituyente que exige ser escuchado por la supervivencia de todas, todos y del Todo; o el torrente hist\u00f3rico descolonizador independentista de nuestros pueblos avanzar\u00e1 abri\u00e9ndose cause con acciones concretas de lucha hacia la Tierra sin Mal, <strong>UNIENDOSE DESDE ABAJO Y ORGANIZANDOSE COMBATIENDO<\/strong>.<\/p>\n<p>&nbsp;<\/p>\n<p><strong>*Radio online y revista digital:<\/strong>&nbsp;<a href=\"https:\/\/enargentinaradiorebeldia.blogspot.com\/\">https:\/\/enargentinaradiorebeldia.blogspot.com\/<\/a><\/p>\n","protected":false},"excerpt":{"rendered":"<p>[Radio Rebeld\u00eda*, 21\/04\/2023] Nuevamente la visita a nuestro pa\u00eds de la Jefa del Comando Sur de EEUU, Laura Richardson, se enmarca en la injerencia que imponen los poderes facticos en Nuestra Am\u00e9rica, en el marco de la Crisis Civilizatoria que se despliega por todo el planeta. Claramente en nuestra regi\u00f3n esto se expresa como un [&hellip;]<\/p>\n","protected":false},"author":1,"featured_media":20840,"comment_status":"closed","ping_status":"closed","sticky":false,"template":"","format":"standard","meta":{"_monsterinsights_skip_tracking":false,"_monsterinsights_sitenote_active":false,"_monsterinsights_sitenote_note":"","_monsterinsights_sitenote_category":0,"jnews-multi-image_gallery":[],"jnews_single_post":{"subtitle":"","format":"standard","video":"","gallery":"","source_name":"","source_url":"","via_name":"","via_url":"","override_template":"0","override":[{"template":"3","single_blog_custom":"","parallax":"1","fullscreen":"1","layout":"right-sidebar","sidebar":"default-sidebar","second_sidebar":"default-sidebar","sticky_sidebar":"1","share_position":"top","share_float_style":"share-monocrhome","show_share_counter":"1","show_view_counter":"1","show_featured":"1","show_post_meta":"1","show_post_author":"0","show_post_author_image":"1","show_post_date":"1","post_date_format":"default","post_date_format_custom":"Y\/m\/d","show_post_category":"1","show_post_reading_time":"0","post_reading_time_wpm":"300","show_zoom_button":"0","zoom_button_out_step":"2","zoom_button_in_step":"3","show_post_tag":"1","show_prev_next_post":"1","show_popup_post":"1","number_popup_post":"1","show_author_box":"1","show_post_related":"0","show_inline_post_related":"0"}],"override_image_size":"0","image_override":[{"single_post_thumbnail_size":"crop-500","single_post_gallery_size":"crop-500"}],"trending_post":"0","trending_post_position":"meta","trending_post_label":"Trending","sponsored_post":"0","sponsored_post_label":"Sponsored by","sponsored_post_name":"","sponsored_post_url":"","sponsored_post_logo_enable":"0","sponsored_post_logo":"","sponsored_post_desc":"","disable_ad":"0"},"jnews_primary_category":{"id":"","hide":""},"_joinchat":[],"footnotes":""},"categories":[60],"tags":[70,73],"class_list":["post-20758","post","type-post","status-publish","format-standard","has-post-thumbnail","hentry","category-mirada-riachuelo","tag-de-la-patria-grande","tag-nuestrargentina"],"_links":{"self":[{"href":"http:\/\/fmriachuelo.it10.com.ar\/index.php\/wp-json\/wp\/v2\/posts\/20758","targetHints":{"allow":["GET"]}}],"collection":[{"href":"http:\/\/fmriachuelo.it10.com.ar\/index.php\/wp-json\/wp\/v2\/posts"}],"about":[{"href":"http:\/\/fmriachuelo.it10.com.ar\/index.php\/wp-json\/wp\/v2\/types\/post"}],"author":[{"embeddable":true,"href":"http:\/\/fmriachuelo.it10.com.ar\/index.php\/wp-json\/wp\/v2\/users\/1"}],"replies":[{"embeddable":true,"href":"http:\/\/fmriachuelo.it10.com.ar\/index.php\/wp-json\/wp\/v2\/comments?post=20758"}],"version-history":[{"count":1,"href":"http:\/\/fmriachuelo.it10.com.ar\/index.php\/wp-json\/wp\/v2\/posts\/20758\/revisions"}],"predecessor-version":[{"id":20841,"href":"http:\/\/fmriachuelo.it10.com.ar\/index.php\/wp-json\/wp\/v2\/posts\/20758\/revisions\/20841"}],"wp:featuredmedia":[{"embeddable":true,"href":"http:\/\/fmriachuelo.it10.com.ar\/index.php\/wp-json\/wp\/v2\/media\/20840"}],"wp:attachment":[{"href":"http:\/\/fmriachuelo.it10.com.ar\/index.php\/wp-json\/wp\/v2\/media?parent=20758"}],"wp:term":[{"taxonomy":"category","embeddable":true,"href":"http:\/\/fmriachuelo.it10.com.ar\/index.php\/wp-json\/wp\/v2\/categories?post=20758"},{"taxonomy":"post_tag","embeddable":true,"href":"http:\/\/fmriachuelo.it10.com.ar\/index.php\/wp-json\/wp\/v2\/tags?post=20758"}],"curies":[{"name":"wp","href":"https:\/\/api.w.org\/{rel}","templated":true}]}}