{"id":20660,"date":"2023-04-22T18:01:27","date_gmt":"2023-04-22T18:01:27","guid":{"rendered":"http:\/\/fmriachuelo.com.ar\/?p=20660"},"modified":"2025-02-26T12:33:05","modified_gmt":"2025-02-26T15:33:05","slug":"22a-dia-internacional-de-la-madre-tierra","status":"publish","type":"post","link":"http:\/\/fmriachuelo.it10.com.ar\/index.php\/2023\/04\/22\/22a-dia-internacional-de-la-madre-tierra\/","title":{"rendered":"22A DIA INTERNACIONAL DE LA MADRE TIERRA"},"content":{"rendered":"<p class=\"title\"><strong>[CUIDADORAS Y CUIDADORES DE LA CASA COMUN FOGATA, 22\/04\/2023]\u00a0Dicen los guaran\u00edes: \u00abLa tierra es nuestra madre, es nuestra vida y es nuestra libertad\u00bb Tambi\u00e9n las comunidades collas expresan un sentimiento que se resume en la siguiente frase: \u00abEn nuestra mente, en nuestros labios y en nuestro coraz\u00f3n est\u00e1 nuestra Pachamama\u00bb. Pero \u00abla tierra no nos pertenece sino que nosotros pertenecemos a ella porque somos sus hijos\u00bb dec\u00eda un anciano de la tribu Seattle, de Norteam\u00e9rica.<\/strong><\/p>\n<p>\u00ab\u00bfTiene due\u00f1o la tierra? \u00bfC\u00f3mo as\u00ed? \u00bfC\u00f3mo se ha de vender? \u00bfC\u00f3mo se ha de comprar? Si ella no nos pertenece, pues. Nosotros somos de ella. Sus hijos somos.<\/p>\n<p>As\u00ed siempre, siempre. Tierra viva. Como cr\u00eda a los gusanos, as\u00ed nos cr\u00eda. Tiene huesos y sangre. Leche tiene, y nos da de mamar. Pelo tiene, pasto, paja, \u00e1rboles. Ella sabe parir papas. Hace nacer casas. Gente hace nacer. Ella nos cuida y nosotros la cuidamos. Ella bebe chicha, acepta nuestro convite. Hijos suyos somos. \u00bfC\u00f3mo se ha de vender? \u00bfC\u00f3mo se ha de comprar?\u00bb<\/p>\n<p>Eduardo Galeano<\/p>\n<p><a href=\"https:\/\/comunidadfogata.blogspot.com\/2023\/04\/dia-internacional-de-la-madre-tierra.html\">https:\/\/comunidadfogata.blogspot.com\/2023\/04\/dia-internacional-de-la-madre-tierra.html<\/a><\/p>\n","protected":false},"excerpt":{"rendered":"<p>[CUIDADORAS Y CUIDADORES DE LA CASA COMUN FOGATA, 22\/04\/2023]\u00a0Dicen los guaran\u00edes: \u00abLa tierra es nuestra madre, es nuestra vida y es nuestra libertad\u00bb Tambi\u00e9n las comunidades collas expresan un sentimiento que se resume en la siguiente frase: \u00abEn nuestra mente, en nuestros labios y en nuestro coraz\u00f3n est\u00e1 nuestra Pachamama\u00bb. Pero \u00abla tierra no nos [&hellip;]<\/p>\n","protected":false},"author":1,"featured_media":20842,"comment_status":"closed","ping_status":"closed","sticky":false,"template":"","format":"standard","meta":{"_monsterinsights_skip_tracking":false,"_monsterinsights_sitenote_active":false,"_monsterinsights_sitenote_note":"","_monsterinsights_sitenote_category":0,"jnews-multi-image_gallery":[],"jnews_single_post":{"subtitle":"","format":"standard","video":"","gallery":"","source_name":"","source_url":"","via_name":"","via_url":"","override_template":"0","override":[{"template":"3","single_blog_custom":"","parallax":"1","fullscreen":"1","layout":"right-sidebar","sidebar":"default-sidebar","second_sidebar":"default-sidebar","sticky_sidebar":"1","share_position":"top","share_float_style":"share-monocrhome","show_share_counter":"1","show_view_counter":"1","show_featured":"1","show_post_meta":"1","show_post_author":"0","show_post_author_image":"1","show_post_date":"1","post_date_format":"default","post_date_format_custom":"Y\/m\/d","show_post_category":"1","show_post_reading_time":"0","post_reading_time_wpm":"300","show_zoom_button":"0","zoom_button_out_step":"2","zoom_button_in_step":"3","show_post_tag":"1","show_prev_next_post":"1","show_popup_post":"1","number_popup_post":"1","show_author_box":"1","show_post_related":"0","show_inline_post_related":"0"}],"override_image_size":"0","image_override":[{"single_post_thumbnail_size":"crop-500","single_post_gallery_size":"crop-500"}],"trending_post":"0","trending_post_position":"meta","trending_post_label":"Trending","sponsored_post":"0","sponsored_post_label":"Sponsored by","sponsored_post_name":"","sponsored_post_url":"","sponsored_post_logo_enable":"0","sponsored_post_logo":"","sponsored_post_desc":"","disable_ad":"0"},"jnews_primary_category":{"id":"","hide":""},"_joinchat":[],"footnotes":""},"categories":[58],"tags":[108,71],"class_list":["post-20660","post","type-post","status-publish","format-standard","has-post-thumbnail","hentry","category-noticiariachuelo","tag-comunicacion-popular","tag-de-la-tierra"],"_links":{"self":[{"href":"http:\/\/fmriachuelo.it10.com.ar\/index.php\/wp-json\/wp\/v2\/posts\/20660","targetHints":{"allow":["GET"]}}],"collection":[{"href":"http:\/\/fmriachuelo.it10.com.ar\/index.php\/wp-json\/wp\/v2\/posts"}],"about":[{"href":"http:\/\/fmriachuelo.it10.com.ar\/index.php\/wp-json\/wp\/v2\/types\/post"}],"author":[{"embeddable":true,"href":"http:\/\/fmriachuelo.it10.com.ar\/index.php\/wp-json\/wp\/v2\/users\/1"}],"replies":[{"embeddable":true,"href":"http:\/\/fmriachuelo.it10.com.ar\/index.php\/wp-json\/wp\/v2\/comments?post=20660"}],"version-history":[{"count":2,"href":"http:\/\/fmriachuelo.it10.com.ar\/index.php\/wp-json\/wp\/v2\/posts\/20660\/revisions"}],"predecessor-version":[{"id":23097,"href":"http:\/\/fmriachuelo.it10.com.ar\/index.php\/wp-json\/wp\/v2\/posts\/20660\/revisions\/23097"}],"wp:featuredmedia":[{"embeddable":true,"href":"http:\/\/fmriachuelo.it10.com.ar\/index.php\/wp-json\/wp\/v2\/media\/20842"}],"wp:attachment":[{"href":"http:\/\/fmriachuelo.it10.com.ar\/index.php\/wp-json\/wp\/v2\/media?parent=20660"}],"wp:term":[{"taxonomy":"category","embeddable":true,"href":"http:\/\/fmriachuelo.it10.com.ar\/index.php\/wp-json\/wp\/v2\/categories?post=20660"},{"taxonomy":"post_tag","embeddable":true,"href":"http:\/\/fmriachuelo.it10.com.ar\/index.php\/wp-json\/wp\/v2\/tags?post=20660"}],"curies":[{"name":"wp","href":"https:\/\/api.w.org\/{rel}","templated":true}]}}