{"id":20601,"date":"2023-04-14T02:19:00","date_gmt":"2023-04-14T02:19:00","guid":{"rendered":"http:\/\/fmriachuelo.com.ar\/?p=20601"},"modified":"2025-02-26T12:39:21","modified_gmt":"2025-02-26T15:39:21","slug":"4to-encuentro-plurinacional-de-argentina-en-la-plata","status":"publish","type":"post","link":"http:\/\/fmriachuelo.it10.com.ar\/index.php\/2023\/04\/14\/4to-encuentro-plurinacional-de-argentina-en-la-plata\/","title":{"rendered":"4to ENCUENTRO  PLURINACIONAL  DE ARGENTINA EN LA PLATA"},"content":{"rendered":"<p><strong>[FM Riachuelo, 13\/04\/2023] El 15 y 16 de Abril del corriente a\u00f1o se desarrollar\u00e1 en La Plata el 4\u00ba Encuentro Plurinacional de Argentina. El mismo se llevar\u00e1 a cabo para repensarnos, intercambiar saberes, conocimientos, experiencias y generar propuestas en v\u00edas a la construcci\u00f3n de un Estado que reconozca la diversidad pluricultural de nuestra sociedad. A 40 a\u00f1os de la recuperaci\u00f3n de la Democracia es necesario reconocer a todos los pueblos que habitamos esta Argentina Plurinacional.<\/strong><\/p>\n<p>La <strong>Facultad de Periodismo y Comunicaci\u00f3n Social de la (UNLP)<\/strong> ubicada en diagonal 113 esquina 63, ser\u00e1 la sede del encuentro. La primera jornada tendr\u00e1 lugar el d\u00eda s\u00e1bado 15 a partir de las 9 horas, comenzando con una <strong>\u00abCeremonia Pluricultural\u00bb,<\/strong> realizada por l\u00edderes y referentes espirituales de diversas culturas y pueblos naciones, para luego dar inicio a los 10 talleres que se desarrollar\u00e1n con tem\u00e1ticas variadas.<\/p>\n<p>La segunda jornada se llevar\u00e1 a cabo el d\u00eda siguiente, domingo 16 a partir de las 14 horas, donde se realizar\u00e1 el <strong>Festival Plurinacional<\/strong> y la lectura de las conclusiones de los talleres. El mismo se realizar\u00e1 en el <strong>Centro Cultural Daniel Omar Favero<\/strong>, ubicado en calle 117 y 40, ciudad de La Plata.\u00a0Los talleres son con entrada libre y gratuita.<\/p>\n<p><a href=\"https:\/\/forms.gle\/gPZNAF5cAZVNWSYD7\">ENLACE DE INSCRIPCION <\/a><\/p>\n<p><em>\u00abNuestra lucha es por Memoria, Verdad, Justicia, Territorio, Identidad y Soberan\u00eda para nuestros Pueblos; construyendo el camino hac\u00eda una Argentina Plurinacional.<\/em><br \/>\n<em> Invitamos a todos a participar de este gran encuentro para hermanarnos y luchar todos juntos para lograr nuestro Buen Vivir y recuperar nuestras ra\u00edces.\u00bb<\/em><\/p>\n<p>&nbsp;<\/p>\n<p><a href=\"https:\/\/ar.radiocut.fm\/audiocut\/4to-encuentro-plurinacional-argentina-en-plata\/\">Escucha el informe completo<\/a><\/p>\n","protected":false},"excerpt":{"rendered":"<p>[FM Riachuelo, 13\/04\/2023] El 15 y 16 de Abril del corriente a\u00f1o se desarrollar\u00e1 en La Plata el 4\u00ba Encuentro Plurinacional de Argentina. El mismo se llevar\u00e1 a cabo para repensarnos, intercambiar saberes, conocimientos, experiencias y generar propuestas en v\u00edas a la construcci\u00f3n de un Estado que reconozca la diversidad pluricultural de nuestra sociedad. A [&hellip;]<\/p>\n","protected":false},"author":1,"featured_media":20602,"comment_status":"closed","ping_status":"closed","sticky":false,"template":"","format":"standard","meta":{"_monsterinsights_skip_tracking":false,"_monsterinsights_sitenote_active":false,"_monsterinsights_sitenote_note":"","_monsterinsights_sitenote_category":0,"jnews-multi-image_gallery":[],"jnews_single_post":{"format":"standard"},"jnews_primary_category":[],"_joinchat":[],"footnotes":""},"categories":[58],"tags":[151,70,72],"class_list":["post-20601","post","type-post","status-publish","format-standard","has-post-thumbnail","hentry","category-noticiariachuelo","tag-ddhh","tag-de-la-patria-grande","tag-historia-de-la-lucha-de-los-pueblos"],"_links":{"self":[{"href":"http:\/\/fmriachuelo.it10.com.ar\/index.php\/wp-json\/wp\/v2\/posts\/20601","targetHints":{"allow":["GET"]}}],"collection":[{"href":"http:\/\/fmriachuelo.it10.com.ar\/index.php\/wp-json\/wp\/v2\/posts"}],"about":[{"href":"http:\/\/fmriachuelo.it10.com.ar\/index.php\/wp-json\/wp\/v2\/types\/post"}],"author":[{"embeddable":true,"href":"http:\/\/fmriachuelo.it10.com.ar\/index.php\/wp-json\/wp\/v2\/users\/1"}],"replies":[{"embeddable":true,"href":"http:\/\/fmriachuelo.it10.com.ar\/index.php\/wp-json\/wp\/v2\/comments?post=20601"}],"version-history":[{"count":1,"href":"http:\/\/fmriachuelo.it10.com.ar\/index.php\/wp-json\/wp\/v2\/posts\/20601\/revisions"}],"predecessor-version":[{"id":22106,"href":"http:\/\/fmriachuelo.it10.com.ar\/index.php\/wp-json\/wp\/v2\/posts\/20601\/revisions\/22106"}],"wp:featuredmedia":[{"embeddable":true,"href":"http:\/\/fmriachuelo.it10.com.ar\/index.php\/wp-json\/wp\/v2\/media\/20602"}],"wp:attachment":[{"href":"http:\/\/fmriachuelo.it10.com.ar\/index.php\/wp-json\/wp\/v2\/media?parent=20601"}],"wp:term":[{"taxonomy":"category","embeddable":true,"href":"http:\/\/fmriachuelo.it10.com.ar\/index.php\/wp-json\/wp\/v2\/categories?post=20601"},{"taxonomy":"post_tag","embeddable":true,"href":"http:\/\/fmriachuelo.it10.com.ar\/index.php\/wp-json\/wp\/v2\/tags?post=20601"}],"curies":[{"name":"wp","href":"https:\/\/api.w.org\/{rel}","templated":true}]}}